{"id":128859,"date":"2026-08-19T05:49:23","date_gmt":"2026-08-19T11:49:23","guid":{"rendered":"https:\/\/losperiodistas.com.mx\/portal\/?p=128859"},"modified":"2026-08-19T05:49:24","modified_gmt":"2026-08-19T11:49:24","slug":"mas-alla-de-andy-lopez-beltran-otros-politicos-y-funcionarios-que-senalan-los-dos-testigos-en-el-caso-de-huachicol-fiscal-infobae","status":"publish","type":"post","link":"https:\/\/losperiodistas.com.mx\/portal\/mas-alla-de-andy-lopez-beltran-otros-politicos-y-funcionarios-que-senalan-los-dos-testigos-en-el-caso-de-huachicol-fiscal-infobae\/","title":{"rendered":"M\u00e1s all\u00e1 de Andy L\u00f3pez Beltr\u00e1n: otros pol\u00edticos y funcionarios que se\u00f1alan los dos testigos en el caso de huachicol fiscal | Infobae"},"content":{"rendered":"\n<h2 class=\"wp-block-heading has-medium-font-size\">Los \u00fanicos detenidos en la red de huachicol fiscal son los hermanos Far\u00edas Laguna<\/h2>\n\n\n\n<figure class=\"wp-block-image size-full\"><img fetchpriority=\"high\" decoding=\"async\" width=\"992\" height=\"558\" src=\"https:\/\/losperiodistas.com.mx\/portal\/wp-content\/uploads\/2026\/08\/4TAE6YI6OFETLGX52HHCRSIYJY.jpg\" alt=\"\" class=\"wp-image-128860\" srcset=\"https:\/\/losperiodistas.com.mx\/portal\/wp-content\/uploads\/2026\/08\/4TAE6YI6OFETLGX52HHCRSIYJY.jpg 992w, https:\/\/losperiodistas.com.mx\/portal\/wp-content\/uploads\/2026\/08\/4TAE6YI6OFETLGX52HHCRSIYJY-300x169.jpg 300w, https:\/\/losperiodistas.com.mx\/portal\/wp-content\/uploads\/2026\/08\/4TAE6YI6OFETLGX52HHCRSIYJY-768x432.jpg 768w\" sizes=\"(max-width: 992px) 100vw, 992px\" \/><figcaption class=\"wp-element-caption\">Andy L\u00f3pez Beltr\u00e1n no es el \u00fanico mencionado por testigos en la trama del huachicol fiscal. (Foto: IG: Andy L\u00f3pez Beltr\u00e1n)<\/figcaption><\/figure>\n\n\n\n<p class=\"has-medium-font-size\"><strong>Por <a href=\"https:\/\/www.infobae.com\/autor\/anayeli-tapia-sandoval\/\">Anayeli Tapia Sandoval<\/a> \/ Infobae<\/strong><\/p>\n\n\n\n<p>Los&nbsp;<strong>testigos<\/strong>&nbsp;que declararon ante la<strong>&nbsp;Fiscal\u00eda General de la Rep\u00fablica (FGR)<\/strong>&nbsp;en el caso de los&nbsp;<strong>hermanos Far\u00edas Laguna<\/strong>&nbsp;no solo se\u00f1alan a&nbsp;<strong>Andr\u00e9s Manuel L\u00f3pez Beltr\u00e1n<\/strong>&nbsp;como presunto facilitador de operaciones de huachicol fiscal, sino tambi\u00e9n a otros pol\u00edticos y funcionarios que, hasta la fecha, ninguno habr\u00eda sido citado a declarar. Los \u00fanicos detenidos en toda la trama son los dos marinos que la Fiscal\u00eda presenta como las cabecillas de dicha red.<\/p>\n\n\n\n<p><a href=\"https:\/\/www.infobae.com\/mexico\/2026\/08\/18\/sheinbaum-niega-que-andy-lopez-beltran-estuviera-en-el-radar-por-huachicol-y-afirma-que-mexico-no-ha-pedido-informacion-a-eeuu-sobre-retiro-de-visas\/\" target=\"_blank\" rel=\"noreferrer noopener\"><\/a><\/p>\n\n\n\n<figure class=\"wp-block-image\"><a class=\"recommended-card recommended-card--infobae recommended-card--first\" href=\"https:\/\/www.infobae.com\/mexico\/2026\/08\/18\/sheinbaum-niega-que-andy-lopez-beltran-estuviera-en-el-radar-por-huachicol-y-afirma-que-mexico-no-ha-pedido-informacion-a-eeuu-sobre-retiro-de-visas\/\" target=\"_blank\" rel=\"noreferrer noopener\"><img decoding=\"async\" src=\"https:\/\/www.infobae.com\/resizer\/v2\/GK2BYNT3URBQFD5MYFMMU5U7QQ.png?auth=5370d814781a6d1c7e8f2e0c2a498b611fe8af387f12c1a3b20c9f4cbc03b5bb&amp;smart=true&amp;width=256&amp;height=140&amp;quality=85\" alt=\"M\u00e9xico no ha pedido informaci\u00f3n a EEUU sobre retiro de visas: Sheinbaum niega que Andy L\u00f3pez Beltr\u00e1n est\u00e9 \u2018en el radar\u2019 por huachicol\"\/><\/a><\/figure>\n\n\n\n<p><a href=\"https:\/\/www.infobae.com\/mexico\/2026\/08\/18\/sheinbaum-niega-que-andy-lopez-beltran-estuviera-en-el-radar-por-huachicol-y-afirma-que-mexico-no-ha-pedido-informacion-a-eeuu-sobre-retiro-de-visas\/\" target=\"_blank\" rel=\"noreferrer noopener\">Te puede interesar:<strong>M\u00e9xico no ha pedido informaci\u00f3n a EEUU sobre retiro de visas: Sheinbaum niega que Andy L\u00f3pez Beltr\u00e1n est\u00e9 \u2018en el radar\u2019 por huachicol<\/strong><\/a><a href=\"https:\/\/www.infobae.com\/mexico\/2026\/08\/18\/sheinbaum-niega-que-andy-lopez-beltran-estuviera-en-el-radar-por-huachicol-y-afirma-que-mexico-no-ha-pedido-informacion-a-eeuu-sobre-retiro-de-visas\/\" target=\"_blank\" rel=\"noreferrer noopener\"><\/a><\/p>\n\n\n\n<p>El expediente de la causa penal 325\/2025, que investiga a los hermanos&nbsp;<strong>Manuel Roberto y Fernando Far\u00edas Laguna<\/strong>&nbsp;por delincuencia organizada y contrabando de hidrocarburos, contiene al menos&nbsp;<strong>dos declaraciones de testigos&nbsp;<\/strong>distintos que trazan una cadena de protecci\u00f3n pol\u00edtica.<\/p>\n\n\n\n<p>Seg\u00fan las investigaciones, el da\u00f1o al erario por evasi\u00f3n de impuestos y aranceles en la red de huachicol fiscal asciende, seg\u00fan las indagatorias, a\u00a0<strong>177,000 millones de pesos<\/strong>. La cuota que la red cobraba por cada buque que atracaba con combustible ilegal era de\u00a0<strong>1 mill\u00f3n 750,000 pesos<\/strong>.<a href=\"https:\/\/www.infobae.com\/mexico\/2026\/08\/19\/tiktoker-insulta-a-emma-coronel-en-transmision-en-vivo-asi-reacciono-cuando-se-entero-que-era-la-esposa-de-el-chapo\/\" target=\"_blank\" rel=\"noreferrer noopener\"><\/a><\/p>\n\n\n\n<h2 class=\"wp-block-heading\" id=\"quienes-son-los-dos-testigos-y-que-dijeron\">\u00bfQui\u00e9nes son los dos testigos y qu\u00e9 dijeron?<\/h2>\n\n\n\n<p><img decoding=\"async\" alt=\"Imagen editorial fusionada de un hombre detenido por agentes de la PFA e Interpol, con el rostro cubierto, junto a un buque carguero 'Challenge Procyon' en un puerto, y un reloj con calendario.\" height=\"1536\" width=\"2752\" src=\"https:\/\/www.infobae.com\/resizer\/v2\/KZC6JYVECVB2BIRIGJCMAWETDQ.png?auth=247194f0763cd947ab001f8e1aa17252d24fd09e1392e74cfa2098f1c42a1293&amp;smart=true&amp;width=350&amp;height=195&amp;quality=85\">El contralmirante mexicano Fernando Far\u00edas Laguna es escoltado por agentes de la PFA e Interpol en Argentina, en un caso relacionado con el tr\u00e1fico de hidrocarburos y el buque Challenge Procyon. (Imagen Ilustrativa Infobae)<\/p>\n\n\n\n<p>El primero de los testimonios proviene del testigo protegido con clave<strong>&nbsp;\u201cSanto\u201d,<\/strong>&nbsp;identificado por el periodista Arturo \u00c1ngel como el<strong>&nbsp;capit\u00e1n Alejandro Torres Joaqu\u00edn<\/strong>, exdirector de la aduana de Tampico.<\/p>\n\n\n\n<p>En un escrito entregado a la FGR el 13 de mayo de 2025, Torres relat\u00f3 que, tras el aseguramiento del<strong>&nbsp;buque Challenge Procyon&nbsp;<\/strong>en Tampico con 10 millones de litros de di\u00e9sel de contrabando, contact\u00f3 a operadores de la red para advertirles que los involucrados \u201ctienen miedo de su situaci\u00f3n\u201d. La respuesta que recibi\u00f3 fue que se trataba de un \u201cchoque pol\u00edtico\u201d entre el secretario de Seguridad, Omar Garc\u00eda Harfuh, y<strong>&nbsp;\u201cel hijo del presidente\u201d<\/strong>, pero que \u201cya llegaron a un acuerdo\u201d.<\/p>\n\n\n\n<p><a href=\"https:\/\/www.infobae.com\/mexico\/2026\/08\/17\/jorge-romero-afirma-que-amlo-conocia-las-supuestas-actividades-ilicitas-de-andy-lopez-beltran\/\" target=\"_blank\" rel=\"noreferrer noopener\"><\/a><\/p>\n\n\n\n<figure class=\"wp-block-image\"><a class=\"recommended-card recommended-card--infobae recommended-card--first\" href=\"https:\/\/www.infobae.com\/mexico\/2026\/08\/17\/jorge-romero-afirma-que-amlo-conocia-las-supuestas-actividades-ilicitas-de-andy-lopez-beltran\/\" target=\"_blank\" rel=\"noreferrer noopener\"><img decoding=\"async\" src=\"https:\/\/www.infobae.com\/resizer\/v2\/XKJEM4TWW5GIHLCMTYFQAD3D5I.jpg?auth=391dca6f76a836b9188d7802d6a6bf6f5fdccb3a2729b3c5b1b8cce6d9274f0e&amp;smart=true&amp;width=256&amp;height=140&amp;quality=85\" alt=\"Jorge Romero afirma que AMLO conoc\u00eda las supuestas actividades il\u00edcitas de Andy L\u00f3pez Beltr\u00e1n\"\/><\/a><\/figure>\n\n\n\n<p><a href=\"https:\/\/www.infobae.com\/mexico\/2026\/08\/17\/jorge-romero-afirma-que-amlo-conocia-las-supuestas-actividades-ilicitas-de-andy-lopez-beltran\/\" target=\"_blank\" rel=\"noreferrer noopener\">Te puede interesar:<strong>Jorge Romero afirma que AMLO conoc\u00eda las supuestas actividades il\u00edcitas de Andy L\u00f3pez Beltr\u00e1n<\/strong><\/a><a href=\"https:\/\/www.infobae.com\/mexico\/2026\/08\/17\/jorge-romero-afirma-que-amlo-conocia-las-supuestas-actividades-ilicitas-de-andy-lopez-beltran\/\" target=\"_blank\" rel=\"noreferrer noopener\"><\/a><\/p>\n\n\n\n<p><\/p>\n\n\n\n<p>En ese mismo testimonio, Santo describe el muelle al que llegaban los buques, a qui\u00e9n estaba concesionado y la relaci\u00f3n entre ese concesionario y el senador&nbsp;<strong>Ad\u00e1n Augusto L\u00f3pez<\/strong>&nbsp;<strong>Hern\u00e1ndez<\/strong>.<img decoding=\"async\" alt=\"Ad\u00e1n Augusto L\u00f3pez Hern\u00e1ndez es otro de los mencionados por los testigos. \n(FOTO: YERANIA ROL\u00d3N\/CUARTOSCURO.COM)\" height=\"1080\" width=\"1920\" src=\"https:\/\/www.infobae.com\/resizer\/v2\/6ASN66S2F5HYLKKTPW5F5VVQJ4.jpg?auth=2e799ae8c6472718aa2f663ea49102ada0c02c0546de544072901697b26e77ac&amp;smart=true&amp;width=350&amp;height=197&amp;quality=85\">Ad\u00e1n Augusto L\u00f3pez Hern\u00e1ndez es otro de los mencionados por los testigos. (FOTO: YERANIA ROL\u00d3N\/CUARTOSCURO.COM)<\/p>\n\n\n\n<p>Epigmenio Mendieta lo precis\u00f3 en entrevista con<em>&nbsp;Radio F\u00f3rmula&nbsp;<\/em>este martes 18 de agosto: \u201c\u00c9l explica a d\u00f3nde llegaron los barcos, a qu\u00e9 muelle, qui\u00e9n est\u00e1 concesionado ese muelle y de ah\u00ed sale la relaci\u00f3n que tiene el concesionario de ese muelle con el senador de la Rep\u00fablica\u201d.<\/p>\n\n\n\n<p>El&nbsp;<strong>segundo testimonio<\/strong>&nbsp;proviene de&nbsp;<strong>Juan Carlos Soto Pich\u00e1<\/strong>&nbsp;(JCSP), subdirector de Operaciones Aduaneras de Guaymas, quien declar\u00f3 como testigo en calidad distinta a la de protegido. Su relato se concentra en la operaci\u00f3n del 21 de marzo de 2025 con el buque cisterna&nbsp;<strong>Torm Agnes<\/strong>, que transportaba di\u00e9sel disfrazado como aditivo de aceite con destino a Intanza, empresa identificada por tres fuentes de seguridad mexicanas y por la agencia&nbsp;<em>Reuters&nbsp;<\/em>como presunta fachada del&nbsp;<strong>C\u00e1rtel Jalisco Nueva Generaci\u00f3n (CJNG)<\/strong>.<\/p>\n\n\n\n<h2 class=\"wp-block-heading\" id=\"&quot;era-un-tema-de-andy&quot;:-la-llamada-al-secretario-de-marina\">\u201cEra un tema de Andy\u201d: la llamada al secretario de Marina<\/h2>\n\n\n\n<p><img loading=\"lazy\" decoding=\"async\" alt=\"Andy L\u00f3pez Beltr\u00e1n.  \nCr\u00e9dito: X \/ @Juan_OrtizMX\" height=\"1080\" width=\"1929\" src=\"https:\/\/www.infobae.com\/resizer\/v2\/H7VDP2243RCL7OISVDGZRXBZEM.jpg?auth=3a072fdf8b2f50a76776839925cb8fb5f4484a43a01defde6f08519d496ecd40&amp;smart=true&amp;width=350&amp;height=196&amp;quality=85\">Andy L\u00f3pez Beltr\u00e1n. Cr\u00e9dito: X \/ @Juan_OrtizMX<\/p>\n\n\n\n<p>Cuando el decomiso simult\u00e1neo del Challenge Procyon en Tampico encendi\u00f3 las alarmas en la Secretar\u00eda de Marina y la fiscal\u00eda envi\u00f3 agentes al puerto de Guaymas, el capit\u00e1n Miguel \u00c1ngel Solano Ruiz, alias&nbsp;<strong>Mike o capit\u00e1n Sol<\/strong>, tranquiliz\u00f3 al testigo que consideraba la operaci\u00f3n perdida.<\/p>\n\n\n\n<p>La cita que recoge el expediente es puntual:&nbsp;<strong>\u201cYa le iban a hablar al secretario de Marina para decirle que era un tema de Andy, a ver si a \u00e9l no le hac\u00edan caso\u201d.<\/strong><\/p>\n\n\n\n<p>La operaci\u00f3n result\u00f3 exitosa. En 90 minutos el<strong>&nbsp;Torm Agnes sali\u00f3 de la zona de amarre e inici\u00f3 maniobras de zarpe<\/strong>. Cuando los agentes de la fiscal\u00eda llegaron a exigir una inspecci\u00f3n, el capit\u00e1n les respondi\u00f3 que el barco ya estaba en maniobras y la mercanc\u00eda hab\u00eda sido desaduanada.<\/p>\n\n\n\n<p>El abogado Mendieta subray\u00f3 el dato temporal que ancla ese episodio: \u201cEstamos hablando del a\u00f1o&nbsp;<strong>2025<\/strong>, del&nbsp;<strong>nuevo secretario de Marina<\/strong>\u201d. El titular de la dependencia en ese momento era&nbsp;<strong>Raymundo Morales<\/strong>, quien sigue en el cargo.<\/p>\n\n\n\n<p>\u201cCon la finalidad de ubicarnos perfectamente en el tiempo, esto me dice que ah\u00ed tendr\u00edan que ser citados el anterior secretario de Marina,<strong>&nbsp;Rafael Ojeda Dur\u00e1n,<\/strong>&nbsp;y tambi\u00e9n el actual. Sin embargo, tengo la seguridad de que la Fiscal\u00eda General de la Rep\u00fablica no los va a incomodar con un citatorio\u201d, mencion\u00f3.<\/p>\n\n\n\n<h2 class=\"wp-block-heading\" id=\"una-operacion-de-estado-que-requeria-siete-dependencias-alineadas\">Una operaci\u00f3n de Estado que requer\u00eda siete dependencias alineadas<\/h2>\n\n\n\n<p><img loading=\"lazy\" decoding=\"async\" alt=\"Operativo federal en Tamaulipas inmoviliza un buque en el puerto de Tampico.\nCr\u00e9ditos: SEMAR\" height=\"1080\" width=\"1920\" src=\"https:\/\/www.infobae.com\/resizer\/v2\/CSXVHA6HEBC57IQOTJ6334LW4Y.jpg?auth=229da3952646ddfe319add34c3103cddd616335b69b038671a55c59638f3b88b&amp;smart=true&amp;width=350&amp;height=197&amp;quality=85\">Buque con huachicol en Tamaulipas. Cr\u00e9ditos: SEMAR<\/p>\n\n\n\n<p>Fernando Far\u00edas declar\u00f3 que la red no pudo haber sido&nbsp;<strong>obra de dos marinos de mando medio<\/strong>&nbsp;con funciones administrativas. \u201cEsto es una operaci\u00f3n de Estado\u201d, dijo.<\/p>\n\n\n\n<p>El propio testigo protegido JCSP describi\u00f3 en su declaraci\u00f3n ministerial, seg\u00fan el reportaje de Arturo \u00c1ngel en&nbsp;<em>Entorno MX<\/em>, la estructura de complicidades que requer\u00eda el esquema:<strong>&nbsp;\u201cCapitan\u00eda de puerto, ASIPONA, aduana, agencia naviera, agencia aduanal, la transportista\u2026 todos est\u00e1n alineados\u201d.<\/strong><\/p>\n\n\n\n<p>Mendieta desarroll\u00f3 ese mismo argumento ante Pepe C\u00e1rdenas de&nbsp;<em>F\u00f3rmula<\/em>:&nbsp;<strong>\u201cNo puede ser que siete dependencias, a trav\u00e9s de sus distintos funcionarios, no tuvieran ning\u00fan mecanismo para poder controlar, detener o impedir que llegaran buques de esta naturaleza\u201d.<\/strong><\/p>\n\n\n\n<p>La FGR, no obstante, solo ha imputado a los hermanos Far\u00edas y a una docena de operadores. Ning\u00fan titular de dependencia ha sido citado.<\/p>\n\n\n\n<p>La periodista&nbsp;<strong>Peniley Ram\u00edrez<\/strong>&nbsp;confirm\u00f3 en su columna del 15 de agosto en&nbsp;<em>Reforma<\/em>&nbsp;que el expediente contiene adem\u00e1s al menos una transferencia de dinero desde una empresa facturera hacia una cuenta en el primer c\u00edrculo de&nbsp;<strong>Andy L\u00f3pez Beltr\u00e1n.<\/strong><\/p>\n\n\n\n<h2 class=\"wp-block-heading\" id=\"los-hermanos-farias-lagunas-los-unicos-detenidos\">Los hermanos Far\u00edas Lagunas, los \u00fanicos detenidos<\/h2>\n\n\n\n<p><img loading=\"lazy\" decoding=\"async\" alt=\"Manuel Farias Laguna\" height=\"1080\" width=\"1920\" src=\"https:\/\/www.infobae.com\/resizer\/v2\/PDIUAY42YRDITA3PXL3XZZMUJA.jpg?auth=af1eebc958edf1abfedf35d67341d5afdb3fc3c5870c0dd56cb0deb975dadf6d&amp;smart=true&amp;width=350&amp;height=197&amp;quality=85\">Foto: Especial<\/p>\n\n\n\n<p>La FGR acusa a los hermanos Far\u00edas de encabezar&nbsp;<strong>\u201cLos Primos\u201d<\/strong>, una red que tom\u00f3 el control de \u00e1reas estrat\u00e9gicas de la&nbsp;<strong>Agencia Nacional de Aduanas de M\u00e9xico<\/strong>&nbsp;aprovechando sus cargos en la Secretar\u00eda de Marina.<\/p>\n\n\n\n<p>Manuel Roberto, vicealmirante y el segundo en la escala jer\u00e1rquica de la dependencia, fue<strong>&nbsp;detenido en septiembre de 2025<\/strong>&nbsp;y permanece en el penal de m\u00e1xima seguridad del Altiplano. Fernando, contralmirante identificado como l\u00edder operativo de la red, huy\u00f3 a&nbsp;<strong>Argentina&nbsp;<\/strong>con pasaporte guatemalteco falso a nombre de Luis Lemus Ramos y fue capturado en el barrio de Palermo, Buenos Aires, el&nbsp;<strong>23 de abril de 2026.&nbsp;<\/strong>Su extradici\u00f3n tiene audiencia preliminar programada para el 27 de agosto.<\/p>\n\n\n\n<p>Desde El Altiplano, Manuel Roberto ha enviado<strong>&nbsp;cartas a la presidenta Claudia Sheinbaum&nbsp;<\/strong>denunciando irregularidades en su proceso. En una de ellas escribi\u00f3 que \u201centre sus compa\u00f1eros de partido est\u00e1n los culpables\u201d. Fernando declar\u00f3 ante el juez federal en Buenos Aires que teme por su vida si regresa a M\u00e9xico: ocho personas relacionadas con la investigaci\u00f3n han muerto en circunstancias que su defensa califica de sospechosas.<img loading=\"lazy\" decoding=\"async\" alt=\"Fernando Far\u00edas Laguna detenci\u00f3n Argentina\" height=\"1218\" width=\"1582\" src=\"https:\/\/www.infobae.com\/resizer\/v2\/JUXIFLKL3ZGKJFRXOOE5WBHABE.jpg?auth=0764234071af3452e9704d3a4d1e97ec961dd41d66863778fbf51f5a1e63bdaf&amp;smart=true&amp;width=350&amp;height=269&amp;quality=85\">Fernando Far\u00edas Laguna detenci\u00f3n Argentina (SSPC)<\/p>\n\n\n\n<p>La imputaci\u00f3n formal que la FGR sostiene contra ambos se limita a haber propuesto, nombrado y removido personal de la Marina para colocarlo en posiciones estrat\u00e9gicas dentro de las aduanas. Mendieta lo desmonta con un dato concreto: la FGR ya intervino el celular de&nbsp;<strong>Manuel Roberto<\/strong>&nbsp;y descarg\u00f3 todas sus conversaciones. \u201cNo tiene ninguna conversaci\u00f3n con ninguna operaci\u00f3n de esta naturaleza\u201d, dijo a Uresti.<\/p>\n\n\n\n<p>De acuerdo con el abogado Mendieta, los nombramientos de los titulares de cada aduana, seg\u00fan documentos, est\u00e1n firmados por quien ten\u00eda la responsabilidad institucional de hacerlo:&nbsp;<strong>el secretario de Marina<\/strong>. \u201cLos hermanos Far\u00edas nunca estuvieron adscritos en las aduanas\u201d, dijo,&nbsp;<strong>\u201cy curiosamente empiezan a aparecer los documentos en los que ellos nunca firmaron ninguno de estos nombramientos\u201d.<\/strong><\/p>\n\n\n\n<h2 class=\"wp-block-heading\" id=\"la-fgr-que-desmiente-sin-desmentir\">La FGR que desmiente sin desmentir<\/h2>\n\n\n\n<p>El 17 de agosto, la FGR public\u00f3 en su cuenta de X un comunicado en el que calific\u00f3 de \u201cfalsa\u201d la informaci\u00f3n period\u00edstica sobre testigos con se\u00f1alamientos contra L\u00f3pez Beltr\u00e1n. La dependencia, encabezada por&nbsp;<strong>Ernestina Godoy<\/strong>, precis\u00f3 que&nbsp;<strong>\u201cel Ministerio P\u00fablico de la Federaci\u00f3n no cuenta con ning\u00fan dato de prueba con la fuerza legal necesaria para iniciar una indagatoria al respecto\u201d.<\/strong><img loading=\"lazy\" decoding=\"async\" alt=\"FGR niega la existencia de una investigaci\u00f3n por huachicol en contra de \u201cAndy\u201d L\u00f3pez Beltr\u00e1n. Captura de pantalla.\" height=\"271\" width=\"578\" src=\"https:\/\/www.infobae.com\/resizer\/v2\/FBP2MVX7MZHJDEYYCIIW7JHSZA.png?auth=4d75332b1e73bfeb2adef73bb5d52d1d565d0fbdc75c2d7c1125b9cd4ed0fa0d&amp;smart=true&amp;width=350&amp;height=164&amp;quality=85\">FGR niega la existencia de una investigaci\u00f3n por huachicol en contra de \u201cAndy\u201d L\u00f3pez Beltr\u00e1n. Captura de pantalla.<\/p>\n\n\n\n<p>El comunicado no niega la existencia de los testimonios. Dice que lo que tiene no alcanza la fuerza legal para abrir una indagatoria formal.<\/p>\n\n\n\n<p>El argumento de Mendieta apunta directamente a la&nbsp;<strong>contradicci\u00f3n de la FGR.&nbsp;<\/strong>Si los testimonios son v\u00e1lidos para sostener la imputaci\u00f3n contra los hermanos Far\u00edas, no pueden ser descartados cuando esos mismos testigos nombran a otros&nbsp;<strong>funcionarios.<\/strong><\/p>\n\n\n\n<p>\u201cSi vamos a descalificar el dicho de este testigo porque miente cuando menciona el nombre de dos funcionarios de primer nivel, pues miente entonces en todo momento\u201d, dijo a&nbsp;<em>Radio F\u00f3rmula<\/em>. \u201cCuando menciona los nombres de Manuel Roberto, pues entonces lo que est\u00e1 contando todo el tiempo son mentiras. No solamente cuando menciona el nombre de Ad\u00e1n Augusto o el de Andy\u201d.<\/p>\n\n\n\n<p>A dos de los mencionados en esos testimonios los tienen detenidos. A los otros, dijo Mendieta, \u201cni siquiera los molestan con una declaraci\u00f3n\u201d.<\/p>\n\n\n\n<p>Mendieta fue m\u00e1s directo en su conversaci\u00f3n:\u00a0<strong>\u201cPocas veces vemos que una instituci\u00f3n como la Fiscal\u00eda General de la Rep\u00fablica, por escrito y a trav\u00e9s de un comunicado, nos diga a qui\u00e9n definitivamente no quiere investigar\u201d.<\/strong><\/p>\n\n\n\n<p>Fuente: <a href=\"https:\/\/www.infobae.com\/mexico\/2026\/08\/19\/mas-alla-de-andy-lopez-beltran-otros-politicos-y-funcionarios-que-senalan-los-dos-testigos-en-el-caso-de-huachicol-fiscal\/\">https:\/\/www.infobae.com\/mexico\/2026\/08\/19\/mas-alla-de-andy-lopez-beltran-otros-politicos-y-funcionarios-que-senalan-los-dos-testigos-en-el-caso-de-huachicol-fiscal\/<\/a><a href=\"https:\/\/profile.google.com\/cp\/CgsvbS8wMTI1aDVmaA\" target=\"_blank\" rel=\"noreferrer noopener\"><\/a><\/p>\n","protected":false},"excerpt":{"rendered":"<p>Los \u00fanicos detenidos en la red de huachicol fiscal son los hermanos Far\u00edas Laguna Por Anayeli Tapia Sandoval \/ Infobae [&hellip;]<\/p>\n","protected":false},"author":1,"featured_media":128860,"comment_status":"open","ping_status":"open","sticky":false,"template":"","format":"standard","meta":{"site-sidebar-layout":"default","site-content-layout":"","ast-site-content-layout":"default","site-content-style":"default","site-sidebar-style":"default","ast-global-header-display":"","ast-banner-title-visibility":"","ast-main-header-display":"","ast-hfb-above-header-display":"","ast-hfb-below-header-display":"","ast-hfb-mobile-header-display":"","site-post-title":"","ast-breadcrumbs-content":"","ast-featured-img":"","footer-sml-layout":"","theme-transparent-header-meta":"","adv-header-id-meta":"","stick-header-meta":"","header-above-stick-meta":"","header-main-stick-meta":"","header-below-stick-meta":"","astra-migrate-meta-layouts":"default","ast-page-background-enabled":"default","ast-page-background-meta":{"desktop":{"background-color":"var(--ast-global-color-4)","background-image":"","background-repeat":"repeat","background-position":"center center","background-size":"auto","background-attachment":"scroll","background-type":"","background-media":"","overlay-type":"","overlay-color":"","overlay-opacity":"","overlay-gradient":""},"tablet":{"background-color":"","background-image":"","background-repeat":"repeat","background-position":"center center","background-size":"auto","background-attachment":"scroll","background-type":"","background-media":"","overlay-type":"","overlay-color":"","overlay-opacity":"","overlay-gradient":""},"mobile":{"background-color":"","background-image":"","background-repeat":"repeat","background-position":"center center","background-size":"auto","background-attachment":"scroll","background-type":"","background-media":"","overlay-type":"","overlay-color":"","overlay-opacity":"","overlay-gradient":""}},"ast-content-background-meta":{"desktop":{"background-color":"var(--ast-global-color-5)","background-image":"","background-repeat":"repeat","background-position":"center center","background-size":"auto","background-attachment":"scroll","background-type":"","background-media":"","overlay-type":"","overlay-color":"","overlay-opacity":"","overlay-gradient":""},"tablet":{"background-color":"var(--ast-global-color-5)","background-image":"","background-repeat":"repeat","background-position":"center center","background-size":"auto","background-attachment":"scroll","background-type":"","background-media":"","overlay-type":"","overlay-color":"","overlay-opacity":"","overlay-gradient":""},"mobile":{"background-color":"var(--ast-global-color-5)","background-image":"","background-repeat":"repeat","background-position":"center center","background-size":"auto","background-attachment":"scroll","background-type":"","background-media":"","overlay-type":"","overlay-color":"","overlay-opacity":"","overlay-gradient":""}},"footnotes":""},"categories":[8],"tags":[3590,29829,41532,46851],"class_list":["post-128859","post","type-post","status-publish","format-standard","has-post-thumbnail","hentry","category-noticias","tag-adan-augusto-lopez-hernandez","tag-andy-lopez-beltran","tag-hermanos-farias-laguna","tag-huachicol-fiscal-mexico"],"_links":{"self":[{"href":"https:\/\/losperiodistas.com.mx\/portal\/wp-json\/wp\/v2\/posts\/128859","targetHints":{"allow":["GET"]}}],"collection":[{"href":"https:\/\/losperiodistas.com.mx\/portal\/wp-json\/wp\/v2\/posts"}],"about":[{"href":"https:\/\/losperiodistas.com.mx\/portal\/wp-json\/wp\/v2\/types\/post"}],"author":[{"embeddable":true,"href":"https:\/\/losperiodistas.com.mx\/portal\/wp-json\/wp\/v2\/users\/1"}],"replies":[{"embeddable":true,"href":"https:\/\/losperiodistas.com.mx\/portal\/wp-json\/wp\/v2\/comments?post=128859"}],"version-history":[{"count":1,"href":"https:\/\/losperiodistas.com.mx\/portal\/wp-json\/wp\/v2\/posts\/128859\/revisions"}],"predecessor-version":[{"id":128861,"href":"https:\/\/losperiodistas.com.mx\/portal\/wp-json\/wp\/v2\/posts\/128859\/revisions\/128861"}],"wp:featuredmedia":[{"embeddable":true,"href":"https:\/\/losperiodistas.com.mx\/portal\/wp-json\/wp\/v2\/media\/128860"}],"wp:attachment":[{"href":"https:\/\/losperiodistas.com.mx\/portal\/wp-json\/wp\/v2\/media?parent=128859"}],"wp:term":[{"taxonomy":"category","embeddable":true,"href":"https:\/\/losperiodistas.com.mx\/portal\/wp-json\/wp\/v2\/categories?post=128859"},{"taxonomy":"post_tag","embeddable":true,"href":"https:\/\/losperiodistas.com.mx\/portal\/wp-json\/wp\/v2\/tags?post=128859"}],"curies":[{"name":"wp","href":"https:\/\/api.w.org\/{rel}","templated":true}]}}