{"id":128854,"date":"2026-08-19T00:33:43","date_gmt":"2026-08-19T06:33:43","guid":{"rendered":"https:\/\/losperiodistas.com.mx\/portal\/?p=128854"},"modified":"2026-08-19T00:33:47","modified_gmt":"2026-08-19T06:33:47","slug":"partidos-cruzan-insultos-y-acusaciones-en-la-sesion-del-consejo-general-del-ine-proceso","status":"publish","type":"post","link":"https:\/\/losperiodistas.com.mx\/portal\/partidos-cruzan-insultos-y-acusaciones-en-la-sesion-del-consejo-general-del-ine-proceso\/","title":{"rendered":"Partidos cruzan insultos y acusaciones en la sesi\u00f3n del Consejo General del INE | Proceso"},"content":{"rendered":"\n<p>El retiro de la visa a \u00abAndy\u00bb, los casos de huachicol fiscal y la denuncia en EU de \u00abAlito\u00bb Moreno dominaron el debate en la sesi\u00f3n donde se revisaba la solicitud de presupuesto para 2027<\/p>\n\n\n\n<figure class=\"wp-block-image size-large\"><img fetchpriority=\"high\" decoding=\"async\" width=\"1024\" height=\"649\" src=\"https:\/\/losperiodistas.com.mx\/portal\/wp-content\/uploads\/2026\/08\/SesionINE-1024x649.png\" alt=\"\" class=\"wp-image-128855\" srcset=\"https:\/\/losperiodistas.com.mx\/portal\/wp-content\/uploads\/2026\/08\/SesionINE-1024x649.png 1024w, https:\/\/losperiodistas.com.mx\/portal\/wp-content\/uploads\/2026\/08\/SesionINE-300x190.png 300w, https:\/\/losperiodistas.com.mx\/portal\/wp-content\/uploads\/2026\/08\/SesionINE-768x487.png 768w, https:\/\/losperiodistas.com.mx\/portal\/wp-content\/uploads\/2026\/08\/SesionINE.png 1386w\" sizes=\"(max-width: 1024px) 100vw, 1024px\" \/><figcaption class=\"wp-element-caption\">Sesi\u00f3n en el Consejo General del INE.(Rogelio Morales \/ Cuartoscuro)<\/figcaption><\/figure>\n\n\n\n<p class=\"has-vivid-red-color has-text-color has-link-color wp-elements-dc70b744a6f89486c8bc99aea412aeb0\">Mathieu Tourliere \/ Proceso<\/p>\n\n\n\n<p>Al margen de la discusi\u00f3n sobre el presupuesto de m\u00e1s de 47 mil millones de pesos que el Instituto Nacional Electoral (INE) solicita para el a\u00f1o entrante, la sesi\u00f3n del Consejo General de este martes 18 se convirti\u00f3 en un largo y tedioso campo de batalla verbal entre representantes de partidos de oposici\u00f3n y Morena, quienes se lanzaron ataques incesantes en torno a los temas candentes del momento, incluyendo el retiro de la visa de Andr\u00e9s Manuel L\u00f3pez Beltr\u00e1n por parte del gobierno de Estados Unidos, el huachicol fiscal, as\u00ed como muchos casos de corrupci\u00f3n, atribuidos a ambos bandos, que han quedado impunes.&nbsp;<\/p>\n\n\n\n<p>Durante la larga sesi\u00f3n volaron los insultos de \u201cnarcopol\u00edticos\u201d, \u201cnarcopartido\u201d, \u201centreguista\u201d, \u201cintervencionista\u201d, \u201chip\u00f3critas\u201d, \u201ccobarde\u201d, \u201cantipatri\u00f3tica\u201d, \u201cprimitivos\u201d, \u201csubordinados\u201d, \u201cpericos\u201d, \u201cderecha vendepatrias\u201d, a pesar de los lamentos de los consejeros del INE y de su presidenta, Guadalupe Taddei Zavala, quienes pidieron a los representantes de los partidos pol\u00edticos apegarse a los temas de la orden del d\u00eda.&nbsp;<\/p>\n\n\n\n<p>\u201cEs como ver un p\u00e9simo partido de futbol lo que est\u00e1 pasando\u201d, coment\u00f3, excedido, el consejero Uuc-kib Espadas Ancona despu\u00e9s de una en\u00e9sima refriega, y hasta se puso a ofrecer un consejo de \u201cmedia training\u201d a los representantes de los partidos para que sus mensajes lleguen a su audiencia: \u201cEscojan un n\u00famero limitado de mensajes para transmitir, transm\u00edtanlo a horas h\u00e1biles para los medios y, por lo dem\u00e1s, como se dice t\u00e9cnicamente en castellano, ya no fastidien, por favor\u201d.&nbsp;<\/p>\n\n\n\n<p>El PRI, dirigido por Alejandro Moreno C\u00e1rdenas, hab\u00eda enviado la se\u00f1al inequ\u00edvoca de que transformar\u00eda el Consejo General del INE en un ring, cuando mand\u00f3 como representante al diputado Carlos Eduardo Guti\u00e9rrez Mancilla, quien se ha ilustrado por protagonizar dos ri\u00f1as contra pol\u00edticos de Morena \u2013Gerardo Fern\u00e1ndez Noro\u00f1a y Arturo \u00c1vila Anaya\u2013 en defensa de \u00abAlito\u00bb Moreno, con lo que se gan\u00f3 el apodo de \u00abporro\u00bb del campechano.<\/p>\n\n\n\n<p>Y es que, en su carrera hacia adelante para ostentarse como v\u00edctima de persecuci\u00f3n pol\u00edtica en M\u00e9xico, Moreno present\u00f3 una serie de denuncias en Estados Unidos contra figuras de Morena, pero tambi\u00e9n contra los tres consejeros del INE que integran la Comisi\u00f3n de Quejas y Denuncias, quienes tomaron una medida cautelar para obligarlo a bajar publicaciones en las que se refer\u00eda a Morena como un \u00abnarcopartido\u00bb y a un \u00abnarcogobierno\u00bb, calificativos que se han convertido en el eje principal de su estrategia pol\u00edtica.<\/p>\n\n\n\n<figure class=\"wp-block-embed is-type-rich is-provider-x wp-block-embed-x\"><div class=\"wp-block-embed__wrapper\">\n<blockquote class=\"twitter-tweet\" data-width=\"500\" data-dnt=\"true\"><p lang=\"es\" dir=\"ltr\">\ud83d\udea8El representante del PRI ante el INE, Carlos G. Mancilla, cuestion\u00f3 al morenista Guillermo Santiago por no condenar los se\u00f1alamientos y presuntos delitos atribuidos a integrantes de Morena.<br><br>El priista lanz\u00f3 cuestionamientos sobre los presuntos v\u00ednculos de Andy L\u00f3pez Beltr\u00e1n\u2026<\/p>&mdash; Azucena Uresti (@azucenau) <a href=\"https:\/\/x.com\/azucenau\/status\/2089875917736730838?ref_src=twsrc%5Etfw\">August 19, 2026<\/a><\/blockquote><script async src=\"https:\/\/platform.x.com\/widgets.js\" charset=\"utf-8\"><\/script>\n<\/div><\/figure>\n\n\n\n<p>De hecho, apenas iniciada la sesi\u00f3n, el chiapaneco tom\u00f3 la palabra para lanzar una diatriba contra el \u201cnarcojunior de Andy L\u00f3pez Beltr\u00e1n\u201d, a quien se\u00f1al\u00f3 de estar \u201ccoludido con el crimen organizado\u201d, y continu\u00f3 con agravios contra figuras de Morena y contra el INE, al que acus\u00f3 de \u201cperseguir adjetivos\u201d y de \u201csolapar a los narcopol\u00edticos\u201d.<\/p>\n\n\n\n<figure class=\"wp-block-embed is-type-rich is-provider-x wp-block-embed-x\"><div class=\"wp-block-embed__wrapper\">\n<blockquote class=\"twitter-tweet\" data-width=\"500\" data-dnt=\"true\"><p lang=\"es\" dir=\"ltr\">\ud83d\udea8 \u00bf Intolerancia ? <br><br>La presidenta del INE, Guadalupe Taddei, a fin a Morena, en pocas palabras, amag\u00f3, con mandarle a las patrullas al priista <a href=\"https:\/\/x.com\/CarlosGMancilla?ref_src=twsrc%5Etfw\">@CarlosGMancilla<\/a>. <br><br>Esto tras las cr\u00edticas que lanz\u00f3 a consejeros electorales. <a href=\"https:\/\/t.co\/cpxVJV2uz2\">pic.twitter.com\/cpxVJV2uz2<\/a><\/p>&mdash; Irving (@IrvingPineda) <a href=\"https:\/\/x.com\/IrvingPineda\/status\/2089875104222339448?ref_src=twsrc%5Etfw\">August 19, 2026<\/a><\/blockquote><script async src=\"https:\/\/platform.x.com\/widgets.js\" charset=\"utf-8\"><\/script>\n<\/div><\/figure>\n\n\n\n<p>El diputado sigui\u00f3 con este tono a lo largo de sus numerosas intervenciones en la sesi\u00f3n del consejo, hasta que recibi\u00f3 un rega\u00f1o de Guadalupe Taddei, quien le ley\u00f3 el reglamento para recordarle su obligaci\u00f3n de conducirse \u201ccon respeto y tolerancia hacia los dem\u00e1s integrantes\u201d, a lo que el diputado respondi\u00f3, f\u00farico: \u201cYo no vine aqu\u00ed a hacer amigos, ni de las consejeras, ni de los consejeros\u201d.<\/p>\n\n\n\n<figure class=\"wp-block-embed is-type-rich is-provider-x wp-block-embed-x\"><div class=\"wp-block-embed__wrapper\">\n<blockquote class=\"twitter-tweet\" data-width=\"500\" data-dnt=\"true\"><p lang=\"es\" dir=\"ltr\">Lo que pas\u00f3 en el INE con el nuevo enviado del PRI es inadmisible.<br><br>Autproclamarse &#39;porro&#39;, insultos, groser\u00edas y atacar consejeros.<br><br>El que solo es nota por su violencia, ah\u00ed no iba a recibir golpes, pero s\u00ed una respuesta contundente:<br><br>Es el ejemplo del desprestigio del fuero\ud83d\udc47 <a href=\"https:\/\/t.co\/zr0INg430G\">pic.twitter.com\/zr0INg430G<\/a><\/p>&mdash; Jannet L\u00f3pez Ponce (@Jannet_LP) <a href=\"https:\/\/x.com\/Jannet_LP\/status\/2089921199916614019?ref_src=twsrc%5Etfw\">August 19, 2026<\/a><\/blockquote><script async src=\"https:\/\/platform.x.com\/widgets.js\" charset=\"utf-8\"><\/script>\n<\/div><\/figure>\n\n\n\n<p>Aunque con un tono menos desenfrenado, los representantes de las dem\u00e1s fuerzas pol\u00edticas de oposici\u00f3n \u2013a excepci\u00f3n de Movimiento Ciudadano\u2013 &nbsp;intervinieron para acusar a Morena respecto a los casos de Andr\u00e9s Manuel L\u00f3pez Beltr\u00e1n, del huachicol fiscal o de las campa\u00f1as adelantadas, a lo que los representantes de Morena, Guillermo Rafael Santiago Rodr\u00edguez y Monserrat Ruiz P\u00e1ez, respondieron con un torrente de invectivas y recriminaciones.&nbsp;<\/p>\n\n\n\n<p>El representante del nuevo partido pol\u00edtico nacional Somos M\u00e9xico, Marco Antonio Ba\u00f1os Mart\u00ednez, tambi\u00e9n particip\u00f3 en las grescas, pues anunci\u00f3 que su partido presentar\u00e1 quejas contra la campa\u00f1a adelantada de Andr\u00e9s Manuel L\u00f3pez Beltr\u00e1n por una diputaci\u00f3n en Tabasco por la opaca dispersi\u00f3n de recursos realizada por Morena a trav\u00e9s de Financiera para el Bienestar (Finabien).&nbsp;<\/p>\n\n\n\n<p>Acto seguido, el representante de Morena, Guillermo Santiago, se fue contra Ba\u00f1os con embates personales \u2013se refiri\u00f3 a \u00e9l como \u201cel consejero Monex\u201d\u2013&nbsp;y contra su partido, al que asoci\u00f3 con el exgobernador de Baja California, Ernesto Ruffo Appel, imputado en una investigaci\u00f3n por huachicol fiscal; en respuesta, Ba\u00f1os revir\u00f3 a Santiago que \u201ctiene cerca de 800 bardas pintadas en Tuxtla (Guti\u00e9rrez) y tambi\u00e9n se mueve como junior\u201d.&nbsp;<\/p>\n\n\n\n<p>\u201cNi sus amigos lo aguantan\u201d, le respondi\u00f3 el morenista, quien agreg\u00f3 que \u201cme respaldan 91 mil 201 personas que votaron por m\u00ed, por usted nunca ha votado nadie, m\u00e1s que la \u00e9lite corrupta que gobernaba este pa\u00eds\u201d, a lo que el interesado replic\u00f3 que su interlocutor \u201cno tiene la d\u00e9cima parte de pueblo que yo tengo\u201d.<\/p>\n\n\n\n<p>Fuente: <a href=\"https:\/\/www.proceso.com.mx\/nacional\/2026\/8\/19\/partidos-cruzan-insultos-y-acusaciones-en-la-sesion-del-consejo-general-del-ine-378312.html\" target=\"_blank\" rel=\"noreferrer noopener\">Proceso<\/a><\/p>\n\n\n\n<p><\/p>\n","protected":false},"excerpt":{"rendered":"<p>El retiro de la visa a \u00abAndy\u00bb, los casos de huachicol fiscal y la denuncia en EU de \u00abAlito\u00bb Moreno dominaron el debate en la sesi\u00f3n donde se revisaba la solicitud de presupuesto para 2027<\/p>\n","protected":false},"author":1,"featured_media":128855,"comment_status":"open","ping_status":"open","sticky":false,"template":"","format":"standard","meta":{"site-sidebar-layout":"default","site-content-layout":"","ast-site-content-layout":"default","site-content-style":"default","site-sidebar-style":"default","ast-global-header-display":"","ast-banner-title-visibility":"","ast-main-header-display":"","ast-hfb-above-header-display":"","ast-hfb-below-header-display":"","ast-hfb-mobile-header-display":"","site-post-title":"","ast-breadcrumbs-content":"","ast-featured-img":"","footer-sml-layout":"","theme-transparent-header-meta":"","adv-header-id-meta":"","stick-header-meta":"","header-above-stick-meta":"","header-main-stick-meta":"","header-below-stick-meta":"","astra-migrate-meta-layouts":"default","ast-page-background-enabled":"default","ast-page-background-meta":{"desktop":{"background-color":"var(--ast-global-color-4)","background-image":"","background-repeat":"repeat","background-position":"center center","background-size":"auto","background-attachment":"scroll","background-type":"","background-media":"","overlay-type":"","overlay-color":"","overlay-opacity":"","overlay-gradient":""},"tablet":{"background-color":"","background-image":"","background-repeat":"repeat","background-position":"center center","background-size":"auto","background-attachment":"scroll","background-type":"","background-media":"","overlay-type":"","overlay-color":"","overlay-opacity":"","overlay-gradient":""},"mobile":{"background-color":"","background-image":"","background-repeat":"repeat","background-position":"center center","background-size":"auto","background-attachment":"scroll","background-type":"","background-media":"","overlay-type":"","overlay-color":"","overlay-opacity":"","overlay-gradient":""}},"ast-content-background-meta":{"desktop":{"background-color":"var(--ast-global-color-5)","background-image":"","background-repeat":"repeat","background-position":"center center","background-size":"auto","background-attachment":"scroll","background-type":"","background-media":"","overlay-type":"","overlay-color":"","overlay-opacity":"","overlay-gradient":""},"tablet":{"background-color":"var(--ast-global-color-5)","background-image":"","background-repeat":"repeat","background-position":"center center","background-size":"auto","background-attachment":"scroll","background-type":"","background-media":"","overlay-type":"","overlay-color":"","overlay-opacity":"","overlay-gradient":""},"mobile":{"background-color":"var(--ast-global-color-5)","background-image":"","background-repeat":"repeat","background-position":"center center","background-size":"auto","background-attachment":"scroll","background-type":"","background-media":"","overlay-type":"","overlay-color":"","overlay-opacity":"","overlay-gradient":""}},"footnotes":""},"categories":[8],"tags":[10782,52430,52429,37379,885],"class_list":["post-128854","post","type-post","status-publish","format-standard","has-post-thumbnail","hentry","category-noticias","tag-alito-moreno","tag-andy","tag-consejo-general","tag-huachicol-fiscal","tag-ine"],"_links":{"self":[{"href":"https:\/\/losperiodistas.com.mx\/portal\/wp-json\/wp\/v2\/posts\/128854","targetHints":{"allow":["GET"]}}],"collection":[{"href":"https:\/\/losperiodistas.com.mx\/portal\/wp-json\/wp\/v2\/posts"}],"about":[{"href":"https:\/\/losperiodistas.com.mx\/portal\/wp-json\/wp\/v2\/types\/post"}],"author":[{"embeddable":true,"href":"https:\/\/losperiodistas.com.mx\/portal\/wp-json\/wp\/v2\/users\/1"}],"replies":[{"embeddable":true,"href":"https:\/\/losperiodistas.com.mx\/portal\/wp-json\/wp\/v2\/comments?post=128854"}],"version-history":[{"count":1,"href":"https:\/\/losperiodistas.com.mx\/portal\/wp-json\/wp\/v2\/posts\/128854\/revisions"}],"predecessor-version":[{"id":128856,"href":"https:\/\/losperiodistas.com.mx\/portal\/wp-json\/wp\/v2\/posts\/128854\/revisions\/128856"}],"wp:featuredmedia":[{"embeddable":true,"href":"https:\/\/losperiodistas.com.mx\/portal\/wp-json\/wp\/v2\/media\/128855"}],"wp:attachment":[{"href":"https:\/\/losperiodistas.com.mx\/portal\/wp-json\/wp\/v2\/media?parent=128854"}],"wp:term":[{"taxonomy":"category","embeddable":true,"href":"https:\/\/losperiodistas.com.mx\/portal\/wp-json\/wp\/v2\/categories?post=128854"},{"taxonomy":"post_tag","embeddable":true,"href":"https:\/\/losperiodistas.com.mx\/portal\/wp-json\/wp\/v2\/tags?post=128854"}],"curies":[{"name":"wp","href":"https:\/\/api.w.org\/{rel}","templated":true}]}}