{"id":128847,"date":"2026-08-18T20:49:58","date_gmt":"2026-08-19T02:49:58","guid":{"rendered":"https:\/\/losperiodistas.com.mx\/portal\/?p=128847"},"modified":"2026-08-18T20:50:00","modified_gmt":"2026-08-19T02:50:00","slug":"el-contralmirante-fernando-farias-sera-trasladado-de-argentina-a-mexico-para-enfrentar-la-justicia-por-huachicol-el-pais","status":"publish","type":"post","link":"https:\/\/losperiodistas.com.mx\/portal\/el-contralmirante-fernando-farias-sera-trasladado-de-argentina-a-mexico-para-enfrentar-la-justicia-por-huachicol-el-pais\/","title":{"rendered":"El contralmirante Fernando Far\u00edas ser\u00e1 trasladado de Argentina a M\u00e9xico para enfrentar la justicia por huachicol | El Pa\u00eds"},"content":{"rendered":"\n<p>El hermano de Manuel Roberto, la pieza que faltaba en la trama de huachicol fiscal de la Marina, estaba pr\u00f3fugo pese a su orden de captura. Viajar\u00e1 a Ciudad de M\u00e9xico en las pr\u00f3ximas horas en un proceso de expulsi\u00f3n<\/p>\n\n\n\n<figure class=\"wp-block-image size-large\"><img fetchpriority=\"high\" decoding=\"async\" width=\"1024\" height=\"654\" src=\"https:\/\/losperiodistas.com.mx\/portal\/wp-content\/uploads\/2026\/08\/FariasLagunaArg-1024x654.png\" alt=\"\" class=\"wp-image-128848\" srcset=\"https:\/\/losperiodistas.com.mx\/portal\/wp-content\/uploads\/2026\/08\/FariasLagunaArg-1024x654.png 1024w, https:\/\/losperiodistas.com.mx\/portal\/wp-content\/uploads\/2026\/08\/FariasLagunaArg-300x192.png 300w, https:\/\/losperiodistas.com.mx\/portal\/wp-content\/uploads\/2026\/08\/FariasLagunaArg-768x490.png 768w, https:\/\/losperiodistas.com.mx\/portal\/wp-content\/uploads\/2026\/08\/FariasLagunaArg.png 1320w\" sizes=\"(max-width: 1024px) 100vw, 1024px\" \/><figcaption class=\"wp-element-caption\">Detenci\u00f3n de Fernando Far\u00edas Laguna, en Buenos Aires, Argentina, el 23 de abril. Fiscal\u00eda Argentina<\/figcaption><\/figure>\n\n\n\n<p class=\"has-vivid-red-color has-text-color has-link-color wp-elements-0ca8259775ac41aacee3812ff50ea422\">Micaela Varela \/ El Pa\u00eds<\/p>\n\n\n\n<p>Una de las piezas clave del huachicol fiscal de la Marina regresa a M\u00e9xico para enfrentar la justicia.\u00a0El contralmirante Fernando Far\u00edas Laguna\u00a0ser\u00e1 trasladado a su pa\u00eds para sentarse ante un juez por participar en la red de contrabando de combustible integrada por marinos, empresarios y funcionarios, la mayor red de corrupci\u00f3n del sexenio de Claudia Sheinbaum. \u201cTodav\u00eda no est\u00e1 en traslado, pero todo parece indicar que s\u00ed, que va a haber un traslado. No s\u00e9 si hoy, el d\u00eda de ma\u00f1ana o pasado\u201d, ha dicho la mandataria este lunes en rueda de prensa.<\/p>\n\n\n\n<p>El marino llevaba pr\u00f3fugo de las autoridades desde el pasado octubre, cuando no acudi\u00f3 a su citaci\u00f3n para declarar ante el juzgado y huy\u00f3 a Argentina, donde fue detenido antes de activar los esfuerzos del Gobierno mexicano para solicitar su extradici\u00f3n. Finalmente, el contralmirante ser\u00e1 expulsado por el Gobierno argentino en las pr\u00f3ximas horas, seg\u00fan han confirmado fuentes oficiales.<\/p>\n\n\n\n<p>El contraalmirante est\u00e1 acusado de liderar la red de huachicol fiscal desde la Secretar\u00eda de la Marina de M\u00e9xico y enfrenta cargos por delincuencia organizada con fines de cometer delitos en materia de hidrocarburos, con la posibilidad de cumplir una pena de 20 a 40 a\u00f1os de prisi\u00f3n.\u00a0La trama de contrabando\u00a0la compon\u00edan \u00e9l junto con otros 12 c\u00f3mplices, entre ellos su hermano Manuel Roberto, bajo la presunta protecci\u00f3n del t\u00edo de los hermanos, el entonces secretario de Marina, Jos\u00e9 Rafael Ojeda Dur\u00e1n.<\/p>\n\n\n\n<p>La investigaci\u00f3n apunta a que la red consegu\u00eda introducir barcos con combustible burlando a la Agencia Nacional de Aduanas (ANAM), vali\u00e9ndose de su grado, cargo, relaciones y v\u00ednculos dentro de la Secretar\u00eda de Marina, gestionaron los ascensos y promociones, esto en beneficio de sus propios intereses.<\/p>\n\n\n\n<p>El equipo de abogados de Farias Laguna en M\u00e9xico y su defensa en Argentina hab\u00eda asegurado a EL PA\u00cdS que no exist\u00edan planes para la salida del contraalmirante del pa\u00eds. \u201cDe ninguna manera, pueden decidir sobre su salida del pa\u00eds sin que conste en la causa de extradici\u00f3n. Y en ese sentido, me confirmaron que el proceso extraditorio sigue en pie, sin novedades\u201d, aseguraron a EL PA\u00cdS.<\/p>\n\n\n\n<p>El Gobierno de M\u00e9xico hab\u00eda exigido su deportaci\u00f3n\u00a0alegando que hab\u00eda entrado a Argentina de forma ilegal, y amenaz\u00f3 con llevar el proceso por la v\u00eda de extradici\u00f3n si no se lograba. La estrategia de la defensa era que el contraalmirante solicitara asilo en Argentina, pero al conocerse su detenci\u00f3n, la ministra argentina de Seguridad Nacional, Alejandra Monteoliva, desminti\u00f3 esta posibilidad. \u201cEst\u00e1 detenido y va a ser extraditado. La Argentina no es refugio de criminales\u201d, dijo la titular. Finalmente, las autoridades han optado por la v\u00eda del proceso de expulsi\u00f3n.<\/p>\n\n\n\n<figure class=\"wp-block-image size-full\"><img decoding=\"async\" width=\"980\" height=\"654\" src=\"https:\/\/losperiodistas.com.mx\/portal\/wp-content\/uploads\/2026\/08\/imagen-72.png\" alt=\"\" class=\"wp-image-128849\" srcset=\"https:\/\/losperiodistas.com.mx\/portal\/wp-content\/uploads\/2026\/08\/imagen-72.png 980w, https:\/\/losperiodistas.com.mx\/portal\/wp-content\/uploads\/2026\/08\/imagen-72-300x200.png 300w, https:\/\/losperiodistas.com.mx\/portal\/wp-content\/uploads\/2026\/08\/imagen-72-768x513.png 768w\" sizes=\"(max-width: 980px) 100vw, 980px\" \/><figcaption class=\"wp-element-caption\">Fernando Far\u00edas Laguna en una imagen sin datar.<br>Especial<\/figcaption><\/figure>\n\n\n\n<p>El contralmirante llevaba en el pa\u00eds sudamericano para escapar de la justicia mexicana desde agosto de 2024, cuando vol\u00f3 de M\u00e9xico a Florida, Estados Unidos. Finalmente, las autoridades emitieron una ficha roja de la Interpol con su nombre y consiguieron su captura en Buenos Aires, donde lleg\u00f3 desde Colombia con pasaporte falso de Guatemala. Su equipo de defensa hab\u00eda insistido\u00a0a trav\u00e9s de amparos en que fueran juzgados por la justicia militar,\u00a0ya que ambos hermanos segu\u00edan recibiendo sus salarios de la Secretar\u00eda de la Marina.<\/p>\n\n\n\n<p>El vicealmirante Manuel Roberto Far\u00edas Laguna fue detenido hace casi un a\u00f1o junto a una decena de funcionarios despu\u00e9s de que las autoridades hallaran\u00a0un buque que lleg\u00f3 al puerto de Tampico (Tamaulipas)\u00a0con m\u00e1s de 10 millones de litros de di\u00e9sel de contrabando en junio de 2025, el hilo del que tiraron los investigadores para destapar una red de corrupci\u00f3n colosal.<\/p>\n\n\n\n<p>Desde el penal de m\u00e1xima seguridad del Altiplano, donde aguarda su juicio, el vicealmirante ha enviado varias misivas a la presidenta, Claudia Sheinbaum, para defender su inocencia y pelear por un proceso justo. Este martes, desde Palacio Nacional, la mandataria ha recordado los avances en la lucha contra el huachicol fiscal, acorralada por las acusaciones de que Andr\u00e9s L\u00f3pez Beltr\u00e1n, hijo del expresidente Andr\u00e9s Manuel L\u00f3pez Obrador, tambi\u00e9n est\u00e9 involucrado en estas redes criminales de contrabando.<\/p>\n\n\n\n<p>\u201cPr\u00e1cticamente se termin\u00f3 [el huachicol fiscal]. Gracias a las intervenciones que hemos estado haciendo en aduanas y las detenciones que se hicieron\u201d, ha sentenciado. La expulsi\u00f3n de Far\u00edas Laguna de Argentina coincide con la visita del secretario federal de Seguridad, Omar Garc\u00eda Harfuch, a Buenos Aires para la Conferencia Internacional para el Control de Drogas de la DEA, a la que ha asistido para exponer la estrategia en el combate del crimen organizado de M\u00e9xico.<\/p>\n\n\n\n<p>Fuente: <a href=\"https:\/\/elpais.com\/mexico\/2026-08-18\/el-contralmirante-fernando-farias-laguna-sera-trasladado-de-argentina-a-mexico-para-enfrentar-la-justicia-por-contrabando-de-combustible.html\" target=\"_blank\" rel=\"noreferrer noopener\">El Pa\u00eds<\/a><\/p>\n","protected":false},"excerpt":{"rendered":"<p>El hermano de Manuel Roberto, la pieza que faltaba en la trama de huachicol fiscal de la Marina, estaba pr\u00f3fugo pese a su orden de captura. Viajar\u00e1 a Ciudad de M\u00e9xico en las pr\u00f3ximas horas en un proceso de expulsi\u00f3n<\/p>\n","protected":false},"author":1,"featured_media":128848,"comment_status":"open","ping_status":"open","sticky":false,"template":"","format":"standard","meta":{"site-sidebar-layout":"default","site-content-layout":"","ast-site-content-layout":"default","site-content-style":"default","site-sidebar-style":"default","ast-global-header-display":"","ast-banner-title-visibility":"","ast-main-header-display":"","ast-hfb-above-header-display":"","ast-hfb-below-header-display":"","ast-hfb-mobile-header-display":"","site-post-title":"","ast-breadcrumbs-content":"","ast-featured-img":"","footer-sml-layout":"","theme-transparent-header-meta":"","adv-header-id-meta":"","stick-header-meta":"","header-above-stick-meta":"","header-main-stick-meta":"","header-below-stick-meta":"","astra-migrate-meta-layouts":"default","ast-page-background-enabled":"default","ast-page-background-meta":{"desktop":{"background-color":"var(--ast-global-color-4)","background-image":"","background-repeat":"repeat","background-position":"center center","background-size":"auto","background-attachment":"scroll","background-type":"","background-media":"","overlay-type":"","overlay-color":"","overlay-opacity":"","overlay-gradient":""},"tablet":{"background-color":"","background-image":"","background-repeat":"repeat","background-position":"center center","background-size":"auto","background-attachment":"scroll","background-type":"","background-media":"","overlay-type":"","overlay-color":"","overlay-opacity":"","overlay-gradient":""},"mobile":{"background-color":"","background-image":"","background-repeat":"repeat","background-position":"center center","background-size":"auto","background-attachment":"scroll","background-type":"","background-media":"","overlay-type":"","overlay-color":"","overlay-opacity":"","overlay-gradient":""}},"ast-content-background-meta":{"desktop":{"background-color":"var(--ast-global-color-5)","background-image":"","background-repeat":"repeat","background-position":"center center","background-size":"auto","background-attachment":"scroll","background-type":"","background-media":"","overlay-type":"","overlay-color":"","overlay-opacity":"","overlay-gradient":""},"tablet":{"background-color":"var(--ast-global-color-5)","background-image":"","background-repeat":"repeat","background-position":"center center","background-size":"auto","background-attachment":"scroll","background-type":"","background-media":"","overlay-type":"","overlay-color":"","overlay-opacity":"","overlay-gradient":""},"mobile":{"background-color":"var(--ast-global-color-5)","background-image":"","background-repeat":"repeat","background-position":"center center","background-size":"auto","background-attachment":"scroll","background-type":"","background-media":"","overlay-type":"","overlay-color":"","overlay-opacity":"","overlay-gradient":""}},"footnotes":""},"categories":[8],"tags":[2783,1505,28323,23754,42250,37379,2193],"class_list":["post-128847","post","type-post","status-publish","format-standard","has-post-thumbnail","hentry","category-noticias","tag-argentina","tag-claudia-sheinbaum","tag-expulsion","tag-extradicion","tag-fernando-farias-laguna","tag-huachicol-fiscal","tag-mexico"],"_links":{"self":[{"href":"https:\/\/losperiodistas.com.mx\/portal\/wp-json\/wp\/v2\/posts\/128847","targetHints":{"allow":["GET"]}}],"collection":[{"href":"https:\/\/losperiodistas.com.mx\/portal\/wp-json\/wp\/v2\/posts"}],"about":[{"href":"https:\/\/losperiodistas.com.mx\/portal\/wp-json\/wp\/v2\/types\/post"}],"author":[{"embeddable":true,"href":"https:\/\/losperiodistas.com.mx\/portal\/wp-json\/wp\/v2\/users\/1"}],"replies":[{"embeddable":true,"href":"https:\/\/losperiodistas.com.mx\/portal\/wp-json\/wp\/v2\/comments?post=128847"}],"version-history":[{"count":1,"href":"https:\/\/losperiodistas.com.mx\/portal\/wp-json\/wp\/v2\/posts\/128847\/revisions"}],"predecessor-version":[{"id":128850,"href":"https:\/\/losperiodistas.com.mx\/portal\/wp-json\/wp\/v2\/posts\/128847\/revisions\/128850"}],"wp:featuredmedia":[{"embeddable":true,"href":"https:\/\/losperiodistas.com.mx\/portal\/wp-json\/wp\/v2\/media\/128848"}],"wp:attachment":[{"href":"https:\/\/losperiodistas.com.mx\/portal\/wp-json\/wp\/v2\/media?parent=128847"}],"wp:term":[{"taxonomy":"category","embeddable":true,"href":"https:\/\/losperiodistas.com.mx\/portal\/wp-json\/wp\/v2\/categories?post=128847"},{"taxonomy":"post_tag","embeddable":true,"href":"https:\/\/losperiodistas.com.mx\/portal\/wp-json\/wp\/v2\/tags?post=128847"}],"curies":[{"name":"wp","href":"https:\/\/api.w.org\/{rel}","templated":true}]}}