{"id":12803,"date":"2021-09-08T08:14:29","date_gmt":"2021-09-08T13:14:29","guid":{"rendered":"http:\/\/losperiodistas.com.mx\/portal\/?p=12803"},"modified":"2021-09-08T08:15:01","modified_gmt":"2021-09-08T13:15:01","slug":"mario-vargas-llosa-revela-que-sufrio-acoso-sexual-cuando-tenia-12-anos-huffpost","status":"publish","type":"post","link":"https:\/\/losperiodistas.com.mx\/portal\/mario-vargas-llosa-revela-que-sufrio-acoso-sexual-cuando-tenia-12-anos-huffpost\/","title":{"rendered":"Mario Vargas Llosa revela que sufri\u00f3 acoso sexual cuando ten\u00eda 12 a\u00f1os | HuffPost"},"content":{"rendered":"\n<p style=\"font-size:18px\"><em>El premio Nobel de Literatura 2010 se ha sincerado sobre este incidente en la Feria Virtual del Libro de Cajamarca.<\/em><\/p>\n\n\n\n<p><\/p>\n\n\n\n<p><a href=\"https:\/\/losperiodistas.com.mx\/portal\/wp-admin\/edit.php?post_type=post\"><\/a><\/p>\n\n\n\n<figure class=\"wp-block-image size-large\"><img fetchpriority=\"high\" decoding=\"async\" width=\"1024\" height=\"767\" src=\"https:\/\/losperiodistas.com.mx\/portal\/wp-content\/uploads\/2021\/09\/Captura-de-Pantalla-2021-09-08-a-las-8.10.06-1024x767.jpg\" alt=\"\" class=\"wp-image-12804\" srcset=\"https:\/\/losperiodistas.com.mx\/portal\/wp-content\/uploads\/2021\/09\/Captura-de-Pantalla-2021-09-08-a-las-8.10.06-1024x767.jpg 1024w, https:\/\/losperiodistas.com.mx\/portal\/wp-content\/uploads\/2021\/09\/Captura-de-Pantalla-2021-09-08-a-las-8.10.06-300x225.jpg 300w, https:\/\/losperiodistas.com.mx\/portal\/wp-content\/uploads\/2021\/09\/Captura-de-Pantalla-2021-09-08-a-las-8.10.06-768x575.jpg 768w, https:\/\/losperiodistas.com.mx\/portal\/wp-content\/uploads\/2021\/09\/Captura-de-Pantalla-2021-09-08-a-las-8.10.06.jpg 1268w\" sizes=\"(max-width: 1024px) 100vw, 1024px\" \/><\/figure>\n\n\n\n<p class=\"has-vivid-cyan-blue-color has-text-color has-medium-font-size\">HUFFPOST<\/p>\n\n\n\n<p><a href=\"https:\/\/www.huffingtonpost.es\/huffingtonpost.es\/news\/mario-vargas-llosa\/\" target=\"_blank\" rel=\"noreferrer noopener\">Mario Vargas Llosa<\/a>, premio Nobel de Literatura en 2010, ha revelado que sufri\u00f3 abusos sexuales en su infancia por parte de un religioso del colegio La Salle de Lima (Per\u00fa), donde estudi\u00f3 varios a\u00f1os. El escritor lo ha contado en una entrevista con William Guill\u00e9n Padilla en la Feria Virtual del Libro de Cajamarca (Per\u00fa).<\/p>\n\n\n\n<p>\u201cYo era muy cat\u00f3lico, porque hab\u00eda nacido en una familia muy cat\u00f3lica, muy practicante y lo fui hasta los 12 o 13 a\u00f1os cuando tuve un incidente con un hermano del colegio La Salle.&nbsp;Fue un incidente, digamos, de origen sexual\u201d,&nbsp;empez\u00f3 narrando el escritor, que ya hab\u00eda hablado de este acontecimiento en sus memorias&nbsp;<a href=\"https:\/\/www.amazon.es\/EL-PEZ-AGUA-FORMATO-GRANDE\/dp\/8466320040?tag=huffpost2018-21\" target=\"_blank\" rel=\"noreferrer noopener\"><em>El pez en el agua&nbsp;<\/em>(Punto de lectura)<\/a>, tal y como recogen medios peruanos como<em>&nbsp;<a href=\"https:\/\/elcomercio.pe\/tvmas\/famosos\/mario-vargas-llosa-confeso-que-fue-victima-de-acoso-sexual-a-los-12-anos-nndc-noticia\/\" target=\"_blank\" rel=\"noreferrer noopener\">El comercio<\/a>&nbsp;<\/em>o&nbsp;<em><a href=\"https:\/\/larepublica.pe\/politica\/2021\/09\/06\/mario-vargas-llosa-revelo-haber-sido-victima-de-acoso-sexual-por-un-profesor-de-colegio-religioso\/\" target=\"_blank\" rel=\"noreferrer noopener\">La rep\u00fablica<\/a>.<\/em><\/p>\n\n\n\n<p>\u201cEl colegio estaba vac\u00edo y este hermano me llev\u00f3 al quinto piso, donde no pod\u00edamos entrar los estudiantes del colegio porque era donde ten\u00edan los hermanos sus cuartos. Sac\u00f3 de pronto de su cuarto unas revistas mexicanas que se llamaban&nbsp;<em>Vea<\/em>&nbsp;que eran de desnudos, de bailarinas\u201d,&nbsp;a\u00f1adi\u00f3.<\/p>\n\n\n\n<p>Vargas Llosa record\u00f3 que entonces empez\u00f3 a hacerle tocamientos.\u00a0\u201cMientras las ojeaba, me di cuenta de que este hermano estaba tocando la bragueta, como si quisiera masturbarme. Fue para m\u00ed un esc\u00e1ndalo, yo me ech\u00e9 a llorar y gritar\u201d, relat\u00f3.<\/p>\n\n\n\n<figure class=\"wp-block-embed is-type-rich is-provider-twitter wp-block-embed-twitter\"><div class=\"wp-block-embed__wrapper\">\n<blockquote class=\"twitter-tweet\" data-width=\"500\" data-dnt=\"true\"><p lang=\"es\" dir=\"ltr\">En la Feria Virtual del Libro de Cajamarca, el premio Nobel Mario Vargas Llosa revel\u00f3 que fue v\u00edctima de acoso sexual cuando s\u00f3lo ten\u00eda 12 a\u00f1os. El hecho fue perpetrado en el colegio La Salle por parte de un religioso de la entidad educativa.<br>\ud83d\udc47\ud83c\udffd\ud83d\udc47\ud83c\udffd\ud83d\udc47\ud83c\udffd <a href=\"https:\/\/t.co\/tn2nrCIohS\">pic.twitter.com\/tn2nrCIohS<\/a><\/p>&mdash; Epicentro.TV (@Epicentro_TV) <a href=\"https:\/\/twitter.com\/Epicentro_TV\/status\/1434955541529440265?ref_src=twsrc%5Etfw\">September 6, 2021<\/a><\/blockquote><script async src=\"https:\/\/platform.twitter.com\/widgets.js\" charset=\"utf-8\"><\/script>\n<\/div><\/figure>\n\n\n\n<p>\u201cEntonces el hermano Leoncio se asust\u00f3 mucho, abri\u00f3 la puerta, me dej\u00f3 salir y me dijo: \u2018C\u00e1lmate\u2019. Yo cuento esto porque, curiosamente, a partir de entonces, yo que hab\u00eda sido un ni\u00f1o muy creyente y que cumpl\u00eda con comulgar cada primer viernes, me fui desinteresando de la religi\u00f3n\u201d, a\u00f1adi\u00f3 el literato.<\/p>\n\n\n\n<p>El escritor ya se hab\u00eda sincerado sobre su desapego a la religi\u00f3n en m\u00e1s de una ocasi\u00f3n, pero no hab\u00eda hecho p\u00fablico este incidente m\u00e1s all\u00e1 de en sus memorias y en esta reciente entrevista.<\/p>\n\n\n\n<p>\u201cYo perd\u00ed la fe cuando era muy joven, casi un ni\u00f1o, y en mi caso la cultura ha reemplazado perfectamente la fuerza vital que da la creencia en Dios, pero me doy cuenta de que eso son casos muy excepcionales. No hay una sola sociedad en que el grueso de la poblaci\u00f3n haya conseguido reemplazar de modo permanente la preocupaci\u00f3n religiosa por la cultural\u201d, cont\u00f3 en una entrevista en\u00a0<a href=\"https:\/\/www.lavanguardia.com\/magazine\/20120413\/54284419635\/mario-vargas-llosa-la-civilizacion-del-espectaculo.html\" target=\"_blank\" rel=\"noreferrer noopener\"><em>La Vanguardia<\/em><\/a>\u00a0en 2012, donde dej\u00f3 claro que no era creyente.<\/p>\n\n\n\n<p>Fuente: https:\/\/www.huffingtonpost.es\/entry\/mario-vargas-llosa-acoso-sexual_es_61373c8be4b0aac9c01b880c<\/p>\n","protected":false},"excerpt":{"rendered":"<p>El premio Nobel de Literatura 2010 se ha sincerado sobre este incidente en la Feria Virtual del Libro de Cajamarca. [&hellip;]<\/p>\n","protected":false},"author":1,"featured_media":12804,"comment_status":"open","ping_status":"open","sticky":false,"template":"","format":"standard","meta":{"site-sidebar-layout":"default","site-content-layout":"","ast-site-content-layout":"default","site-content-style":"default","site-sidebar-style":"default","ast-global-header-display":"","ast-banner-title-visibility":"","ast-main-header-display":"","ast-hfb-above-header-display":"","ast-hfb-below-header-display":"","ast-hfb-mobile-header-display":"","site-post-title":"","ast-breadcrumbs-content":"","ast-featured-img":"","footer-sml-layout":"","theme-transparent-header-meta":"","adv-header-id-meta":"","stick-header-meta":"","header-above-stick-meta":"","header-main-stick-meta":"","header-below-stick-meta":"","astra-migrate-meta-layouts":"default","ast-page-background-enabled":"default","ast-page-background-meta":{"desktop":{"background-color":"var(--ast-global-color-4)","background-image":"","background-repeat":"repeat","background-position":"center center","background-size":"auto","background-attachment":"scroll","background-type":"","background-media":"","overlay-type":"","overlay-color":"","overlay-opacity":"","overlay-gradient":""},"tablet":{"background-color":"","background-image":"","background-repeat":"repeat","background-position":"center center","background-size":"auto","background-attachment":"scroll","background-type":"","background-media":"","overlay-type":"","overlay-color":"","overlay-opacity":"","overlay-gradient":""},"mobile":{"background-color":"","background-image":"","background-repeat":"repeat","background-position":"center center","background-size":"auto","background-attachment":"scroll","background-type":"","background-media":"","overlay-type":"","overlay-color":"","overlay-opacity":"","overlay-gradient":""}},"ast-content-background-meta":{"desktop":{"background-color":"var(--ast-global-color-5)","background-image":"","background-repeat":"repeat","background-position":"center center","background-size":"auto","background-attachment":"scroll","background-type":"","background-media":"","overlay-type":"","overlay-color":"","overlay-opacity":"","overlay-gradient":""},"tablet":{"background-color":"var(--ast-global-color-5)","background-image":"","background-repeat":"repeat","background-position":"center center","background-size":"auto","background-attachment":"scroll","background-type":"","background-media":"","overlay-type":"","overlay-color":"","overlay-opacity":"","overlay-gradient":""},"mobile":{"background-color":"var(--ast-global-color-5)","background-image":"","background-repeat":"repeat","background-position":"center center","background-size":"auto","background-attachment":"scroll","background-type":"","background-media":"","overlay-type":"","overlay-color":"","overlay-opacity":"","overlay-gradient":""}},"footnotes":""},"categories":[8],"tags":[3886,3888,3885,3887],"class_list":["post-12803","post","type-post","status-publish","format-standard","has-post-thumbnail","hentry","category-noticias","tag-colegio-la-salle","tag-feria-virtual-del-libro","tag-mario-vargas-llosa","tag-peru"],"_links":{"self":[{"href":"https:\/\/losperiodistas.com.mx\/portal\/wp-json\/wp\/v2\/posts\/12803","targetHints":{"allow":["GET"]}}],"collection":[{"href":"https:\/\/losperiodistas.com.mx\/portal\/wp-json\/wp\/v2\/posts"}],"about":[{"href":"https:\/\/losperiodistas.com.mx\/portal\/wp-json\/wp\/v2\/types\/post"}],"author":[{"embeddable":true,"href":"https:\/\/losperiodistas.com.mx\/portal\/wp-json\/wp\/v2\/users\/1"}],"replies":[{"embeddable":true,"href":"https:\/\/losperiodistas.com.mx\/portal\/wp-json\/wp\/v2\/comments?post=12803"}],"version-history":[{"count":2,"href":"https:\/\/losperiodistas.com.mx\/portal\/wp-json\/wp\/v2\/posts\/12803\/revisions"}],"predecessor-version":[{"id":12806,"href":"https:\/\/losperiodistas.com.mx\/portal\/wp-json\/wp\/v2\/posts\/12803\/revisions\/12806"}],"wp:featuredmedia":[{"embeddable":true,"href":"https:\/\/losperiodistas.com.mx\/portal\/wp-json\/wp\/v2\/media\/12804"}],"wp:attachment":[{"href":"https:\/\/losperiodistas.com.mx\/portal\/wp-json\/wp\/v2\/media?parent=12803"}],"wp:term":[{"taxonomy":"category","embeddable":true,"href":"https:\/\/losperiodistas.com.mx\/portal\/wp-json\/wp\/v2\/categories?post=12803"},{"taxonomy":"post_tag","embeddable":true,"href":"https:\/\/losperiodistas.com.mx\/portal\/wp-json\/wp\/v2\/tags?post=12803"}],"curies":[{"name":"wp","href":"https:\/\/api.w.org\/{rel}","templated":true}]}}