{"id":12796,"date":"2021-09-08T07:36:47","date_gmt":"2021-09-08T12:36:47","guid":{"rendered":"http:\/\/losperiodistas.com.mx\/portal\/?p=12796"},"modified":"2021-09-08T07:36:49","modified_gmt":"2021-09-08T12:36:49","slug":"van-150-replicas-del-sismo-de-magnitud-7-1-excelsior","status":"publish","type":"post","link":"https:\/\/losperiodistas.com.mx\/portal\/van-150-replicas-del-sismo-de-magnitud-7-1-excelsior\/","title":{"rendered":"Van 150 r\u00e9plicas del sismo de magnitud 7.1 | Excelsior"},"content":{"rendered":"\n<p style=\"font-size:18px\"><em>De acuerdo con el Sismol\u00f3gico Nacional, la r\u00e9plica m\u00e1s fuerte fue de magnitud 5.2; una persona falleci\u00f3 en Guerrero, entidad en la que se registr\u00f3 el epicentro del temblor.<\/em><\/p>\n\n\n\n<p><\/p>\n\n\n\n<figure class=\"wp-block-image size-large\"><img fetchpriority=\"high\" decoding=\"async\" width=\"1024\" height=\"854\" src=\"https:\/\/losperiodistas.com.mx\/portal\/wp-content\/uploads\/2021\/09\/Captura-de-Pantalla-2021-09-08-a-las-7.34.16-1024x854.jpg\" alt=\"\" class=\"wp-image-12797\" srcset=\"https:\/\/losperiodistas.com.mx\/portal\/wp-content\/uploads\/2021\/09\/Captura-de-Pantalla-2021-09-08-a-las-7.34.16-1024x854.jpg 1024w, https:\/\/losperiodistas.com.mx\/portal\/wp-content\/uploads\/2021\/09\/Captura-de-Pantalla-2021-09-08-a-las-7.34.16-300x250.jpg 300w, https:\/\/losperiodistas.com.mx\/portal\/wp-content\/uploads\/2021\/09\/Captura-de-Pantalla-2021-09-08-a-las-7.34.16-768x641.jpg 768w, https:\/\/losperiodistas.com.mx\/portal\/wp-content\/uploads\/2021\/09\/Captura-de-Pantalla-2021-09-08-a-las-7.34.16-1536x1282.jpg 1536w, https:\/\/losperiodistas.com.mx\/portal\/wp-content\/uploads\/2021\/09\/Captura-de-Pantalla-2021-09-08-a-las-7.34.16.jpg 1546w\" sizes=\"(max-width: 1024px) 100vw, 1024px\" \/><\/figure>\n\n\n\n<p class=\"has-vivid-cyan-blue-color has-text-color has-medium-font-size\">REDACCI\u00d3N EXCELSIOR<\/p>\n\n\n\n<p>El Servicio Sismol\u00f3gico Nacional inform\u00f3 esta ma\u00f1ana que hasta las 05:00 horas se han registrado&nbsp;<strong>150 r\u00e9plicas del sismo de magnitud 7.1<\/strong>&nbsp;que sacudi\u00f3 anoche a la Ciudad de M\u00e9xico y al Estado de M\u00e9xico, as\u00ed como a al menos otros 13 estados.<\/p>\n\n\n\n<p>A horas del movimiento tel\u00farico que tuvo su epicentro en Guerrero, las autoridades han informado sobre las r\u00e9plicas de \u00e9ste, de las cuales&nbsp;<strong>la m\u00e1s fuerte de 5.2<\/strong>.<\/p>\n\n\n\n<p>Te puede interesar:&nbsp;<a href=\"https:\/\/www.excelsior.com.mx\/nacional\/sismo-de-71-se-sintio-en-la-mitad-del-pais\/1470405\" target=\"_blank\" rel=\"noreferrer noopener\">Sismo de 7.1 se sinti\u00f3 en la mitad del pa\u00eds<\/a><\/p>\n\n\n\n<p>Cabe destacar que este sismo se dio exactamente cuatro a\u00f1os despu\u00e9s del de magnitud 8.1 ocurrido el 7 de septiembre de 2017.<\/p>\n\n\n\n<p>Hasta anoche, el gobernador de Guerrero, H\u00e9ctor Astudillo, report\u00f3 que&nbsp;<strong>una persona muri\u00f3&nbsp;en el municipio de Coyuca de Ben\u00edtez<\/strong>&nbsp;debido a que le cay\u00f3 un poste de luz; en tanto, en el Estado de M\u00e9xico se han reportado dos heridos.<\/p>\n\n\n\n<p>Al momento se han descartado da\u00f1os mayores causados por el movimiento tel\u00farico; no obstante, se han reportado ca\u00eddas de bardas, deslaves en carreteras, cortes de electricidad y de la se\u00f1al telef\u00f3nica.<\/p>\n\n\n\n<figure class=\"wp-block-embed is-type-rich is-provider-twitter wp-block-embed-twitter\"><div class=\"wp-block-embed__wrapper\">\n<blockquote class=\"twitter-tweet\" data-width=\"500\" data-dnt=\"true\"><p lang=\"es\" dir=\"ltr\">Hasta las 05:00 horas del 08\/septiembre\/2021 se han registrado 150 r\u00e9plicas del sismo de M 7.1 ocurrido en Guerrero el 07\/septiembre\/2021, la m\u00e1s grande de M 5.2<\/p>&mdash; Sismol\u00f3gico Nacional (@SSNMexico) <a href=\"https:\/\/twitter.com\/SSNMexico\/status\/1435565897758953474?ref_src=twsrc%5Etfw\">September 8, 2021<\/a><\/blockquote><script async src=\"https:\/\/platform.twitter.com\/widgets.js\" charset=\"utf-8\"><\/script>\n<\/div><\/figure>\n\n\n\n<p>Por ejemplo, esta ma\u00f1ana la Comisi\u00f3n Federal de Electricidad report\u00f3 el&nbsp;<a href=\"https:\/\/www.excelsior.com.mx\/comunidad\/tras-sismo-54-del-servicio-de-luz-ha-sido-restablecido-en-cdmx\/1470410\" target=\"_blank\" rel=\"noreferrer noopener\">restablecimiento del 54 por ciento del servicio el\u00e9ctrico en la Ciudad de M\u00e9xico<\/a>, luego de que varias alcald\u00edas reportaran la falta de luz a partir del sismo.<\/p>\n\n\n\n<p>De acuerdo con el reporte de Protecci\u00f3n Civil, el sismo fue percibido muy fuerte en las regiones de Acapulco, Costa Grande, Costa Chica, Centro, Norte, y de moderado a fuerte en la Tierra Caliente y Monta\u00f1a.<\/p>\n\n\n\n<figure class=\"wp-block-embed is-type-video is-provider-youtube wp-block-embed-youtube wp-embed-aspect-16-9 wp-has-aspect-ratio\"><div class=\"wp-block-embed__wrapper\">\nhttps:\/\/youtu.be\/UN-quKrGu5M\n<\/div><\/figure>\n\n\n\n<p>Fuente: https:\/\/www.excelsior.com.mx\/nacional\/van-150-replicas-del-sismo-de-magnitud-71\/1470411<\/p>\n","protected":false},"excerpt":{"rendered":"<p>De acuerdo con el Sismol\u00f3gico Nacional, la r\u00e9plica m\u00e1s fuerte fue de magnitud 5.2; una persona falleci\u00f3 en Guerrero, entidad [&hellip;]<\/p>\n","protected":false},"author":1,"featured_media":12797,"comment_status":"open","ping_status":"open","sticky":false,"template":"","format":"standard","meta":{"site-sidebar-layout":"default","site-content-layout":"","ast-site-content-layout":"default","site-content-style":"default","site-sidebar-style":"default","ast-global-header-display":"","ast-banner-title-visibility":"","ast-main-header-display":"","ast-hfb-above-header-display":"","ast-hfb-below-header-display":"","ast-hfb-mobile-header-display":"","site-post-title":"","ast-breadcrumbs-content":"","ast-featured-img":"","footer-sml-layout":"","theme-transparent-header-meta":"","adv-header-id-meta":"","stick-header-meta":"","header-above-stick-meta":"","header-main-stick-meta":"","header-below-stick-meta":"","astra-migrate-meta-layouts":"default","ast-page-background-enabled":"default","ast-page-background-meta":{"desktop":{"background-color":"var(--ast-global-color-4)","background-image":"","background-repeat":"repeat","background-position":"center center","background-size":"auto","background-attachment":"scroll","background-type":"","background-media":"","overlay-type":"","overlay-color":"","overlay-opacity":"","overlay-gradient":""},"tablet":{"background-color":"","background-image":"","background-repeat":"repeat","background-position":"center center","background-size":"auto","background-attachment":"scroll","background-type":"","background-media":"","overlay-type":"","overlay-color":"","overlay-opacity":"","overlay-gradient":""},"mobile":{"background-color":"","background-image":"","background-repeat":"repeat","background-position":"center center","background-size":"auto","background-attachment":"scroll","background-type":"","background-media":"","overlay-type":"","overlay-color":"","overlay-opacity":"","overlay-gradient":""}},"ast-content-background-meta":{"desktop":{"background-color":"var(--ast-global-color-5)","background-image":"","background-repeat":"repeat","background-position":"center center","background-size":"auto","background-attachment":"scroll","background-type":"","background-media":"","overlay-type":"","overlay-color":"","overlay-opacity":"","overlay-gradient":""},"tablet":{"background-color":"var(--ast-global-color-5)","background-image":"","background-repeat":"repeat","background-position":"center center","background-size":"auto","background-attachment":"scroll","background-type":"","background-media":"","overlay-type":"","overlay-color":"","overlay-opacity":"","overlay-gradient":""},"mobile":{"background-color":"var(--ast-global-color-5)","background-image":"","background-repeat":"repeat","background-position":"center center","background-size":"auto","background-attachment":"scroll","background-type":"","background-media":"","overlay-type":"","overlay-color":"","overlay-opacity":"","overlay-gradient":""}},"footnotes":""},"categories":[8],"tags":[3884],"class_list":["post-12796","post","type-post","status-publish","format-standard","has-post-thumbnail","hentry","category-noticias","tag-replicas-sismo-mexico"],"_links":{"self":[{"href":"https:\/\/losperiodistas.com.mx\/portal\/wp-json\/wp\/v2\/posts\/12796","targetHints":{"allow":["GET"]}}],"collection":[{"href":"https:\/\/losperiodistas.com.mx\/portal\/wp-json\/wp\/v2\/posts"}],"about":[{"href":"https:\/\/losperiodistas.com.mx\/portal\/wp-json\/wp\/v2\/types\/post"}],"author":[{"embeddable":true,"href":"https:\/\/losperiodistas.com.mx\/portal\/wp-json\/wp\/v2\/users\/1"}],"replies":[{"embeddable":true,"href":"https:\/\/losperiodistas.com.mx\/portal\/wp-json\/wp\/v2\/comments?post=12796"}],"version-history":[{"count":1,"href":"https:\/\/losperiodistas.com.mx\/portal\/wp-json\/wp\/v2\/posts\/12796\/revisions"}],"predecessor-version":[{"id":12798,"href":"https:\/\/losperiodistas.com.mx\/portal\/wp-json\/wp\/v2\/posts\/12796\/revisions\/12798"}],"wp:featuredmedia":[{"embeddable":true,"href":"https:\/\/losperiodistas.com.mx\/portal\/wp-json\/wp\/v2\/media\/12797"}],"wp:attachment":[{"href":"https:\/\/losperiodistas.com.mx\/portal\/wp-json\/wp\/v2\/media?parent=12796"}],"wp:term":[{"taxonomy":"category","embeddable":true,"href":"https:\/\/losperiodistas.com.mx\/portal\/wp-json\/wp\/v2\/categories?post=12796"},{"taxonomy":"post_tag","embeddable":true,"href":"https:\/\/losperiodistas.com.mx\/portal\/wp-json\/wp\/v2\/tags?post=12796"}],"curies":[{"name":"wp","href":"https:\/\/api.w.org\/{rel}","templated":true}]}}