{"id":12792,"date":"2021-09-08T07:10:12","date_gmt":"2021-09-08T12:10:12","guid":{"rendered":"http:\/\/losperiodistas.com.mx\/portal\/?p=12792"},"modified":"2021-09-08T07:10:18","modified_gmt":"2021-09-08T12:10:18","slug":"los-talibanes-no-incluyen-a-las-mujeres-en-su-nuevo-gobierno-interino-publico","status":"publish","type":"post","link":"https:\/\/losperiodistas.com.mx\/portal\/los-talibanes-no-incluyen-a-las-mujeres-en-su-nuevo-gobierno-interino-publico\/","title":{"rendered":"Los talibanes no incluyen a las mujeres en su nuevo Gobierno interino | P\u00fablico"},"content":{"rendered":"\n<p style=\"font-size:18px\"><em>La Uni\u00f3n Europea pide a los insurgentes que el nuevo ejecutivo sea \u00abinclusivo\u00bb.<\/em><\/p>\n\n\n\n<p><\/p>\n\n\n\n<figure class=\"wp-block-image size-large\"><img fetchpriority=\"high\" decoding=\"async\" width=\"1024\" height=\"681\" src=\"https:\/\/losperiodistas.com.mx\/portal\/wp-content\/uploads\/2021\/09\/Captura-de-Pantalla-2021-09-08-a-las-7.07.25-1024x681.jpg\" alt=\"\" class=\"wp-image-12793\" srcset=\"https:\/\/losperiodistas.com.mx\/portal\/wp-content\/uploads\/2021\/09\/Captura-de-Pantalla-2021-09-08-a-las-7.07.25-1024x681.jpg 1024w, https:\/\/losperiodistas.com.mx\/portal\/wp-content\/uploads\/2021\/09\/Captura-de-Pantalla-2021-09-08-a-las-7.07.25-300x199.jpg 300w, https:\/\/losperiodistas.com.mx\/portal\/wp-content\/uploads\/2021\/09\/Captura-de-Pantalla-2021-09-08-a-las-7.07.25-768x510.jpg 768w, https:\/\/losperiodistas.com.mx\/portal\/wp-content\/uploads\/2021\/09\/Captura-de-Pantalla-2021-09-08-a-las-7.07.25.jpg 1324w\" sizes=\"(max-width: 1024px) 100vw, 1024px\" \/><figcaption><br>Rueda de prensa en Kabul del portavoz de los talibanes, Zabihullah Mujahid, este lunes.\u00a0<em>\u2014<\/em>\u00a0<em>EFE\/EPA\/STRINGER<\/em><\/figcaption><\/figure>\n\n\n\n<p><\/p>\n\n\n\n<p class=\"has-vivid-cyan-blue-color has-text-color has-medium-font-size\">AGENCIAS \/ P\u00daBLICO<\/p>\n\n\n\n<p id=\"m6-5-7\">Los&nbsp;<strong>talibanes&nbsp;<\/strong>han formado un nuevo&nbsp;<a href=\"https:\/\/www.publico.es\/internacional\/primer-gobierno-talibanes-sera-interino.html\" target=\"_blank\" rel=\"noreferrer noopener\">Gobierno interino<\/a>&nbsp;en Afganist\u00e1n, el cu\u00e1l ser\u00e1 presidido por el mula<strong>&nbsp;Hassan Akhund<\/strong>, aparentemente desconocido para el gran p\u00fablico, el cu\u00e1l figura en la lista negra de&nbsp;<strong>Naciones Unidas<\/strong>. El nuevo Ejecutivo talib\u00e1n es interino, y en \u00e9l solo aparecen talibanes y no aparecen mujeres en el mismo, hecho que contrasta con la intenci\u00f3n de los talibanes de hacer un ejecutivo&nbsp;<strong>\u00abinclusivo<\/strong>\u00ab.<\/p>\n\n\n\n<p id=\"m240-1-241\">El nuevo Gobierno estar\u00e1 conformado por el mul\u00e1&nbsp;<strong>Abdul Ghani Baradar<\/strong>&nbsp;como su mano derecha y jefe del Gabinete de ministros, ha anunciado el portavoz de los talibanes,<strong>&nbsp;Zabihullah Mujahid<\/strong>, en una rueda de prensa en Kabul. La sorpresa es que el l\u00edder supremo de los talib\u00e1n, el mul\u00e1<strong>&nbsp;Hibatul\u00e1 Ajundzada<\/strong>, no figura en el Gobierno. Dentro del seno del ejecutivo aparece el Ministro del Interior&nbsp;<a href=\"https:\/\/www.publico.es\/internacional\/gobierno-interino-afganistan-talibanes.html\" target=\"_blank\" rel=\"noreferrer noopener\">Sirajuddin Haqqani,<\/a>&nbsp;quien en estos momentos es perseguido por el FBI, para interrogarle sobre un atentado en un hotel de Kabul en el 2008, adem\u00e1s de es el responsable de la red Haqqani, considerada como una organizaci\u00f3n terrorista por Estados Unidos.&nbsp;<\/p>\n\n\n\n<h2 class=\"wp-block-heading\" id=\"m249-2-250\">La UE pide que el nuevo gobierno sea \u00abinclusivo\u00bb<\/h2>\n\n\n\n<p id=\"m233-1-234\">Desde la Uni\u00f3n Europea, seg\u00fan fuentes de<em>\u00a0Efe<\/em>, han indicado, que tras ver la composici\u00f3n del nuevo Gobierno talib\u00e1n, est\u00e1n decepcionados, ya que entienden que \u00abno parece la formaci\u00f3n inclusiva y representativa en t\u00e9rminos de la rica diversidad\u00a0<strong>\u00e9tnica y religiosa<\/strong>\u00a0de Afganist\u00e1n que esper\u00e1bamos ver y que las semanas pasadas prometieron<strong>\u00a0los talibanes<\/strong>\u00ab, afirmo el portavoz de la UE.<\/p>\n\n\n\n<p id=\"m257-4-258\">Desde la Uni\u00f3n Europea esperan que se pueda crear un \u00ab<strong>futuro gobierno de transici\u00f3n<\/strong>\u00bb y que este sea \u00ab<strong>inclusivo y representativo<\/strong>\u00ab, ya que desde la UE, se recuerda que uno de los requisitos que pusieron los veintisiete pa\u00edses fue que el nuevo ejecutivo fuese inclusivo. Adem\u00e1s del nuevo Gobierno, tambi\u00e9n piden que se pueda\u00a0<strong>evacuar a\u00a0los europeos y afganos<\/strong>\u00a0que no pudieron abandonar el pa\u00eds a finales de agosto; que respeten los derechos humanos.<\/p>\n\n\n\n<h2 class=\"wp-block-heading\" id=\"m265-5-266\">Las protestas de los ciudadanos afganos contin\u00faan<\/h2>\n\n\n\n<p id=\"m271-6-272\">Los ciudadanos afganos&nbsp;<strong>contrarios a los talibanes<\/strong>, siguen saliendo a manifestarse como forma de protesta por el nuevo liderazgo talib\u00e1n en Afganist\u00e1n. En las protestas participan&nbsp;<strong>hombres<\/strong>&nbsp;y especialmente&nbsp;<strong>mujeres<\/strong>, las cuales en&nbsp;<a href=\"https:\/\/www.publico.es\/internacional\/crisis-afganistan-talibanes-dispersan-protesta-mujeres-gases-tiros-aire.html\" target=\"_blank\" rel=\"noreferrer noopener\">las \u00faltimas semanas<\/a>&nbsp;llevan varias manifestaciones en contra del poder de los talibanes sobre ellas.&nbsp;<\/p>\n\n\n\n<p id=\"m278-7-279\">En Kabul, cientos de mujeres y hombres salieron a la calle con banderas y pancartas para reclamar \u00ab<strong>libertad<\/strong>\u00bb y mostrar su apoyo al&nbsp;<strong>Frente Nacional de Resistencia<\/strong>&nbsp;(NRF) en la provincia norte\u00f1a de&nbsp;<strong>Panjshir,<\/strong>&nbsp;un d\u00eda despu\u00e9s de que los talibanes anunciaran la conquista de este \u00faltimo basti\u00f3n opositor en el pa\u00eds.<\/p>\n\n\n\n<ul class=\"wp-block-list\"><li><\/li><\/ul>\n\n\n\n<h2 class=\"wp-block-heading\" id=\"m285-8-286\">El Gobierno talib\u00e1n afirma que las protestas son \u00abilegales\u00bb<\/h2>\n\n\n\n<p id=\"m291-9-292\">Justo el d\u00eda que se formaba el nuevo ejecutivo talib\u00e1n, el portavoz sal\u00eda a declarar, que los\u00a0<strong>medios de comunicaci\u00f3n<\/strong>\u00a0no acudan a cubrir esas manifestaciones, puesto que son ilegales y que los manifestantes que salen en estos momentos a la calle a protestar son \u00ab<strong>alborotadores<\/strong>\u00ab, adem\u00e1s de indicar que \u00abno es el momento de\u00a0<strong>protestas<\/strong>\u00ab. Finalizo.<\/p>\n\n\n\n<p>Fuente: https:\/\/www.publico.es\/internacional\/afganistan-talibanes-forman-gobierno-afganistan-mujeres.html<\/p>\n","protected":false},"excerpt":{"rendered":"<p>La Uni\u00f3n Europea pide a los insurgentes que el nuevo ejecutivo sea \u00abinclusivo\u00bb. AGENCIAS \/ P\u00daBLICO Los&nbsp;talibanes&nbsp;han formado un nuevo&nbsp;Gobierno [&hellip;]<\/p>\n","protected":false},"author":1,"featured_media":12793,"comment_status":"open","ping_status":"open","sticky":false,"template":"","format":"standard","meta":{"site-sidebar-layout":"default","site-content-layout":"","ast-site-content-layout":"default","site-content-style":"default","site-sidebar-style":"default","ast-global-header-display":"","ast-banner-title-visibility":"","ast-main-header-display":"","ast-hfb-above-header-display":"","ast-hfb-below-header-display":"","ast-hfb-mobile-header-display":"","site-post-title":"","ast-breadcrumbs-content":"","ast-featured-img":"","footer-sml-layout":"","theme-transparent-header-meta":"","adv-header-id-meta":"","stick-header-meta":"","header-above-stick-meta":"","header-main-stick-meta":"","header-below-stick-meta":"","astra-migrate-meta-layouts":"default","ast-page-background-enabled":"default","ast-page-background-meta":{"desktop":{"background-color":"var(--ast-global-color-4)","background-image":"","background-repeat":"repeat","background-position":"center center","background-size":"auto","background-attachment":"scroll","background-type":"","background-media":"","overlay-type":"","overlay-color":"","overlay-opacity":"","overlay-gradient":""},"tablet":{"background-color":"","background-image":"","background-repeat":"repeat","background-position":"center center","background-size":"auto","background-attachment":"scroll","background-type":"","background-media":"","overlay-type":"","overlay-color":"","overlay-opacity":"","overlay-gradient":""},"mobile":{"background-color":"","background-image":"","background-repeat":"repeat","background-position":"center center","background-size":"auto","background-attachment":"scroll","background-type":"","background-media":"","overlay-type":"","overlay-color":"","overlay-opacity":"","overlay-gradient":""}},"ast-content-background-meta":{"desktop":{"background-color":"var(--ast-global-color-5)","background-image":"","background-repeat":"repeat","background-position":"center center","background-size":"auto","background-attachment":"scroll","background-type":"","background-media":"","overlay-type":"","overlay-color":"","overlay-opacity":"","overlay-gradient":""},"tablet":{"background-color":"var(--ast-global-color-5)","background-image":"","background-repeat":"repeat","background-position":"center center","background-size":"auto","background-attachment":"scroll","background-type":"","background-media":"","overlay-type":"","overlay-color":"","overlay-opacity":"","overlay-gradient":""},"mobile":{"background-color":"var(--ast-global-color-5)","background-image":"","background-repeat":"repeat","background-position":"center center","background-size":"auto","background-attachment":"scroll","background-type":"","background-media":"","overlay-type":"","overlay-color":"","overlay-opacity":"","overlay-gradient":""}},"footnotes":""},"categories":[8],"tags":[3228,3882,3883],"class_list":["post-12792","post","type-post","status-publish","format-standard","has-post-thumbnail","hentry","category-noticias","tag-afganistan","tag-gobieerno-interino","tag-hassan-akhund"],"_links":{"self":[{"href":"https:\/\/losperiodistas.com.mx\/portal\/wp-json\/wp\/v2\/posts\/12792","targetHints":{"allow":["GET"]}}],"collection":[{"href":"https:\/\/losperiodistas.com.mx\/portal\/wp-json\/wp\/v2\/posts"}],"about":[{"href":"https:\/\/losperiodistas.com.mx\/portal\/wp-json\/wp\/v2\/types\/post"}],"author":[{"embeddable":true,"href":"https:\/\/losperiodistas.com.mx\/portal\/wp-json\/wp\/v2\/users\/1"}],"replies":[{"embeddable":true,"href":"https:\/\/losperiodistas.com.mx\/portal\/wp-json\/wp\/v2\/comments?post=12792"}],"version-history":[{"count":1,"href":"https:\/\/losperiodistas.com.mx\/portal\/wp-json\/wp\/v2\/posts\/12792\/revisions"}],"predecessor-version":[{"id":12794,"href":"https:\/\/losperiodistas.com.mx\/portal\/wp-json\/wp\/v2\/posts\/12792\/revisions\/12794"}],"wp:featuredmedia":[{"embeddable":true,"href":"https:\/\/losperiodistas.com.mx\/portal\/wp-json\/wp\/v2\/media\/12793"}],"wp:attachment":[{"href":"https:\/\/losperiodistas.com.mx\/portal\/wp-json\/wp\/v2\/media?parent=12792"}],"wp:term":[{"taxonomy":"category","embeddable":true,"href":"https:\/\/losperiodistas.com.mx\/portal\/wp-json\/wp\/v2\/categories?post=12792"},{"taxonomy":"post_tag","embeddable":true,"href":"https:\/\/losperiodistas.com.mx\/portal\/wp-json\/wp\/v2\/tags?post=12792"}],"curies":[{"name":"wp","href":"https:\/\/api.w.org\/{rel}","templated":true}]}}