{"id":12789,"date":"2021-09-08T06:56:45","date_gmt":"2021-09-08T11:56:45","guid":{"rendered":"http:\/\/losperiodistas.com.mx\/portal\/?p=12789"},"modified":"2021-09-08T06:56:46","modified_gmt":"2021-09-08T11:56:46","slug":"integra-upaep-memoria-informativa-de-sismos-registrados-en-puebla-oem","status":"publish","type":"post","link":"https:\/\/losperiodistas.com.mx\/portal\/integra-upaep-memoria-informativa-de-sismos-registrados-en-puebla-oem\/","title":{"rendered":"Integra UPAEP memoria informativa de sismos registrados en Puebla | OEM"},"content":{"rendered":"\n<p style=\"font-size:18px\"><em>Esta base de datos almacenar\u00e1 informaci\u00f3n que permita conocer qu\u00e9 inmuebles sufrieron afectaciones y c\u00f3mo fueron reparados<\/em><\/p>\n\n\n\n<p><\/p>\n\n\n\n<figure class=\"wp-block-image size-large\"><img fetchpriority=\"high\" decoding=\"async\" width=\"1024\" height=\"707\" src=\"https:\/\/losperiodistas.com.mx\/portal\/wp-content\/uploads\/2021\/09\/Captura-de-Pantalla-2021-09-08-a-las-6.53.59-1024x707.jpg\" alt=\"\" class=\"wp-image-12790\" srcset=\"https:\/\/losperiodistas.com.mx\/portal\/wp-content\/uploads\/2021\/09\/Captura-de-Pantalla-2021-09-08-a-las-6.53.59-1024x707.jpg 1024w, https:\/\/losperiodistas.com.mx\/portal\/wp-content\/uploads\/2021\/09\/Captura-de-Pantalla-2021-09-08-a-las-6.53.59-300x207.jpg 300w, https:\/\/losperiodistas.com.mx\/portal\/wp-content\/uploads\/2021\/09\/Captura-de-Pantalla-2021-09-08-a-las-6.53.59-768x530.jpg 768w, https:\/\/losperiodistas.com.mx\/portal\/wp-content\/uploads\/2021\/09\/Captura-de-Pantalla-2021-09-08-a-las-6.53.59.jpg 1498w\" sizes=\"(max-width: 1024px) 100vw, 1024px\" \/><\/figure>\n\n\n\n<p class=\"has-vivid-cyan-blue-color has-text-color has-medium-font-size\">MARY CARMEN M. AVILA \/ EL SOL DE PUEBLA<\/p>\n\n\n\n<p>Los da\u00f1os de los sismos, como el del 15 de junio de 1999 o el del 19 de septiembre del 2017, que sacudieron gran parte de Puebla en las \u00faltimas d\u00e9cadas, ahora quedar\u00e1n asentados en la base de datos que integran la facultad de Ingenier\u00eda Civil de la UPAEP, el Colegio de Arquitectos de Puebla, de Ingenieros Civiles del Estado, la empresa Ingenier\u00eda Civil en Desarrollo y Protecci\u00f3n Civil Municipal, para contar con registros oficiales.<\/p>\n\n\n\n<p><strong>Esta memoria informativa detallar\u00e1 los sismos ocurridos, magnitud, c\u00f3mo han sido atendidos por los diferentes sectores de la sociedad, incluidas las instancias de los diferentes niveles de gobierno; art\u00edculos period\u00edsticos sobre estos hechos; mapas sobre los suelos y lugares donde se han presentado los sismos; fotos, videos e informaci\u00f3n vinculada con estos fen\u00f3menos naturales, entre otros.<\/strong><\/p>\n\n\n\n<p>Hugo Ferrer Toledo, catedr\u00e1tico investigador de la Facultad de Ingenier\u00eda Civil de la UPAEP, dijo que se inici\u00f3 con la recopilaci\u00f3n de informaci\u00f3n por etapas que abarca diferentes fases como: b\u00fasqueda bibliogr\u00e1fica, reportes t\u00e9cnicos y art\u00edculos t\u00e9cnicos sobre los sismos que se han registrado en los \u00faltimos diez a\u00f1os.<\/p>\n\n\n\n<p>\u201cSiempre se tienen temas recurrentes de los da\u00f1os que se presentan en Puebla por los sismos, pero no hay una memoria informativa que nos permita conocer qu\u00e9 es lo que ha pasado anteriormente y siempre vamos reparando sobre lo que se va da\u00f1ando, sin saber todos los antecedentes previos que tienen las construcciones y no se conocen todas las zonas que m\u00e1s se da\u00f1an\u201d, afirm\u00f3, por lo que argument\u00f3 que el objetivo principal es generar una base de datos lo m\u00e1s completa y actualizada de los da\u00f1os post-sismo sufridos en la ciudad.<\/p>\n\n\n\n<p><strong>Asimismo, dio a conocer que esta base de datos que se est\u00e1 generando de manera colaborativa entre la UPAEP y las diferentes instancias, servir\u00e1 para que los investigadores y cualquier otra persona que est\u00e9 interesada en conocer qu\u00e9 informaci\u00f3n existe al respecto y de c\u00f3mo se puede utilizar para beneficio de la poblaci\u00f3n en lo referente a la seguridad ante fen\u00f3menos como es el caso de los temblores.<\/strong><\/p>\n\n\n\n<p>Alumnos como Francisco Javier S\u00e1nchez S\u00e1nchez y Jos\u00e9 Andr\u00e9s Baeza Rodr\u00edguez (ambos estudiantes de Ingenier\u00eda de la UPAEP), as\u00ed como Cristhian Rivera Valdez (alumno de Ingenier\u00eda Civil de la UPAEP), Hugo Oswaldo Ferrer Toledo (UPAEP) y Mauro Guillermo Cisneros Gonz\u00e1lez (Protecci\u00f3n Civil Municipal), para culminar el proyecto, conformaron el equipo final que trabaj\u00f3 en esta base de datos que ha sido el resultado de m\u00e1s de 10 a\u00f1os de recopilaci\u00f3n de informaci\u00f3n.<\/p>\n\n\n\n<p>Adem\u00e1s, el proyecto fue enriquecido con datos proporcionados por Jes\u00fas Ramiro D\u00edaz y Carlos Arellano V\u00e1zquez, presidentes del Colegio de Ingenieros Civiles de Puebla y del Colegio de Arquitectos de Puebla, (CICEPAC y CAPAC), respectivamente.<\/p>\n\n\n\n<p><strong>En su intervenci\u00f3n, Cristhian Rivera Valdez, quien ha dado seguimiento a la recopilaci\u00f3n de la informaci\u00f3n que de manera conjunta han compartido las diferentes instancias mencionadas, expres\u00f3 que, a trav\u00e9s de la base de datos de da\u00f1os causados por sismos percibidos en la ciudad de Puebla, se han recopilado los innumerables sismos que se han registrado en los \u00faltimos a\u00f1os en el estado poblano.<\/strong><\/p>\n\n\n\n<p>En tanto, Hugo Ferrer, refiri\u00f3 que, para la organizaci\u00f3n de esta investigaci\u00f3n y su visualizaci\u00f3n, se decidi\u00f3 presentar por capas, de tal manera que cada sismo genera una capa gr\u00e1fica, mientras que los niveles de da\u00f1o generan otras m\u00e1s. De esta forma la informaci\u00f3n recabada podr\u00e1 ser integrada con facilidad a bases de datos que empleen Sistemas de Informaci\u00f3n Geogr\u00e1fica (SIG).<\/p>\n\n\n\n<p>Tambi\u00e9n, dijo que la base de datos se hace compatible con mapas de riesgos u otros trabajos realizados en SIG para la ciudad de Puebla y para la visualizaci\u00f3n y consulta, se crearon mapas interactivos que presentan los da\u00f1os recopilados ordenados por sismo.<\/p>\n\n\n\n<p><strong>Finalmente se\u00f1al\u00f3 que se incluyeron los mapas de clasificaci\u00f3n geot\u00e9cnica del suelo, as\u00ed como la microzonificaci\u00f3n s\u00edsmica, ambas de la ciudad de Puebla, esto con la intenci\u00f3n de realizar una herramienta m\u00e1s \u00fatil para los ingenieros y arquitectos.<\/strong><\/p>\n\n\n\n<p>Es importante destacar que, la empresa ICD SA de CV contribuy\u00f3 gratuitamente con un mapa detallado de la clasificaci\u00f3n geot\u00e9cnica del suelo, respaldado por m\u00e1s de 1500 estudios de mec\u00e1nica de suelos y geof\u00edsicos.<\/p>\n\n\n\n<p>Fuente: https:\/\/www.elsoldepuebla.com.mx\/local\/integra-upaep-memoria-informativa-de-sismos-registrados-en-puebla-5855134.html<\/p>\n","protected":false},"excerpt":{"rendered":"<p>Esta base de datos almacenar\u00e1 informaci\u00f3n que permita conocer qu\u00e9 inmuebles sufrieron afectaciones y c\u00f3mo fueron reparados MARY CARMEN M. [&hellip;]<\/p>\n","protected":false},"author":1,"featured_media":12790,"comment_status":"open","ping_status":"open","sticky":false,"template":"","format":"standard","meta":{"site-sidebar-layout":"default","site-content-layout":"","ast-site-content-layout":"default","site-content-style":"default","site-sidebar-style":"default","ast-global-header-display":"","ast-banner-title-visibility":"","ast-main-header-display":"","ast-hfb-above-header-display":"","ast-hfb-below-header-display":"","ast-hfb-mobile-header-display":"","site-post-title":"","ast-breadcrumbs-content":"","ast-featured-img":"","footer-sml-layout":"","theme-transparent-header-meta":"","adv-header-id-meta":"","stick-header-meta":"","header-above-stick-meta":"","header-main-stick-meta":"","header-below-stick-meta":"","astra-migrate-meta-layouts":"default","ast-page-background-enabled":"default","ast-page-background-meta":{"desktop":{"background-color":"var(--ast-global-color-4)","background-image":"","background-repeat":"repeat","background-position":"center center","background-size":"auto","background-attachment":"scroll","background-type":"","background-media":"","overlay-type":"","overlay-color":"","overlay-opacity":"","overlay-gradient":""},"tablet":{"background-color":"","background-image":"","background-repeat":"repeat","background-position":"center center","background-size":"auto","background-attachment":"scroll","background-type":"","background-media":"","overlay-type":"","overlay-color":"","overlay-opacity":"","overlay-gradient":""},"mobile":{"background-color":"","background-image":"","background-repeat":"repeat","background-position":"center center","background-size":"auto","background-attachment":"scroll","background-type":"","background-media":"","overlay-type":"","overlay-color":"","overlay-opacity":"","overlay-gradient":""}},"ast-content-background-meta":{"desktop":{"background-color":"var(--ast-global-color-5)","background-image":"","background-repeat":"repeat","background-position":"center center","background-size":"auto","background-attachment":"scroll","background-type":"","background-media":"","overlay-type":"","overlay-color":"","overlay-opacity":"","overlay-gradient":""},"tablet":{"background-color":"var(--ast-global-color-5)","background-image":"","background-repeat":"repeat","background-position":"center center","background-size":"auto","background-attachment":"scroll","background-type":"","background-media":"","overlay-type":"","overlay-color":"","overlay-opacity":"","overlay-gradient":""},"mobile":{"background-color":"var(--ast-global-color-5)","background-image":"","background-repeat":"repeat","background-position":"center center","background-size":"auto","background-attachment":"scroll","background-type":"","background-media":"","overlay-type":"","overlay-color":"","overlay-opacity":"","overlay-gradient":""}},"footnotes":""},"categories":[8],"tags":[3881,3880,3879],"class_list":["post-12789","post","type-post","status-publish","format-standard","has-post-thumbnail","hentry","category-noticias","tag-hugo-ferrer-toledo","tag-sismos-en-puebla","tag-upaep"],"_links":{"self":[{"href":"https:\/\/losperiodistas.com.mx\/portal\/wp-json\/wp\/v2\/posts\/12789","targetHints":{"allow":["GET"]}}],"collection":[{"href":"https:\/\/losperiodistas.com.mx\/portal\/wp-json\/wp\/v2\/posts"}],"about":[{"href":"https:\/\/losperiodistas.com.mx\/portal\/wp-json\/wp\/v2\/types\/post"}],"author":[{"embeddable":true,"href":"https:\/\/losperiodistas.com.mx\/portal\/wp-json\/wp\/v2\/users\/1"}],"replies":[{"embeddable":true,"href":"https:\/\/losperiodistas.com.mx\/portal\/wp-json\/wp\/v2\/comments?post=12789"}],"version-history":[{"count":1,"href":"https:\/\/losperiodistas.com.mx\/portal\/wp-json\/wp\/v2\/posts\/12789\/revisions"}],"predecessor-version":[{"id":12791,"href":"https:\/\/losperiodistas.com.mx\/portal\/wp-json\/wp\/v2\/posts\/12789\/revisions\/12791"}],"wp:featuredmedia":[{"embeddable":true,"href":"https:\/\/losperiodistas.com.mx\/portal\/wp-json\/wp\/v2\/media\/12790"}],"wp:attachment":[{"href":"https:\/\/losperiodistas.com.mx\/portal\/wp-json\/wp\/v2\/media?parent=12789"}],"wp:term":[{"taxonomy":"category","embeddable":true,"href":"https:\/\/losperiodistas.com.mx\/portal\/wp-json\/wp\/v2\/categories?post=12789"},{"taxonomy":"post_tag","embeddable":true,"href":"https:\/\/losperiodistas.com.mx\/portal\/wp-json\/wp\/v2\/tags?post=12789"}],"curies":[{"name":"wp","href":"https:\/\/api.w.org\/{rel}","templated":true}]}}