{"id":12786,"date":"2021-09-08T06:38:27","date_gmt":"2021-09-08T11:38:27","guid":{"rendered":"http:\/\/losperiodistas.com.mx\/portal\/?p=12786"},"modified":"2021-09-08T06:38:29","modified_gmt":"2021-09-08T11:38:29","slug":"brechadeguerrero-que-es-y-por-que-genera-tantos-sismos-el-financiero","status":"publish","type":"post","link":"https:\/\/losperiodistas.com.mx\/portal\/brechadeguerrero-que-es-y-por-que-genera-tantos-sismos-el-financiero\/","title":{"rendered":"#BrechaDeGuerrero: \u00bfQu\u00e9 es y por qu\u00e9 genera tantos sismos? | El Financiero"},"content":{"rendered":"\n<p style=\"font-size:18px\"><em>La brecha guerrerense no ha tenido actividad significativa en 100 a\u00f1os.<\/em><\/p>\n\n\n\n<p><\/p>\n\n\n\n<figure class=\"wp-block-image size-large\"><img fetchpriority=\"high\" decoding=\"async\" width=\"1024\" height=\"689\" src=\"https:\/\/losperiodistas.com.mx\/portal\/wp-content\/uploads\/2021\/09\/Captura-de-Pantalla-2021-09-08-a-las-6.35.53-1024x689.jpg\" alt=\"\" class=\"wp-image-12787\" srcset=\"https:\/\/losperiodistas.com.mx\/portal\/wp-content\/uploads\/2021\/09\/Captura-de-Pantalla-2021-09-08-a-las-6.35.53-1024x689.jpg 1024w, https:\/\/losperiodistas.com.mx\/portal\/wp-content\/uploads\/2021\/09\/Captura-de-Pantalla-2021-09-08-a-las-6.35.53-300x202.jpg 300w, https:\/\/losperiodistas.com.mx\/portal\/wp-content\/uploads\/2021\/09\/Captura-de-Pantalla-2021-09-08-a-las-6.35.53-768x517.jpg 768w, https:\/\/losperiodistas.com.mx\/portal\/wp-content\/uploads\/2021\/09\/Captura-de-Pantalla-2021-09-08-a-las-6.35.53-1536x1033.jpg 1536w, https:\/\/losperiodistas.com.mx\/portal\/wp-content\/uploads\/2021\/09\/Captura-de-Pantalla-2021-09-08-a-las-6.35.53.jpg 1882w\" sizes=\"(max-width: 1024px) 100vw, 1024px\" \/><\/figure>\n\n\n\n<p class=\"has-vivid-cyan-blue-color has-text-color has-medium-font-size\">EL FINANCIERO<\/p>\n\n\n\n<p>La franja costera es la&nbsp;<a href=\"http:\/\/www.cenapred.gob.mx\/es\/Publicaciones\/archivos\/280-INFOGRAFASISMOSENMXICO-BRECHADEGUERRERO.PDF\" target=\"_blank\" rel=\"noreferrer noopener\">zona s\u00edsmica<\/a>&nbsp;m\u00e1s activa en M\u00e9xico, la cual se ubica a lo largo de el litoral del Pac\u00edfico, abarcando desde Jalisco hasta Chiapas.<\/p>\n\n\n\n<p>Dentro de dicha franja se ha encontrado una importante&nbsp;<strong>brecha s\u00edsmica<\/strong>&nbsp;en la costa de Guerrero, entre Papanoa y Acapulco.<\/p>\n\n\n\n<p>La referida brecha s\u00edsmica ha despertado inter\u00e9s debido a que no han ocurrido grandes sismos en ella desde hace 100 a\u00f1os. En esta zona se ha detectado que han ocurrido seis grandes movimientos tel\u00faricos entre los a\u00f1os 1845 y 1911, los cuales llegaron a causar da\u00f1os importantes en el pa\u00eds en su momento.<\/p>\n\n\n\n<p><a href=\"https:\/\/www.elfinanciero.com.mx\/ciencia\/2021\/09\/07\/que-son-las-luces-que-se-ven-en-el-cielo-durante-los-sismos\/\"><\/a><a href=\"https:\/\/www.elfinanciero.com.mx\/ciencia\/2021\/09\/07\/que-son-las-luces-que-se-ven-en-el-cielo-durante-los-sismos\/\">\u00bfQu\u00e9 son las luces que se ven en el cielo durante los sismos?<\/a><\/p>\n\n\n\n<hr class=\"wp-block-separator\"\/>\n\n\n\n<p>A pesar de que cient\u00edficos anticiparon durante a\u00f1os un inminente gran temblor en la&nbsp;<strong>brecha de Guerrero<\/strong>, expertos tanto franceses como mexicanos&nbsp;<a href=\"http:\/\/ciencia.unam.mx\/leer\/783\/-es-inminente-otro-gran-sismo-en-la-brecha-de-guerrero-\" target=\"_blank\" rel=\"noreferrer noopener\">encontraron<\/a>&nbsp;evidencias de que, al contrario de lo que se cre\u00eda, la brecha significa un menor riesgo en comparaci\u00f3n a la franja costera en general, debido, entre otras cosas, a que tiene constantes sismos de menor intensidad.about:blank<\/p>\n\n\n\n<p>\u201cParece que la raz\u00f3n por la cual no ha habido grandes terremotos en la brecha de Guerrero es porque los sismos lentos han tomado los esfuerzos\u201d declar\u00f3 Allen Husker, del instituto de Geof\u00edsica en la UNAM.<\/p>\n\n\n\n<p>Sin embrago, sobre el sismo vivido este 7 de septiembre de 2021 se tiene la sospecha que provenga de la brecha de Guerrero, por lo que ser\u00eda el primer sismo de gran intensidad detectado en la zona despu\u00e9s de m\u00e1s de 100 a\u00f1os, seg\u00fan SkyAlert.<\/p>\n\n\n\n<figure class=\"wp-block-embed is-type-rich is-provider-twitter wp-block-embed-twitter\"><div class=\"wp-block-embed__wrapper\">\n<blockquote class=\"twitter-tweet\" data-width=\"500\" data-dnt=\"true\"><p lang=\"es\" dir=\"ltr\">Este sismo de 7.1 es posible que se trate de la <a href=\"https:\/\/twitter.com\/hashtag\/BrechaDeGuerrero?src=hash&amp;ref_src=twsrc%5Etfw\">#BrechaDeGuerrero<\/a>, zona que no hab\u00eda tenido actividad s\u00edsmica importante en m\u00e1s de 100 a\u00f1os. <a href=\"https:\/\/t.co\/8qa1WbKY1G\">https:\/\/t.co\/8qa1WbKY1G<\/a><\/p>&mdash; SkyAlert (@SkyAlertMx) <a href=\"https:\/\/twitter.com\/SkyAlertMx\/status\/1435431994926710786?ref_src=twsrc%5Etfw\">September 8, 2021<\/a><\/blockquote><script async src=\"https:\/\/platform.twitter.com\/widgets.js\" charset=\"utf-8\"><\/script>\n<\/div><\/figure>\n\n\n\n<p>Fuente: https:\/\/www.elfinanciero.com.mx\/nacional\/2021\/09\/07\/brechadeguerrero-que-es-y-por-que-genera-tantos-sismos\/<\/p>\n","protected":false},"excerpt":{"rendered":"<p>La brecha guerrerense no ha tenido actividad significativa en 100 a\u00f1os. EL FINANCIERO La franja costera es la&nbsp;zona s\u00edsmica&nbsp;m\u00e1s activa [&hellip;]<\/p>\n","protected":false},"author":1,"featured_media":12787,"comment_status":"open","ping_status":"open","sticky":false,"template":"","format":"standard","meta":{"site-sidebar-layout":"default","site-content-layout":"","ast-site-content-layout":"default","site-content-style":"default","site-sidebar-style":"default","ast-global-header-display":"","ast-banner-title-visibility":"","ast-main-header-display":"","ast-hfb-above-header-display":"","ast-hfb-below-header-display":"","ast-hfb-mobile-header-display":"","site-post-title":"","ast-breadcrumbs-content":"","ast-featured-img":"","footer-sml-layout":"","theme-transparent-header-meta":"","adv-header-id-meta":"","stick-header-meta":"","header-above-stick-meta":"","header-main-stick-meta":"","header-below-stick-meta":"","astra-migrate-meta-layouts":"default","ast-page-background-enabled":"default","ast-page-background-meta":{"desktop":{"background-color":"var(--ast-global-color-4)","background-image":"","background-repeat":"repeat","background-position":"center center","background-size":"auto","background-attachment":"scroll","background-type":"","background-media":"","overlay-type":"","overlay-color":"","overlay-opacity":"","overlay-gradient":""},"tablet":{"background-color":"","background-image":"","background-repeat":"repeat","background-position":"center center","background-size":"auto","background-attachment":"scroll","background-type":"","background-media":"","overlay-type":"","overlay-color":"","overlay-opacity":"","overlay-gradient":""},"mobile":{"background-color":"","background-image":"","background-repeat":"repeat","background-position":"center center","background-size":"auto","background-attachment":"scroll","background-type":"","background-media":"","overlay-type":"","overlay-color":"","overlay-opacity":"","overlay-gradient":""}},"ast-content-background-meta":{"desktop":{"background-color":"var(--ast-global-color-5)","background-image":"","background-repeat":"repeat","background-position":"center center","background-size":"auto","background-attachment":"scroll","background-type":"","background-media":"","overlay-type":"","overlay-color":"","overlay-opacity":"","overlay-gradient":""},"tablet":{"background-color":"var(--ast-global-color-5)","background-image":"","background-repeat":"repeat","background-position":"center center","background-size":"auto","background-attachment":"scroll","background-type":"","background-media":"","overlay-type":"","overlay-color":"","overlay-opacity":"","overlay-gradient":""},"mobile":{"background-color":"var(--ast-global-color-5)","background-image":"","background-repeat":"repeat","background-position":"center center","background-size":"auto","background-attachment":"scroll","background-type":"","background-media":"","overlay-type":"","overlay-color":"","overlay-opacity":"","overlay-gradient":""}},"footnotes":""},"categories":[8],"tags":[3878,3877],"class_list":["post-12786","post","type-post","status-publish","format-standard","has-post-thumbnail","hentry","category-noticias","tag-brechadeguerrero","tag-zona-sismica"],"_links":{"self":[{"href":"https:\/\/losperiodistas.com.mx\/portal\/wp-json\/wp\/v2\/posts\/12786","targetHints":{"allow":["GET"]}}],"collection":[{"href":"https:\/\/losperiodistas.com.mx\/portal\/wp-json\/wp\/v2\/posts"}],"about":[{"href":"https:\/\/losperiodistas.com.mx\/portal\/wp-json\/wp\/v2\/types\/post"}],"author":[{"embeddable":true,"href":"https:\/\/losperiodistas.com.mx\/portal\/wp-json\/wp\/v2\/users\/1"}],"replies":[{"embeddable":true,"href":"https:\/\/losperiodistas.com.mx\/portal\/wp-json\/wp\/v2\/comments?post=12786"}],"version-history":[{"count":1,"href":"https:\/\/losperiodistas.com.mx\/portal\/wp-json\/wp\/v2\/posts\/12786\/revisions"}],"predecessor-version":[{"id":12788,"href":"https:\/\/losperiodistas.com.mx\/portal\/wp-json\/wp\/v2\/posts\/12786\/revisions\/12788"}],"wp:featuredmedia":[{"embeddable":true,"href":"https:\/\/losperiodistas.com.mx\/portal\/wp-json\/wp\/v2\/media\/12787"}],"wp:attachment":[{"href":"https:\/\/losperiodistas.com.mx\/portal\/wp-json\/wp\/v2\/media?parent=12786"}],"wp:term":[{"taxonomy":"category","embeddable":true,"href":"https:\/\/losperiodistas.com.mx\/portal\/wp-json\/wp\/v2\/categories?post=12786"},{"taxonomy":"post_tag","embeddable":true,"href":"https:\/\/losperiodistas.com.mx\/portal\/wp-json\/wp\/v2\/tags?post=12786"}],"curies":[{"name":"wp","href":"https:\/\/api.w.org\/{rel}","templated":true}]}}