{"id":12780,"date":"2021-09-07T18:35:49","date_gmt":"2021-09-07T23:35:49","guid":{"rendered":"http:\/\/losperiodistas.com.mx\/portal\/?p=12780"},"modified":"2021-09-07T18:35:50","modified_gmt":"2021-09-07T23:35:50","slug":"sientes-estas-emociones-cuando-rezas-el-rosario-aleteia","status":"publish","type":"post","link":"https:\/\/losperiodistas.com.mx\/portal\/sientes-estas-emociones-cuando-rezas-el-rosario-aleteia\/","title":{"rendered":"\u00bfSientes estas emociones cuando rezas el Rosario? | Aleteia"},"content":{"rendered":"\n<p style=\"font-size:18px\"><em>Me gusta recorrer en el rosario los misterios de mi vida. Porque mi historia, reciente y lejana, est\u00e1 llena de misterios&#8230;<\/em><\/p>\n\n\n\n<p><\/p>\n\n\n\n<figure class=\"wp-block-image size-large\"><img fetchpriority=\"high\" decoding=\"async\" width=\"1024\" height=\"577\" src=\"https:\/\/losperiodistas.com.mx\/portal\/wp-content\/uploads\/2021\/09\/Captura-de-Pantalla-2021-09-07-a-las-18.32.49-1024x577.jpg\" alt=\"\" class=\"wp-image-12781\" srcset=\"https:\/\/losperiodistas.com.mx\/portal\/wp-content\/uploads\/2021\/09\/Captura-de-Pantalla-2021-09-07-a-las-18.32.49-1024x577.jpg 1024w, https:\/\/losperiodistas.com.mx\/portal\/wp-content\/uploads\/2021\/09\/Captura-de-Pantalla-2021-09-07-a-las-18.32.49-300x169.jpg 300w, https:\/\/losperiodistas.com.mx\/portal\/wp-content\/uploads\/2021\/09\/Captura-de-Pantalla-2021-09-07-a-las-18.32.49-768x433.jpg 768w, https:\/\/losperiodistas.com.mx\/portal\/wp-content\/uploads\/2021\/09\/Captura-de-Pantalla-2021-09-07-a-las-18.32.49.jpg 1238w\" sizes=\"(max-width: 1024px) 100vw, 1024px\" \/><figcaption>Pascal Deloche | Godong<\/figcaption><\/figure>\n\n\n\n<p class=\"has-vivid-cyan-blue-color has-text-color has-medium-font-size\">CARLOS PADILLA ESTEBAN \/ ALETEIA<\/p>\n\n\n\n<p><strong>Me gusta recorrer en el rosario los misterios de mi vida.<\/strong>&nbsp;Porque mi historia, reciente y lejana, est\u00e1 llena de misterios.<\/p>\n\n\n\n<p>Los misterios son esos momentos en los que Dios se hace presente en mi camino, en mi vida, revel\u00e1ndome sus deseos, sus sue\u00f1os, su amor hacia m\u00ed.<\/p>\n\n\n\n<p>Son esos momentos sagrados en los que en medio de la noche rompe la luz de la esperanza que brota de su coraz\u00f3n de Padre, del coraz\u00f3n de Mar\u00eda.<\/p>\n\n\n\n<p>En esos momentos duros comprendo que la cruz bendice el mundo aunque no lo entienda, sigo buscando respuestas, sabiendo que no vendr\u00e1n. Pero comprendo que s\u00f3lo Dios sabe lo est\u00e1 pasando en la oscuridad que vivo cuando sufro.<\/p>\n\n\n\n<p>Recorro tambi\u00e9n esos misterios alegres, momentos llenos de luz en los que el cielo se hace presente en medio de la tierra. \u00a1C\u00f3mo olvidarlos si en ellos toqu\u00e9 la piel de Dios en piel humana! Momentos de Tabor donde el misterio se me revela y veo a Dios sonri\u00e9ndome.<\/p>\n\n\n\n<p>Acaricio en las cuentas tambi\u00e9n esos instantes en los que las decisiones tomadas se hacen vida. Misterios sagrados en los que comprendo que Dios pasa de forma silenciosa en medio de mis dificultades, en medio de mis cruces y alegr\u00edas y me muestra el camino a seguir, a veces con dudas.<\/p>\n\n\n\n<p>Acaricio tambi\u00e9n esos misterios de esperanza en medio de este mundo tan desesperanzado.<\/p>\n\n\n\n<p>La verdad es que recorrer los misterios de mi vida me confronta con el Dios de mi camino. \u00c9l va caminando conmigo siempre y va tejiendo un tapiz, una obra de arte. \u00c9l y yo los dos en el mismo camino, en la misma barca.<\/p>\n\n\n\n<p>Por eso me gusta acariciar las cuentas del rosario alabando a Dios y alegr\u00e1ndome con Mar\u00eda. Sin ellos mi vida se queda vac\u00eda y el camino deja de contar con su presencia.<\/p>\n\n\n\n<p>Al repetir esas alabanzas cadenciosas del rosario el alma se llena de gratitud y brota s\u00fabitamente el silencio.<\/p>\n\n\n\n<p>\u00a1Cu\u00e1nto me cuesta callar para poder tocar a Dios en el silencio! No s\u00e9 bien c\u00f3mo sucede, pero acariciando las cuentas de mi rosario, Dios me acaba susurrando no s\u00e9 bien que cosas. Quiz\u00e1s no son muchas, s\u00f3lo las importantes.<\/p>\n\n\n\n<p>Me dice que me quiere, que me ha elegido, que en cada cosa que me pasa \u00c9l est\u00e1 conmigo y no me va a dejar nunca.<\/p>\n\n\n\n<p>Y as\u00ed me lleno de alegr\u00eda, de una paz inmensa mientras acaricio las cuentas de mi rosario. No pienso en nada, no lo necesito. No busco soluciones ni espero sabias respuestas. Y no quiero solucionar mis dudas ni pretendo tenerlo todo claro.<\/p>\n\n\n\n<p>S\u00f3lo s\u00e9 que en ese silencio con Dios recupero la paz y me quedo tranquilo. Dios sabe mejor lo que me conviene m\u00e1s all\u00e1 de las peticiones concretas que le grito al o\u00eddo.<\/p>\n\n\n\n<p>Sabe lo que necesito y sufre conmigo en todo lo que me pasa, mientras desgrano las cuentas de mi rosario.<\/p>\n\n\n\n<p>Lo \u00fanico que me promete es que estar\u00e1 conmigo cada d\u00eda, ya sea malo o bueno, soleado o lleno de nubes. Camina a mi lado sin soltarme la mano, as\u00ed como yo mismo no suelto las cuentas de mi rosario.<\/p>\n\n\n\n<p>Y entonces percibo su mano en la m\u00eda y me tranquilizo. Seguir\u00e9 sin tenerlo todo claro, pero al menos se me habr\u00e1 colado en el alma la paz al pensar en esos misterios de mi historia, en todo lo que ha pasado en mi vida.<\/p>\n\n\n\n<p>Son esos momentos sagrados en los que Dios sale a mi encuentro para decirme que me ama.<\/p>\n\n\n\n<p>Por eso me gusta caminar mientras acaricio las cuentas de mi rosario. Y le doy gracias a Dios por ser peregrino y por ser capaz no s\u00e9 bien c\u00f3mo de echar ra\u00edces en esa tierra que piso.<\/p>\n\n\n\n<p>Rezar el rosario con Mar\u00eda, en su coraz\u00f3n de Madre, calma mi sed, sacia mi hambre y me da una luz para la vida cuando me desanimo y pierdo la esperanza. Renuevo mi alianza de amor con Ella y la vuelvo a elegir.<\/p>\n\n\n\n<p>Sin Ella estar\u00eda perdido. Ella sostiene mis pasos, levanta mi mirada y me hace confiar dejando a un lado mis miedos.<\/p>\n\n\n\n<p>Camino y paso las cuentas de mi rosario. Y renuevo mi s\u00ed, me alegro por ese Dios que camina conmigo. Y no dejo de esperar su abrazo cada d\u00eda.<\/p>\n\n\n\n<p>Esa presencia de Mar\u00eda en mi camino me va haciendo m\u00e1s d\u00f3cil a Dios. Va despertando en mi coraz\u00f3n del deseo de entregarme totalmente a sus planes.<\/p>\n\n\n\n<p>Dec\u00eda el P. Kentenich:&nbsp;<em>\u00abLa palabra entrega total. \u00bfQu\u00e9 significa? Es la disponibilidad del coraz\u00f3n para consentir a Dios, incluso atendiendo a sus m\u00e1s m\u00ednimos deseos\u00bb.<\/em><\/p>\n\n\n\n<p>Para que ello sea posible es necesario aprender a confiar en el silencio de mi oraci\u00f3n, en ese di\u00e1logo callado con Dios mientras camino.<\/p>\n\n\n\n<p>En ese encuentro personal con Mar\u00eda cuando recorro mi vida y Ella va cambi\u00e1ndome por dentro y me va haciendo d\u00f3cil a los m\u00e1s leves deseos de Dios.<\/p>\n\n\n\n<p>Creo que a veces me puedo enamorar de ciertos ideales que me encienden, de proyectos que despiertan mi deseo de cambiar el mundo.<\/p>\n\n\n\n<p>Puede fascinarme esa gran misi\u00f3n que se abre ante mis ojos, pero mientras no est\u00e9 profundamente enamorados de Dios, de un Dios personal, todo ser\u00e1 muy fr\u00e1gil.<\/p>\n\n\n\n<p>Si la oraci\u00f3n no me ata a Dios en lo m\u00e1s \u00edntimo mis prop\u00f3sitos y elecciones no ser\u00e1n tan firmes. Es el amor a la persona lo que me cambia por dentro. Al amor a Jes\u00fas hombre, a Mar\u00eda hecha carne en mi vida.<\/p>\n\n\n\n<p>Es ese amor \u00fanico que Dios me hace recordar cada vez que recorro como un ni\u00f1o los misterios de mi vida. Y as\u00ed me enciendo en ese amor siempre de nuevo.\u00a0<strong>Un amor c\u00e1lido y profundo, un amor que me transforma por dentro para siempre. Un amor personal que me salva.<\/strong><\/p>\n\n\n\n<p>Fuente: https:\/\/es.aleteia.org\/2021\/09\/07\/sientes-estas-emociones-cuando-rezas-el-rosario\/<\/p>\n","protected":false},"excerpt":{"rendered":"<p>Me gusta recorrer en el rosario los misterios de mi vida. Porque mi historia, reciente y lejana, est\u00e1 llena de [&hellip;]<\/p>\n","protected":false},"author":1,"featured_media":12781,"comment_status":"open","ping_status":"open","sticky":false,"template":"","format":"standard","meta":{"site-sidebar-layout":"default","site-content-layout":"","ast-site-content-layout":"default","site-content-style":"default","site-sidebar-style":"default","ast-global-header-display":"","ast-banner-title-visibility":"","ast-main-header-display":"","ast-hfb-above-header-display":"","ast-hfb-below-header-display":"","ast-hfb-mobile-header-display":"","site-post-title":"","ast-breadcrumbs-content":"","ast-featured-img":"","footer-sml-layout":"","theme-transparent-header-meta":"","adv-header-id-meta":"","stick-header-meta":"","header-above-stick-meta":"","header-main-stick-meta":"","header-below-stick-meta":"","astra-migrate-meta-layouts":"default","ast-page-background-enabled":"default","ast-page-background-meta":{"desktop":{"background-color":"var(--ast-global-color-4)","background-image":"","background-repeat":"repeat","background-position":"center center","background-size":"auto","background-attachment":"scroll","background-type":"","background-media":"","overlay-type":"","overlay-color":"","overlay-opacity":"","overlay-gradient":""},"tablet":{"background-color":"","background-image":"","background-repeat":"repeat","background-position":"center center","background-size":"auto","background-attachment":"scroll","background-type":"","background-media":"","overlay-type":"","overlay-color":"","overlay-opacity":"","overlay-gradient":""},"mobile":{"background-color":"","background-image":"","background-repeat":"repeat","background-position":"center center","background-size":"auto","background-attachment":"scroll","background-type":"","background-media":"","overlay-type":"","overlay-color":"","overlay-opacity":"","overlay-gradient":""}},"ast-content-background-meta":{"desktop":{"background-color":"var(--ast-global-color-5)","background-image":"","background-repeat":"repeat","background-position":"center center","background-size":"auto","background-attachment":"scroll","background-type":"","background-media":"","overlay-type":"","overlay-color":"","overlay-opacity":"","overlay-gradient":""},"tablet":{"background-color":"var(--ast-global-color-5)","background-image":"","background-repeat":"repeat","background-position":"center center","background-size":"auto","background-attachment":"scroll","background-type":"","background-media":"","overlay-type":"","overlay-color":"","overlay-opacity":"","overlay-gradient":""},"mobile":{"background-color":"var(--ast-global-color-5)","background-image":"","background-repeat":"repeat","background-position":"center center","background-size":"auto","background-attachment":"scroll","background-type":"","background-media":"","overlay-type":"","overlay-color":"","overlay-opacity":"","overlay-gradient":""}},"footnotes":""},"categories":[8],"tags":[3875],"class_list":["post-12780","post","type-post","status-publish","format-standard","has-post-thumbnail","hentry","category-noticias","tag-rezo-del-rosario"],"_links":{"self":[{"href":"https:\/\/losperiodistas.com.mx\/portal\/wp-json\/wp\/v2\/posts\/12780","targetHints":{"allow":["GET"]}}],"collection":[{"href":"https:\/\/losperiodistas.com.mx\/portal\/wp-json\/wp\/v2\/posts"}],"about":[{"href":"https:\/\/losperiodistas.com.mx\/portal\/wp-json\/wp\/v2\/types\/post"}],"author":[{"embeddable":true,"href":"https:\/\/losperiodistas.com.mx\/portal\/wp-json\/wp\/v2\/users\/1"}],"replies":[{"embeddable":true,"href":"https:\/\/losperiodistas.com.mx\/portal\/wp-json\/wp\/v2\/comments?post=12780"}],"version-history":[{"count":1,"href":"https:\/\/losperiodistas.com.mx\/portal\/wp-json\/wp\/v2\/posts\/12780\/revisions"}],"predecessor-version":[{"id":12782,"href":"https:\/\/losperiodistas.com.mx\/portal\/wp-json\/wp\/v2\/posts\/12780\/revisions\/12782"}],"wp:featuredmedia":[{"embeddable":true,"href":"https:\/\/losperiodistas.com.mx\/portal\/wp-json\/wp\/v2\/media\/12781"}],"wp:attachment":[{"href":"https:\/\/losperiodistas.com.mx\/portal\/wp-json\/wp\/v2\/media?parent=12780"}],"wp:term":[{"taxonomy":"category","embeddable":true,"href":"https:\/\/losperiodistas.com.mx\/portal\/wp-json\/wp\/v2\/categories?post=12780"},{"taxonomy":"post_tag","embeddable":true,"href":"https:\/\/losperiodistas.com.mx\/portal\/wp-json\/wp\/v2\/tags?post=12780"}],"curies":[{"name":"wp","href":"https:\/\/api.w.org\/{rel}","templated":true}]}}