{"id":12777,"date":"2021-09-07T18:30:13","date_gmt":"2021-09-07T23:30:13","guid":{"rendered":"http:\/\/losperiodistas.com.mx\/portal\/?p=12777"},"modified":"2021-09-07T18:30:19","modified_gmt":"2021-09-07T23:30:19","slug":"aborto-en-mexico-la-suprema-corte-despenaliza-la-interrupcion-voluntaria-del-embarazo-en-un-fallo-historico-para-el-pais-bbc","status":"publish","type":"post","link":"https:\/\/losperiodistas.com.mx\/portal\/aborto-en-mexico-la-suprema-corte-despenaliza-la-interrupcion-voluntaria-del-embarazo-en-un-fallo-historico-para-el-pais-bbc\/","title":{"rendered":"Aborto en M\u00e9xico: la Suprema Corte despenaliza la interrupci\u00f3n voluntaria del embarazo en un fallo hist\u00f3rico para el pa\u00eds | BBC"},"content":{"rendered":"\n<figure class=\"wp-block-image size-large\"><img fetchpriority=\"high\" decoding=\"async\" width=\"1024\" height=\"575\" src=\"https:\/\/losperiodistas.com.mx\/portal\/wp-content\/uploads\/2021\/09\/Captura-de-Pantalla-2021-09-07-a-las-18.25.46-1024x575.jpg\" alt=\"\" class=\"wp-image-12778\" srcset=\"https:\/\/losperiodistas.com.mx\/portal\/wp-content\/uploads\/2021\/09\/Captura-de-Pantalla-2021-09-07-a-las-18.25.46-1024x575.jpg 1024w, https:\/\/losperiodistas.com.mx\/portal\/wp-content\/uploads\/2021\/09\/Captura-de-Pantalla-2021-09-07-a-las-18.25.46-300x168.jpg 300w, https:\/\/losperiodistas.com.mx\/portal\/wp-content\/uploads\/2021\/09\/Captura-de-Pantalla-2021-09-07-a-las-18.25.46-768x431.jpg 768w, https:\/\/losperiodistas.com.mx\/portal\/wp-content\/uploads\/2021\/09\/Captura-de-Pantalla-2021-09-07-a-las-18.25.46.jpg 1294w\" sizes=\"(max-width: 1024px) 100vw, 1024px\" \/><\/figure>\n\n\n\n<p class=\"has-vivid-cyan-blue-color has-text-color has-medium-font-size\">BBC NEWS MUNDO , Ciudad de M\u00e9xico<\/p>\n\n\n\n<p><strong>La Suprema Corte de Justicia (SCJN) de M\u00e9xico declar\u00f3 este martes que es inconstitucional criminalizar a las mujeres y personas gestantes que abortan durante la primera etapa de su embarazo en un fallo considerado hist\u00f3rico para el pa\u00eds.<\/strong><\/p>\n\n\n\n<p>Los ministros del pleno de la SCJN&nbsp;<strong>invalidaron por unanimidad<\/strong>&nbsp;la legislaci\u00f3n del estado de Coahuila que impone de uno a tres a\u00f1os de c\u00e1rcel \u00aba la mujer que voluntariamente practique su aborto o a la persona que le hiciere abortar con el consentimiento\u00bb.<\/p>\n\n\n\n<p>El fallo obliga a Coahuila a modificar su C\u00f3digo Penal al respecto. Sin embargo, por tratarse de una acci\u00f3n de inconstitucionalidad, la decisi\u00f3n de la Corte<strong>sienta&nbsp;<\/strong><strong>precedente para&nbsp;<\/strong><strong>su aplicaci\u00f3n en&nbsp;<\/strong><strong>el resto de estados de M\u00e9xico.<\/strong><\/p>\n\n\n\n<p>\u00abAl haberse alcanzado una mayor\u00eda que supera los ocho votos, las razones de la Corte&nbsp;<strong>obligan a todas y todos los jueces de M\u00e9xico; tanto federales como locales<\/strong><strong>\u00ab,<\/strong>&nbsp;expuso la SCJN en un comunicado.<\/p>\n\n\n\n<p>\u00abA partir de ahora, al resolver casos futuros, deber\u00e1n considerar que son inconstitucionales las normas penales de las entidades federativas que criminalicen el aborto de manera absoluta\u00bb, agreg\u00f3.<\/p>\n\n\n\n<p>El presidente de la Corte, Arturo Zald\u00edvar, asegur\u00f3 que con este fallo \u00abse inicia una nueva ruta de libertad, de claridad, de dignidad y de respeto a todas las personas gestantes, pero sobre todo a las mujeres\u00bb.<\/p>\n\n\n\n<p>\u00abEl d\u00eda de hoy&nbsp;<strong>es un paso m\u00e1s en la lucha hist\u00f3rica por su igualdad, por su dignidad y por el pleno ejercicio de sus derechos\u00bb<\/strong>, afirm\u00f3.<\/p>\n\n\n\n<h2 class=\"wp-block-heading\" id=\"Diferencias-entre-estados\">Diferencias entre estados<\/h2>\n\n\n\n<p>Hasta este martes, solo en cuatro de las 32 entidades del pa\u00eds se permite legalmente la interrupci\u00f3n voluntaria del embarazo durante las 12 primeras semanas de gestaci\u00f3n sin importar las razones:&nbsp;<strong>Ciudad de M\u00e9xico, Oaxaca, Hidalgo y Veracruz.<\/strong><\/p>\n\n\n\n<p>Cada estado contempla leyes relativas al aborto muy desiguales y diferentes en sus restricciones, lo que hace que mujeres en el pa\u00eds se desplacen para interrumpir su embarazo a otras ciudades como a la capital mexicana.<\/p>\n\n\n\n<figure class=\"wp-block-image\"><img decoding=\"async\" src=\"https:\/\/www.bbc.com\/ws\/includes\/idt2\/0e7ce009-413e-4a72-8d4d-bb9a537601c8\/image\/816\" alt=\"Map\"\/><\/figure>\n\n\n\n<p>Hasta ahora, el aborto es legal en todo M\u00e9xico&nbsp;<strong>solamente cuando el embarazo fue resultado de una violaci\u00f3n.<\/strong><\/p>\n\n\n\n<p>El pa\u00eds reconoce otras siete causales para permitir la interrupci\u00f3n del embarazo, tales como si existe riesgo para la salud y para la vida de la mujer o si el feto presenta malformaciones cong\u00e9nitas graves.<\/p>\n\n\n\n<p>Sin embargo,<strong>&nbsp;corresponde a los estados determinar cu\u00e1les de estas circunstancias acepta y cu\u00e1les no<\/strong>&nbsp;para que se pueda abortar en su territorio sin que sea considerado un delito. Guanajuato y Quer\u00e9taro son dos de las entidades m\u00e1s restrictivas del pa\u00eds.<\/p>\n\n\n\n<figure class=\"wp-block-image\"><img decoding=\"async\" src=\"https:\/\/ichef.bbci.co.uk\/news\/640\/cpsprodpb\/23F3\/production\/_120430290_c0c76282-8cfb-4b78-9568-7708e8dfe425.jpg\" alt=\"Protesta pro aborto en Mexico en 2020\"\/><\/figure>\n\n\n\n<p>En Ciudad de M\u00e9xico, desde la aprobaci\u00f3n de la ley en 2007 y hasta el pasado 30 de junio, se realizaron 237.643 interrupciones legales del embarazo, seg\u00fan datos de las autoridades capitalinas.<\/p>\n\n\n\n<p>M\u00e1s de 64.000 usuarias proced\u00edan del vecino Estado de M\u00e9xico, mientras que cerca de 4.000 llegaron de Puebla, Hidalgo y Morelos.<\/p>\n\n\n\n<h2 class=\"wp-block-heading\" id=\"A\u00f1os-de-protestas\">A\u00f1os de protestas<\/h2>\n\n\n\n<p>En los \u00faltimos a\u00f1os, M\u00e9xico ha sido escenario de grandes protestas para exigir que el aborto fuera legal en todo el pa\u00eds.<\/p>\n\n\n\n<p>Minutos despu\u00e9s de conocerse la decisi\u00f3n de la CSJN, el hashtag\u00a0<strong>#AbortoLegalMexico y #EsLey<\/strong>\u00a0se colocaron este martes en los dos primeros lugares de tendencias de Twitter gracias a quienes celebraron el fallo.<\/p>\n\n\n\n<figure class=\"wp-block-embed is-type-rich is-provider-twitter wp-block-embed-twitter\"><div class=\"wp-block-embed__wrapper\">\n<blockquote class=\"twitter-tweet\" data-width=\"500\" data-dnt=\"true\"><p lang=\"es\" dir=\"ltr\">\u00a1Hoy es un d\u00eda hist\u00f3rico!\u2705 <br>El fallo de la <a href=\"https:\/\/twitter.com\/SCJN?ref_src=twsrc%5Etfw\">@SCJN<\/a>  contra la criminalizaci\u00f3n del aborto en <a href=\"https:\/\/twitter.com\/hashtag\/Coahuila?src=hash&amp;ref_src=twsrc%5Etfw\">#Coahuila<\/a> establece un gran precedente para la lucha por el <a href=\"https:\/\/twitter.com\/hashtag\/AbortoLegalYSeguro?src=hash&amp;ref_src=twsrc%5Etfw\">#AbortoLegalYSeguro<\/a> a nivel nacional. \ud83d\udc9a<a href=\"https:\/\/twitter.com\/hashtag\/AbortoLegalMexico?src=hash&amp;ref_src=twsrc%5Etfw\">#AbortoLegalMexico<\/a> <a href=\"https:\/\/twitter.com\/hashtag\/QueSubaLaMarea?src=hash&amp;ref_src=twsrc%5Etfw\">#QueSubaLaMarea<\/a>\ud83d\udd25\ud83d\udc9a <a href=\"https:\/\/t.co\/93ATDpNxpc\">pic.twitter.com\/93ATDpNxpc<\/a><\/p>&mdash; ILSB (@ilsb_ac) <a href=\"https:\/\/twitter.com\/ilsb_ac\/status\/1435314695632785413?ref_src=twsrc%5Etfw\">September 7, 2021<\/a><\/blockquote><script async src=\"https:\/\/platform.twitter.com\/widgets.js\" charset=\"utf-8\"><\/script>\n<\/div><\/figure>\n\n\n\n<figure class=\"wp-block-embed is-type-rich is-provider-twitter wp-block-embed-twitter\"><div class=\"wp-block-embed__wrapper\">\n<blockquote class=\"twitter-tweet\" data-width=\"500\" data-dnt=\"true\"><p lang=\"es\" dir=\"ltr\">Y gan\u00f3 el s\u00ed, hoy todas agitemos nuestros pa\u00f1uelos verdes. \ud83d\udc9a\ud83d\udc9a\ud83d\udc9a\ud83d\udc9a\ud83d\udc9a <a href=\"https:\/\/twitter.com\/hashtag\/AbortoLegalMexico?src=hash&amp;ref_src=twsrc%5Etfw\">#AbortoLegalMexico<\/a> <a href=\"https:\/\/t.co\/zVbzEhozAd\">pic.twitter.com\/zVbzEhozAd<\/a><\/p>&mdash; Thona La Antipoeta \u2640\ufe0f (@Thonallich) <a href=\"https:\/\/twitter.com\/Thonallich\/status\/1435316857515479041?ref_src=twsrc%5Etfw\">September 7, 2021<\/a><\/blockquote><script async src=\"https:\/\/platform.twitter.com\/widgets.js\" charset=\"utf-8\"><\/script>\n<\/div><\/figure>\n\n\n\n<p>Aunque menos numerosos, tambi\u00e9n hubo usuarios de redes que se presentan como \u00abprovida\u00bb que criticaron abiertamente la decisi\u00f3n de los jueces.<\/p>\n\n\n\n<figure class=\"wp-block-embed is-type-rich is-provider-twitter wp-block-embed-twitter\"><div class=\"wp-block-embed__wrapper\">\n<blockquote class=\"twitter-tweet\" data-width=\"500\" data-dnt=\"true\"><p lang=\"es\" dir=\"ltr\"><a href=\"https:\/\/twitter.com\/hashtag\/SupremaInjusticia?src=hash&amp;ref_src=twsrc%5Etfw\">#SupremaInjusticia<\/a> <a href=\"https:\/\/twitter.com\/hashtag\/CorteAbortoNo?src=hash&amp;ref_src=twsrc%5Etfw\">#CorteAbortoNo<\/a> M\u00e9xico es provida y lo seguir\u00e1 siendo, por m\u00e1s despenalizaci\u00f3n del aborto que se sancione. 9 de cada 10 mexicanos elige la vida, \u00bfy la Suprema Corte de Injusticia no sabe escuchar a los mexicanos? Se\u00f1ores jueces, \u00a1la patria se los demandar\u00e1!<\/p>&mdash; Eduardo Ver\u00e1stegui (@EVerastegui) <a href=\"https:\/\/twitter.com\/EVerastegui\/status\/1435345022430371843?ref_src=twsrc%5Etfw\">September 7, 2021<\/a><\/blockquote><script async src=\"https:\/\/platform.twitter.com\/widgets.js\" charset=\"utf-8\"><\/script>\n<\/div><\/figure>\n\n\n\n<p>Preguntado por este tema horas antes de que se conociera el fallo de la SJCN,<strong>&nbsp;el presidente Andr\u00e9s Manuel L\u00f3pez Obrador evit\u00f3 pronunciarse ante la opini\u00f3n p\u00fablica.<\/strong><\/p>\n\n\n\n<p>\u00abLo tienen que resolver las mujeres, lo tiene que resolver el pueblo (&#8230;). Nosotros hemos actuado, en mi caso como presidente, con prudencia, de manera respetuosa, porque son temas muy controvertidos, pol\u00e9micos y no queremos nosotros alentar ninguna confrontaci\u00f3n\u00bb, dijo.<\/p>\n\n\n\n<p>\u00abLo mejor en este caso es que, si ya est\u00e1 en la Suprema Corte de Justicia, pues que ah\u00ed se resuelva, si ya lo est\u00e1n tratando,&nbsp;<strong>pero no tomar partido, en mi caso, no creo que sea lo m\u00e1s prudente\u00bb.<\/strong><\/p>\n\n\n\n<p>En Am\u00e9rica Latina, el aborto es legal \u00fanicamente en Uruguay, Cuba y, desde el pasado marzo, en Argentina.<\/p>\n\n\n\n<p>Activistas proaborto reconocieron entonces que esperaban que el cambio de ley en el pa\u00eds sudamericano presionara a otros pa\u00edses en la regi\u00f3n para que siguieran el ejemplo.<\/p>\n\n\n\n<p>Fuente: https:\/\/www.bbc.com\/mundo\/noticias-america-latina-58482259<\/p>\n","protected":false},"excerpt":{"rendered":"<p>BBC NEWS MUNDO , Ciudad de M\u00e9xico La Suprema Corte de Justicia (SCJN) de M\u00e9xico declar\u00f3 este martes que es [&hellip;]<\/p>\n","protected":false},"author":1,"featured_media":12778,"comment_status":"open","ping_status":"open","sticky":false,"template":"","format":"standard","meta":{"site-sidebar-layout":"default","site-content-layout":"","ast-site-content-layout":"default","site-content-style":"default","site-sidebar-style":"default","ast-global-header-display":"","ast-banner-title-visibility":"","ast-main-header-display":"","ast-hfb-above-header-display":"","ast-hfb-below-header-display":"","ast-hfb-mobile-header-display":"","site-post-title":"","ast-breadcrumbs-content":"","ast-featured-img":"","footer-sml-layout":"","theme-transparent-header-meta":"","adv-header-id-meta":"","stick-header-meta":"","header-above-stick-meta":"","header-main-stick-meta":"","header-below-stick-meta":"","astra-migrate-meta-layouts":"default","ast-page-background-enabled":"default","ast-page-background-meta":{"desktop":{"background-color":"var(--ast-global-color-4)","background-image":"","background-repeat":"repeat","background-position":"center center","background-size":"auto","background-attachment":"scroll","background-type":"","background-media":"","overlay-type":"","overlay-color":"","overlay-opacity":"","overlay-gradient":""},"tablet":{"background-color":"","background-image":"","background-repeat":"repeat","background-position":"center center","background-size":"auto","background-attachment":"scroll","background-type":"","background-media":"","overlay-type":"","overlay-color":"","overlay-opacity":"","overlay-gradient":""},"mobile":{"background-color":"","background-image":"","background-repeat":"repeat","background-position":"center center","background-size":"auto","background-attachment":"scroll","background-type":"","background-media":"","overlay-type":"","overlay-color":"","overlay-opacity":"","overlay-gradient":""}},"ast-content-background-meta":{"desktop":{"background-color":"var(--ast-global-color-5)","background-image":"","background-repeat":"repeat","background-position":"center center","background-size":"auto","background-attachment":"scroll","background-type":"","background-media":"","overlay-type":"","overlay-color":"","overlay-opacity":"","overlay-gradient":""},"tablet":{"background-color":"var(--ast-global-color-5)","background-image":"","background-repeat":"repeat","background-position":"center center","background-size":"auto","background-attachment":"scroll","background-type":"","background-media":"","overlay-type":"","overlay-color":"","overlay-opacity":"","overlay-gradient":""},"mobile":{"background-color":"var(--ast-global-color-5)","background-image":"","background-repeat":"repeat","background-position":"center center","background-size":"auto","background-attachment":"scroll","background-type":"","background-media":"","overlay-type":"","overlay-color":"","overlay-opacity":"","overlay-gradient":""}},"footnotes":""},"categories":[8],"tags":[3874],"class_list":["post-12777","post","type-post","status-publish","format-standard","has-post-thumbnail","hentry","category-noticias","tag-aborto-despenalizado"],"_links":{"self":[{"href":"https:\/\/losperiodistas.com.mx\/portal\/wp-json\/wp\/v2\/posts\/12777","targetHints":{"allow":["GET"]}}],"collection":[{"href":"https:\/\/losperiodistas.com.mx\/portal\/wp-json\/wp\/v2\/posts"}],"about":[{"href":"https:\/\/losperiodistas.com.mx\/portal\/wp-json\/wp\/v2\/types\/post"}],"author":[{"embeddable":true,"href":"https:\/\/losperiodistas.com.mx\/portal\/wp-json\/wp\/v2\/users\/1"}],"replies":[{"embeddable":true,"href":"https:\/\/losperiodistas.com.mx\/portal\/wp-json\/wp\/v2\/comments?post=12777"}],"version-history":[{"count":1,"href":"https:\/\/losperiodistas.com.mx\/portal\/wp-json\/wp\/v2\/posts\/12777\/revisions"}],"predecessor-version":[{"id":12779,"href":"https:\/\/losperiodistas.com.mx\/portal\/wp-json\/wp\/v2\/posts\/12777\/revisions\/12779"}],"wp:featuredmedia":[{"embeddable":true,"href":"https:\/\/losperiodistas.com.mx\/portal\/wp-json\/wp\/v2\/media\/12778"}],"wp:attachment":[{"href":"https:\/\/losperiodistas.com.mx\/portal\/wp-json\/wp\/v2\/media?parent=12777"}],"wp:term":[{"taxonomy":"category","embeddable":true,"href":"https:\/\/losperiodistas.com.mx\/portal\/wp-json\/wp\/v2\/categories?post=12777"},{"taxonomy":"post_tag","embeddable":true,"href":"https:\/\/losperiodistas.com.mx\/portal\/wp-json\/wp\/v2\/tags?post=12777"}],"curies":[{"name":"wp","href":"https:\/\/api.w.org\/{rel}","templated":true}]}}