{"id":12772,"date":"2021-09-07T18:20:18","date_gmt":"2021-09-07T23:20:18","guid":{"rendered":"http:\/\/losperiodistas.com.mx\/portal\/?p=12772"},"modified":"2021-09-07T18:20:19","modified_gmt":"2021-09-07T23:20:19","slug":"barbosa-aborda-la-sucesion-y-da-una-repasada-a-armenta-y-mier-e-consulta","status":"publish","type":"post","link":"https:\/\/losperiodistas.com.mx\/portal\/barbosa-aborda-la-sucesion-y-da-una-repasada-a-armenta-y-mier-e-consulta\/","title":{"rendered":"Barbosa aborda la sucesi\u00f3n y da una repasada a Armenta y Mier | E-Consulta"},"content":{"rendered":"\n<p>Se\u00f1al\u00f3 que en tres a\u00f1os como legisladores no han hecho nada, pero espera que ahora cambien sus acciones<\/p>\n\n\n\n<p><\/p>\n\n\n\n<figure class=\"wp-block-image size-large\"><img fetchpriority=\"high\" decoding=\"async\" width=\"1024\" height=\"682\" src=\"https:\/\/losperiodistas.com.mx\/portal\/wp-content\/uploads\/2021\/09\/Captura-de-Pantalla-2021-09-07-a-las-18.17.58-1024x682.jpg\" alt=\"\" class=\"wp-image-12775\" srcset=\"https:\/\/losperiodistas.com.mx\/portal\/wp-content\/uploads\/2021\/09\/Captura-de-Pantalla-2021-09-07-a-las-18.17.58-1024x682.jpg 1024w, https:\/\/losperiodistas.com.mx\/portal\/wp-content\/uploads\/2021\/09\/Captura-de-Pantalla-2021-09-07-a-las-18.17.58-300x200.jpg 300w, https:\/\/losperiodistas.com.mx\/portal\/wp-content\/uploads\/2021\/09\/Captura-de-Pantalla-2021-09-07-a-las-18.17.58-768x512.jpg 768w, https:\/\/losperiodistas.com.mx\/portal\/wp-content\/uploads\/2021\/09\/Captura-de-Pantalla-2021-09-07-a-las-18.17.58-1536x1024.jpg 1536w, https:\/\/losperiodistas.com.mx\/portal\/wp-content\/uploads\/2021\/09\/Captura-de-Pantalla-2021-09-07-a-las-18.17.58-2048x1365.jpg 2048w\" sizes=\"(max-width: 1024px) 100vw, 1024px\" \/><\/figure>\n\n\n\n<p><\/p>\n\n\n\n<p class=\"has-vivid-cyan-blue-color has-text-color has-medium-font-size\">CRISTI\u00c1N GARC\u00cdA \/ E-CONSULTA<\/p>\n\n\n\n<p>Durante su conferencia de prensa matutina,&nbsp;<strong>Miguel Barbosa Huerta<\/strong>, gobernador de Puebla, dio a conocer su opini\u00f3n respecto al inter\u00e9s por parte de los legisladores&nbsp;morenistas&nbsp;<strong>Ignacio Mier Velazco<\/strong>&nbsp;(diputado federal) y&nbsp;<strong>Alejandro Armenta Mier<\/strong>&nbsp;(senador) por la gubernatura de Puebla en 2024 y calific\u00f3 de&nbsp;<strong>ineficientes sus acciones como legisladores&nbsp;<\/strong>&nbsp;pero&nbsp;les&nbsp;<strong>dese\u00f3 \u00e9xito<\/strong>&nbsp;en sus aspiraciones.<\/p>\n\n\n\n<p>Barbosa mencion\u00f3 que&nbsp;<strong>ambos son pol\u00edticos profesionales<\/strong>, que entienden c\u00f3mo hacer las cosas y&nbsp;<strong>aprovechan coyunturas<\/strong>, por lo que espera que en dicha coyuntura los beneficiados sean los poblanos.<\/p>\n\n\n\n<p>El mandatario dijo que&nbsp;<strong>en tres a\u00f1os ambos pol\u00edticos no han hecho nada, desde sus cargos como legisladores, para que lleguen recursos al estado, aunque consider\u00f3 que ahora se<\/strong>&nbsp;empe\u00f1ar\u00e1n en&nbsp;<strong>generar mejores condiciones<\/strong>&nbsp;para Puebla, asunto que consider\u00f3 \u201cmuy leg\u00edtimo\u201d.<\/p>\n\n\n\n<p>\u201cEl diputado Mier ya tiene 3 a\u00f1os y va para la segunda legislatura. El senador Armenta ya tiene 3 a\u00f1os de su primera legislatura y va para su segunda legislatura del Senado y no ha habido forma (de que ayuden al estado)\u201d, se\u00f1al\u00f3 el mandatario.<\/p>\n\n\n\n<p><strong>Les recomend\u00f3 tambi\u00e9n limpiar sus expedientes<\/strong>, separar a los malos amigos y socios malos, pues entrar\u00e1n en un proceso de competencia interna entre ellos mismos y otros, en el cual se someten a la evaluaci\u00f3n de todo.<\/p>\n\n\n\n<p>Por otra parte, se\u00f1al\u00f3 que nadie puede ocultar de d\u00f3nde vienen Armenta y Mier y sus v\u00ednculos con personajes del pasado inmediato en Puebla, como Enrique Doger, en el caso del diputado Ignacio Mier.<\/p>\n\n\n\n<p>Barbosa dio la&nbsp;<strong>bienvenida a todos los participantes<\/strong>&nbsp;en la futura contienda por la titularidad del Ejecutivo iy dijo que la&nbsp;<strong>funci\u00f3n del gobierno<\/strong>&nbsp;ser\u00e1&nbsp;<strong>poner condiciones parejas para todos<\/strong>, hombres y mujeres, destacando que le gustar\u00eda&nbsp;<strong>ver alternativas de la sociedad civil<\/strong>, desde el lado de Morena.<\/p>\n\n\n\n<p>&nbsp;Agreg\u00f3 que le gustar\u00eda&nbsp;que el&nbsp;<strong>gobernador que lo sustituyera fuera un gobernador de izquierda<\/strong>: austero, honrado, de principios y convicciones, aliado de la gente por siempre. Record\u00f3 que las candidaturas se construyen a ras de tierra, no en reuniones con los ricos, y se definen por encuestas.<\/p>\n\n\n\n<p>Finalmente,\u00a0<strong>\u00a0a Mier y Armenta<\/strong>\u00a0<strong>les dese\u00f3 toda la fortuna<\/strong>\u00a0en la b\u00fasqueda de su aspiraci\u00f3n, as\u00ed como a todos los que vengan a mejorar con su esfuerzo el ambiente pol\u00edtico que tiene que ser para el bien de los ciudadanos y a los que buscan candidaturas en otros partidos tambi\u00e9n, estar\u00e1 desde el gobierno para poder generarles mejores condiciones a todos.<\/p>\n\n\n\n<p>Fuente: https:\/\/www.e-consulta.com\/nota\/2021-09-07\/politica\/barbosa-aborda-la-sucesion-y-da-una-repasada-armenta-y-mier<\/p>\n","protected":false},"excerpt":{"rendered":"<p>Se\u00f1al\u00f3 que en tres a\u00f1os como legisladores no han hecho nada, pero espera que ahora cambien sus acciones CRISTI\u00c1N GARC\u00cdA [&hellip;]<\/p>\n","protected":false},"author":1,"featured_media":12775,"comment_status":"open","ping_status":"open","sticky":false,"template":"","format":"standard","meta":{"site-sidebar-layout":"default","site-content-layout":"","ast-site-content-layout":"default","site-content-style":"default","site-sidebar-style":"default","ast-global-header-display":"","ast-banner-title-visibility":"","ast-main-header-display":"","ast-hfb-above-header-display":"","ast-hfb-below-header-display":"","ast-hfb-mobile-header-display":"","site-post-title":"","ast-breadcrumbs-content":"","ast-featured-img":"","footer-sml-layout":"","theme-transparent-header-meta":"","adv-header-id-meta":"","stick-header-meta":"","header-above-stick-meta":"","header-main-stick-meta":"","header-below-stick-meta":"","astra-migrate-meta-layouts":"default","ast-page-background-enabled":"default","ast-page-background-meta":{"desktop":{"background-color":"var(--ast-global-color-4)","background-image":"","background-repeat":"repeat","background-position":"center center","background-size":"auto","background-attachment":"scroll","background-type":"","background-media":"","overlay-type":"","overlay-color":"","overlay-opacity":"","overlay-gradient":""},"tablet":{"background-color":"","background-image":"","background-repeat":"repeat","background-position":"center center","background-size":"auto","background-attachment":"scroll","background-type":"","background-media":"","overlay-type":"","overlay-color":"","overlay-opacity":"","overlay-gradient":""},"mobile":{"background-color":"","background-image":"","background-repeat":"repeat","background-position":"center center","background-size":"auto","background-attachment":"scroll","background-type":"","background-media":"","overlay-type":"","overlay-color":"","overlay-opacity":"","overlay-gradient":""}},"ast-content-background-meta":{"desktop":{"background-color":"var(--ast-global-color-5)","background-image":"","background-repeat":"repeat","background-position":"center center","background-size":"auto","background-attachment":"scroll","background-type":"","background-media":"","overlay-type":"","overlay-color":"","overlay-opacity":"","overlay-gradient":""},"tablet":{"background-color":"var(--ast-global-color-5)","background-image":"","background-repeat":"repeat","background-position":"center center","background-size":"auto","background-attachment":"scroll","background-type":"","background-media":"","overlay-type":"","overlay-color":"","overlay-opacity":"","overlay-gradient":""},"mobile":{"background-color":"var(--ast-global-color-5)","background-image":"","background-repeat":"repeat","background-position":"center center","background-size":"auto","background-attachment":"scroll","background-type":"","background-media":"","overlay-type":"","overlay-color":"","overlay-opacity":"","overlay-gradient":""}},"footnotes":""},"categories":[8],"tags":[3642,3873,73,1305],"class_list":["post-12772","post","type-post","status-publish","format-standard","has-post-thumbnail","hentry","category-noticias","tag-alejandro-armenta","tag-ignacio-mier","tag-miguel-barbosa","tag-puebla-elecciones-2021"],"_links":{"self":[{"href":"https:\/\/losperiodistas.com.mx\/portal\/wp-json\/wp\/v2\/posts\/12772","targetHints":{"allow":["GET"]}}],"collection":[{"href":"https:\/\/losperiodistas.com.mx\/portal\/wp-json\/wp\/v2\/posts"}],"about":[{"href":"https:\/\/losperiodistas.com.mx\/portal\/wp-json\/wp\/v2\/types\/post"}],"author":[{"embeddable":true,"href":"https:\/\/losperiodistas.com.mx\/portal\/wp-json\/wp\/v2\/users\/1"}],"replies":[{"embeddable":true,"href":"https:\/\/losperiodistas.com.mx\/portal\/wp-json\/wp\/v2\/comments?post=12772"}],"version-history":[{"count":1,"href":"https:\/\/losperiodistas.com.mx\/portal\/wp-json\/wp\/v2\/posts\/12772\/revisions"}],"predecessor-version":[{"id":12776,"href":"https:\/\/losperiodistas.com.mx\/portal\/wp-json\/wp\/v2\/posts\/12772\/revisions\/12776"}],"wp:featuredmedia":[{"embeddable":true,"href":"https:\/\/losperiodistas.com.mx\/portal\/wp-json\/wp\/v2\/media\/12775"}],"wp:attachment":[{"href":"https:\/\/losperiodistas.com.mx\/portal\/wp-json\/wp\/v2\/media?parent=12772"}],"wp:term":[{"taxonomy":"category","embeddable":true,"href":"https:\/\/losperiodistas.com.mx\/portal\/wp-json\/wp\/v2\/categories?post=12772"},{"taxonomy":"post_tag","embeddable":true,"href":"https:\/\/losperiodistas.com.mx\/portal\/wp-json\/wp\/v2\/tags?post=12772"}],"curies":[{"name":"wp","href":"https:\/\/api.w.org\/{rel}","templated":true}]}}