{"id":12760,"date":"2021-09-07T09:39:35","date_gmt":"2021-09-07T14:39:35","guid":{"rendered":"http:\/\/losperiodistas.com.mx\/portal\/?p=12760"},"modified":"2021-09-07T09:39:36","modified_gmt":"2021-09-07T14:39:36","slug":"legalidad-y-legitimidad-en-la-sucesion-rectoral","status":"publish","type":"post","link":"https:\/\/losperiodistas.com.mx\/portal\/legalidad-y-legitimidad-en-la-sucesion-rectoral\/","title":{"rendered":"Legalidad y legitimidad en la sucesi\u00f3n rectoral"},"content":{"rendered":"\n<p><\/p>\n\n\n\n<p class=\"has-vivid-cyan-blue-color has-text-color\" style=\"font-size:26px\"><strong><em>Por Dr. Carlos Figueroa Ibarra<\/em><\/strong><\/p>\n\n\n\n<p><\/p>\n\n\n\n<p>El&nbsp;<strong>grupo dominante<\/strong>&nbsp;en la&nbsp;<strong>BUAP<\/strong>&nbsp;ha ido recorriendo de manera met\u00f3dica los pasos para colocar en la&nbsp;<strong>Rector\u00eda<\/strong>&nbsp;de la Instituci\u00f3n a la&nbsp;<strong>candidatura oficial<\/strong>. Aprovechando el diferendo entre las autoridades universitarias y el gobernador&nbsp;<strong>Luis Miguel Barbosa<\/strong>, desde fines del a\u00f1o pasado se construy\u00f3 una suerte de leyenda urbana. La misma pregonaba que el gobierno de la entidad planeaba hacer un&nbsp;<strong>asalto a las instalaciones universitarias<\/strong>&nbsp;y que esto ser\u00eda el pre\u00e1mbulo de una captura y encarcelamiento de importantes&nbsp;<strong>funcionarios universitarios<\/strong>.<\/p>\n\n\n\n<p>Nada de esto parece haber tenido un asidero en la realidad. Sin embargo, la narrativa sirvi\u00f3 a los operadores universitarios para organizar con personal de las distintas unidades acad\u00e9micas,&nbsp;<strong>rondas de vigilancia<\/strong>&nbsp;de las referidas instalaciones y enarbolar el discurso de una<strong>&nbsp;autonom\u00eda universitaria&nbsp;<\/strong>que estar\u00eda amenazada por un&nbsp;<strong>enemigo externo<\/strong>. Como suele suceder, la construcci\u00f3n de un enemigo externo sirve para construir una&nbsp;<strong>efectiva legitimidad<\/strong>.<\/p>\n\n\n\n<p>A lo largo de este a\u00f1o hemos visto a los constructores de la candidatura oficial promover la percepci\u00f3n de que todo estaba decidido y que la&nbsp;<strong>candidata oficial<\/strong>&nbsp;ser\u00eda la pr\u00f3xima&nbsp;<strong>rectora de la BUAP<\/strong>. Tambi\u00e9n hemos visto c\u00f3mo consiguieron adhesiones en las distintas unidades acad\u00e9micas haciendo uso de esa percepci\u00f3n y del&nbsp;<strong>miedo y oportunismo<\/strong>&nbsp;que gener\u00f3. Metodolog\u00eda (voto electr\u00f3nico) y calendario (primero elecci\u00f3n rectoral y luego de consejero\/as universitario\/as) forman parte de ese met\u00f3dico proceso que tendr\u00eda sus momentos estelares el 20 de septiembre (elecciones) y 4 de octubre (toma de posesi\u00f3n).<\/p>\n\n\n\n<p>Sin embargo, en ese proceso faltan todav\u00eda dos factores muy importantes a resolver. Uno de ellos es el tema de la&nbsp;<strong>legalidad<\/strong>&nbsp;y el otro es el de la&nbsp;<strong>legitimidad<\/strong>. El de la legalidad tiene escollos enfrente como son los recursos de amparo (dos al menos seg\u00fan se sabe) que no han sido resueltos por los&nbsp;<strong>jueces federales<\/strong>&nbsp;hasta el momento de escribir estas l\u00edneas. Si las autoridades judiciales resuelven&nbsp;<strong>en contra de dichos amparos<\/strong>&nbsp;el proceso seguir\u00e1 su curso normalmente. Si sucediera lo contrario, el proceso y el calendario tendr\u00eda que reponerse y quienes dirigen la universidad tendr\u00edan un problema notable en relaci\u00f3n a la percepci\u00f3n antes mencionada.<\/p>\n\n\n\n<p>En lo que se refiere a la legitimidad, los impulsores de la candidatura oficial resolvieron formalmente la semana pasada, el problema de una candidatura tan apabullante que amenazaba con volverse&nbsp;<strong>candidatura \u00fanica<\/strong>. Por fortuna para sus intereses, la&nbsp;<strong>Mtra. Guadalupe Grajales Porras&nbsp;<\/strong>se inscribi\u00f3 como candidata y tambi\u00e9n el&nbsp;<strong>Dr. Ricardo Paredes Solorio.&nbsp;<\/strong>En una nota publicada por Rodolfo Ruiz en e-consulta se dice que Paredes Solorio estar\u00eda negociando la&nbsp;<strong>Secretar\u00eda General<\/strong>&nbsp;de la universidad y cabe conjeturar que su participaci\u00f3n no ser\u00eda para ganar sino para ocupar alg\u00fan cargo. Tambi\u00e9n buscaron convencer a un estimable acad\u00e9mico del ICUAP, el&nbsp;<strong>Dr. V\u00edctor Tamariz<\/strong>, para que inscribiera su candidatura, hecho que finalmente no ocurri\u00f3.<\/p>\n\n\n\n<p>La legitimidad que dar\u00eda la&nbsp;<strong>imagen<\/strong>&nbsp;de una&nbsp;<strong>elecci\u00f3n rectoral competida<\/strong>&nbsp;y con varios candidatos es precaria. Las m\u00e1s de 54 mil adhesiones a la candidatura oficial, las apenas 277 para la Mtra. Grajales, 77 para el Dr. Tamariz y apenas 8 para los doctores Ricardo Paredes Solorio y Francisco V\u00e9lez Pliego, vuelve la&nbsp;<strong>competencia electoral<\/strong>&nbsp;una&nbsp;<strong>formalidad<\/strong>. En realidad se trata de una candidatura cuasi \u00fanica como se vio en la parafernalia masiva con globos y color feminista (violeta) que acompa\u00f1\u00f3 a su inscripci\u00f3n. M\u00e1s importante para la legitimaci\u00f3n ha resultado la publicaci\u00f3n de la&nbsp;<strong>Dra. Beatriz Guti\u00e9rrez M\u00fcller<\/strong>&nbsp;considerando el proceso libre, transparente y escrupulosamente legal.<\/p>\n\n\n\n<p>La b\u00fasqueda de legitimidad ha tenido tambi\u00e9n un escollo en la actividad del grupo de universitarios que impuls\u00f3 el&nbsp;<strong>Foro&nbsp;<em>Retos de la Nueva Agenda Universitaria<\/em><\/strong>. Dicho grupo ha construido un elaborado&nbsp;<strong>diagn\u00f3stico de la BUAP&nbsp;<\/strong>y una precisa plataforma program\u00e1tica. El que se buscara que uno de sus impulsores (el Dr. Tamariz) fuera candidato, revela la importancia para la legitimaci\u00f3n que tiene el absorber los planteamientos de&nbsp;<strong><em>Retos<\/em>&nbsp;<\/strong>dentro del programa oficialista. Ahora vemos que la candidatura oficial ha cambiado los colores feministas por los de la publicidad de&nbsp;<em>Retos<\/em>&nbsp;y ha adoptado el lema de&nbsp;<strong>\u201cNuevos Retos. Nuevos Tiempos\u201d.<\/strong>&nbsp;Imposible no evocar a la novela&nbsp;<em>El Gatopardo<\/em>&nbsp;de Giuseppe Tomassi de Lampedusa.<\/p>\n\n\n\n<p>En los pr\u00f3ximos d\u00edas se definir\u00e1 el curso de los acontecimientos en la BUAP para este mes de septiembre. Cualquiera que sea el veredicto con respecto a la legalidad, el curso de la&nbsp;<strong>sucesi\u00f3n rectoral deber\u00e1 ser pac\u00edfico<\/strong>&nbsp;y sin sobresaltos. M\u00e1s all\u00e1 de nuestras opiniones o preferencias, en esto \u00faltimo estamos de acuerdo todos los universitarios.<\/p>\n","protected":false},"excerpt":{"rendered":"<p>Por Dr. Carlos Figueroa Ibarra El&nbsp;grupo dominante&nbsp;en la&nbsp;BUAP&nbsp;ha ido recorriendo de manera met\u00f3dica los pasos para colocar en la&nbsp;Rector\u00eda&nbsp;de la [&hellip;]<\/p>\n","protected":false},"author":1,"featured_media":12761,"comment_status":"open","ping_status":"open","sticky":false,"template":"","format":"standard","meta":{"site-sidebar-layout":"default","site-content-layout":"","ast-site-content-layout":"default","site-content-style":"default","site-sidebar-style":"default","ast-global-header-display":"","ast-banner-title-visibility":"","ast-main-header-display":"","ast-hfb-above-header-display":"","ast-hfb-below-header-display":"","ast-hfb-mobile-header-display":"","site-post-title":"","ast-breadcrumbs-content":"","ast-featured-img":"","footer-sml-layout":"","theme-transparent-header-meta":"","adv-header-id-meta":"","stick-header-meta":"","header-above-stick-meta":"","header-main-stick-meta":"","header-below-stick-meta":"","astra-migrate-meta-layouts":"default","ast-page-background-enabled":"default","ast-page-background-meta":{"desktop":{"background-color":"var(--ast-global-color-4)","background-image":"","background-repeat":"repeat","background-position":"center center","background-size":"auto","background-attachment":"scroll","background-type":"","background-media":"","overlay-type":"","overlay-color":"","overlay-opacity":"","overlay-gradient":""},"tablet":{"background-color":"","background-image":"","background-repeat":"repeat","background-position":"center center","background-size":"auto","background-attachment":"scroll","background-type":"","background-media":"","overlay-type":"","overlay-color":"","overlay-opacity":"","overlay-gradient":""},"mobile":{"background-color":"","background-image":"","background-repeat":"repeat","background-position":"center center","background-size":"auto","background-attachment":"scroll","background-type":"","background-media":"","overlay-type":"","overlay-color":"","overlay-opacity":"","overlay-gradient":""}},"ast-content-background-meta":{"desktop":{"background-color":"var(--ast-global-color-5)","background-image":"","background-repeat":"repeat","background-position":"center center","background-size":"auto","background-attachment":"scroll","background-type":"","background-media":"","overlay-type":"","overlay-color":"","overlay-opacity":"","overlay-gradient":""},"tablet":{"background-color":"var(--ast-global-color-5)","background-image":"","background-repeat":"repeat","background-position":"center center","background-size":"auto","background-attachment":"scroll","background-type":"","background-media":"","overlay-type":"","overlay-color":"","overlay-opacity":"","overlay-gradient":""},"mobile":{"background-color":"var(--ast-global-color-5)","background-image":"","background-repeat":"repeat","background-position":"center center","background-size":"auto","background-attachment":"scroll","background-type":"","background-media":"","overlay-type":"","overlay-color":"","overlay-opacity":"","overlay-gradient":""}},"footnotes":""},"categories":[8,22],"tags":[3868],"class_list":["post-12760","post","type-post","status-publish","format-standard","has-post-thumbnail","hentry","category-noticias","category-opinion-invitada","tag-buap-eleccion-rector"],"_links":{"self":[{"href":"https:\/\/losperiodistas.com.mx\/portal\/wp-json\/wp\/v2\/posts\/12760","targetHints":{"allow":["GET"]}}],"collection":[{"href":"https:\/\/losperiodistas.com.mx\/portal\/wp-json\/wp\/v2\/posts"}],"about":[{"href":"https:\/\/losperiodistas.com.mx\/portal\/wp-json\/wp\/v2\/types\/post"}],"author":[{"embeddable":true,"href":"https:\/\/losperiodistas.com.mx\/portal\/wp-json\/wp\/v2\/users\/1"}],"replies":[{"embeddable":true,"href":"https:\/\/losperiodistas.com.mx\/portal\/wp-json\/wp\/v2\/comments?post=12760"}],"version-history":[{"count":1,"href":"https:\/\/losperiodistas.com.mx\/portal\/wp-json\/wp\/v2\/posts\/12760\/revisions"}],"predecessor-version":[{"id":12762,"href":"https:\/\/losperiodistas.com.mx\/portal\/wp-json\/wp\/v2\/posts\/12760\/revisions\/12762"}],"wp:featuredmedia":[{"embeddable":true,"href":"https:\/\/losperiodistas.com.mx\/portal\/wp-json\/wp\/v2\/media\/12761"}],"wp:attachment":[{"href":"https:\/\/losperiodistas.com.mx\/portal\/wp-json\/wp\/v2\/media?parent=12760"}],"wp:term":[{"taxonomy":"category","embeddable":true,"href":"https:\/\/losperiodistas.com.mx\/portal\/wp-json\/wp\/v2\/categories?post=12760"},{"taxonomy":"post_tag","embeddable":true,"href":"https:\/\/losperiodistas.com.mx\/portal\/wp-json\/wp\/v2\/tags?post=12760"}],"curies":[{"name":"wp","href":"https:\/\/api.w.org\/{rel}","templated":true}]}}