{"id":12757,"date":"2021-09-07T08:46:51","date_gmt":"2021-09-07T13:46:51","guid":{"rendered":"http:\/\/losperiodistas.com.mx\/portal\/?p=12757"},"modified":"2021-09-07T08:46:53","modified_gmt":"2021-09-07T13:46:53","slug":"primer-coloquio-de-patrimonio-cultural-inmaterial","status":"publish","type":"post","link":"https:\/\/losperiodistas.com.mx\/portal\/primer-coloquio-de-patrimonio-cultural-inmaterial\/","title":{"rendered":"Primer Coloquio de Patrimonio Cultural Inmaterial"},"content":{"rendered":"\n<p style=\"font-size:18px\"><em>Convoca el Ayuntamiento a trav\u00e9s del Instituto Municipal de Arte y Cultura<\/em><\/p>\n\n\n\n<p><\/p>\n\n\n\n<figure class=\"wp-block-image size-large\"><img fetchpriority=\"high\" decoding=\"async\" width=\"1024\" height=\"1024\" src=\"https:\/\/losperiodistas.com.mx\/portal\/wp-content\/uploads\/2021\/09\/Captura-de-Pantalla-2021-09-07-a-las-8.40.35-1024x1024.jpg\" alt=\"\" class=\"wp-image-12758\" srcset=\"https:\/\/losperiodistas.com.mx\/portal\/wp-content\/uploads\/2021\/09\/Captura-de-Pantalla-2021-09-07-a-las-8.40.35-1024x1024.jpg 1024w, https:\/\/losperiodistas.com.mx\/portal\/wp-content\/uploads\/2021\/09\/Captura-de-Pantalla-2021-09-07-a-las-8.40.35-300x300.jpg 300w, https:\/\/losperiodistas.com.mx\/portal\/wp-content\/uploads\/2021\/09\/Captura-de-Pantalla-2021-09-07-a-las-8.40.35-150x150.jpg 150w, https:\/\/losperiodistas.com.mx\/portal\/wp-content\/uploads\/2021\/09\/Captura-de-Pantalla-2021-09-07-a-las-8.40.35-768x767.jpg 768w, https:\/\/losperiodistas.com.mx\/portal\/wp-content\/uploads\/2021\/09\/Captura-de-Pantalla-2021-09-07-a-las-8.40.35-1536x1534.jpg 1536w, https:\/\/losperiodistas.com.mx\/portal\/wp-content\/uploads\/2021\/09\/Captura-de-Pantalla-2021-09-07-a-las-8.40.35.jpg 1626w\" sizes=\"(max-width: 1024px) 100vw, 1024px\" \/><\/figure>\n\n\n\n<p><\/p>\n\n\n\n<p class=\"has-vivid-cyan-blue-color has-text-color has-medium-font-size\">REDACCI\u00d3N<\/p>\n\n\n\n<p>Del 6 al 9 de septiembre, el Ayuntamiento de Puebla llevar\u00e1 a cabo el \u201cPrimer coloquio de patrimonio cultural inmaterial de la ciudad de Puebla: memoria viva e identidad\u201d el cual contar\u00e1 con cuatro conferencias magistrales, una presentaci\u00f3n de libro y seis mesas de trabajo.<br><br>Hoy, se inaugur\u00f3 el coloquio con la participaci\u00f3n de integrantes del comit\u00e9 organizador, conformado por el Instituto Municipal de Arte y Cultura de Puebla, la Gerencia del Centro Hist\u00f3rico y Patrimonio Cultural, el Archivo General Municipal de Puebla y la Secretar\u00eda de Turismo, todas dependencias del Gobierno Municipal.<br><br>Continu\u00f3 a las 15 horas con la primera conferencia magistral presentada por el Carlos J. Villase\u00f1or, quien impartir\u00e1 la charla \u201cPatrimonio inmaterial, derechos culturales y desarrollo sostenible: una triada indisoluble\u201d.<br><br>En d\u00edas subsecuentes, a las 15 horas, Delia Dom\u00ednguez Cuanalo hablar\u00e1 sobre las diversas expresiones del patrimonio cultural y su apropiaci\u00f3n el martes 7 de septiembre; Mar\u00eda Teresa Ventura Rodr\u00edguez se\u00f1alar\u00e1 la importancia de la historia de la industria textil como parte de la identidad de la ciudad el mi\u00e9rcoles 8; y Paola Vera B\u00e1ez abordar\u00e1 el tema de la gastronom\u00eda el jueves 9.<br><br>Asimismo, se har\u00e1 la presentaci\u00f3n del libro \u201cDel pueblo a la metr\u00f3poli: relatos sobre la junta auxiliar Ignacio Zaragoza del municipio de Puebla,\u201d de Efra\u00edn Guillen Flores y Juan Luis Rodr\u00edguez Flores, el mi\u00e9rcoles 8 de septiembre a las 14 horas, que retoma la memoria de las y los habitantes de la junta auxiliar Ignacio Zaragoza.<br><br>En las mesas de trabajo que se realizar\u00e1n los cuatro d\u00edas de 16 a 18 horas, el p\u00fablico encontrar\u00e1 estudios sobre el Patrimonio Cultural Inmaterial del municipio de Puebla en torno a la gastronom\u00eda, el baile, deportes, la oralidad, el arte y proyectos culturales.<br><br>Las sesiones se llevar\u00e1n a cabo de manera virtual en las plataformas de Zoom y se transmitir\u00e1n por Facebook Live del IMACP (https:\/\/www.facebook.com\/IMACP\/) del 6 al 9 de septiembre, 14:00 a 18:00 horas.<br>Para m\u00e1s informaci\u00f3n, consultar https:\/\/imacp.pueblacapital.gob.mx\/convocatorias\/item\/2429-1-coloquio-el-patrimonio-cultural-inmaterial-de-la-ciudad-de-puebla-memoria-viva-e-identidad.Visto\u00a0<strong>41<\/strong>\u00a0veces<\/p>\n\n\n\n<p>Fuente: https:\/\/www.pueblacapital.gob.mx\/noticias\/comunicados-de-prensa\/item\/15298-ayuntamiento-de-puebla-organiza-primer-coloquio-de-patrimonio-cultural-inmaterial<\/p>\n","protected":false},"excerpt":{"rendered":"<p>Convoca el Ayuntamiento a trav\u00e9s del Instituto Municipal de Arte y Cultura REDACCI\u00d3N Del 6 al 9 de septiembre, el [&hellip;]<\/p>\n","protected":false},"author":1,"featured_media":12758,"comment_status":"open","ping_status":"open","sticky":false,"template":"","format":"standard","meta":{"site-sidebar-layout":"default","site-content-layout":"","ast-site-content-layout":"default","site-content-style":"default","site-sidebar-style":"default","ast-global-header-display":"","ast-banner-title-visibility":"","ast-main-header-display":"","ast-hfb-above-header-display":"","ast-hfb-below-header-display":"","ast-hfb-mobile-header-display":"","site-post-title":"","ast-breadcrumbs-content":"","ast-featured-img":"","footer-sml-layout":"","theme-transparent-header-meta":"","adv-header-id-meta":"","stick-header-meta":"","header-above-stick-meta":"","header-main-stick-meta":"","header-below-stick-meta":"","astra-migrate-meta-layouts":"default","ast-page-background-enabled":"default","ast-page-background-meta":{"desktop":{"background-color":"var(--ast-global-color-4)","background-image":"","background-repeat":"repeat","background-position":"center center","background-size":"auto","background-attachment":"scroll","background-type":"","background-media":"","overlay-type":"","overlay-color":"","overlay-opacity":"","overlay-gradient":""},"tablet":{"background-color":"","background-image":"","background-repeat":"repeat","background-position":"center center","background-size":"auto","background-attachment":"scroll","background-type":"","background-media":"","overlay-type":"","overlay-color":"","overlay-opacity":"","overlay-gradient":""},"mobile":{"background-color":"","background-image":"","background-repeat":"repeat","background-position":"center center","background-size":"auto","background-attachment":"scroll","background-type":"","background-media":"","overlay-type":"","overlay-color":"","overlay-opacity":"","overlay-gradient":""}},"ast-content-background-meta":{"desktop":{"background-color":"var(--ast-global-color-5)","background-image":"","background-repeat":"repeat","background-position":"center center","background-size":"auto","background-attachment":"scroll","background-type":"","background-media":"","overlay-type":"","overlay-color":"","overlay-opacity":"","overlay-gradient":""},"tablet":{"background-color":"var(--ast-global-color-5)","background-image":"","background-repeat":"repeat","background-position":"center center","background-size":"auto","background-attachment":"scroll","background-type":"","background-media":"","overlay-type":"","overlay-color":"","overlay-opacity":"","overlay-gradient":""},"mobile":{"background-color":"var(--ast-global-color-5)","background-image":"","background-repeat":"repeat","background-position":"center center","background-size":"auto","background-attachment":"scroll","background-type":"","background-media":"","overlay-type":"","overlay-color":"","overlay-opacity":"","overlay-gradient":""}},"footnotes":""},"categories":[8],"tags":[3867],"class_list":["post-12757","post","type-post","status-publish","format-standard","has-post-thumbnail","hentry","category-noticias","tag-cultura-inmaterial-puebla"],"_links":{"self":[{"href":"https:\/\/losperiodistas.com.mx\/portal\/wp-json\/wp\/v2\/posts\/12757","targetHints":{"allow":["GET"]}}],"collection":[{"href":"https:\/\/losperiodistas.com.mx\/portal\/wp-json\/wp\/v2\/posts"}],"about":[{"href":"https:\/\/losperiodistas.com.mx\/portal\/wp-json\/wp\/v2\/types\/post"}],"author":[{"embeddable":true,"href":"https:\/\/losperiodistas.com.mx\/portal\/wp-json\/wp\/v2\/users\/1"}],"replies":[{"embeddable":true,"href":"https:\/\/losperiodistas.com.mx\/portal\/wp-json\/wp\/v2\/comments?post=12757"}],"version-history":[{"count":1,"href":"https:\/\/losperiodistas.com.mx\/portal\/wp-json\/wp\/v2\/posts\/12757\/revisions"}],"predecessor-version":[{"id":12759,"href":"https:\/\/losperiodistas.com.mx\/portal\/wp-json\/wp\/v2\/posts\/12757\/revisions\/12759"}],"wp:featuredmedia":[{"embeddable":true,"href":"https:\/\/losperiodistas.com.mx\/portal\/wp-json\/wp\/v2\/media\/12758"}],"wp:attachment":[{"href":"https:\/\/losperiodistas.com.mx\/portal\/wp-json\/wp\/v2\/media?parent=12757"}],"wp:term":[{"taxonomy":"category","embeddable":true,"href":"https:\/\/losperiodistas.com.mx\/portal\/wp-json\/wp\/v2\/categories?post=12757"},{"taxonomy":"post_tag","embeddable":true,"href":"https:\/\/losperiodistas.com.mx\/portal\/wp-json\/wp\/v2\/tags?post=12757"}],"curies":[{"name":"wp","href":"https:\/\/api.w.org\/{rel}","templated":true}]}}