{"id":12752,"date":"2021-09-07T07:58:54","date_gmt":"2021-09-07T12:58:54","guid":{"rendered":"http:\/\/losperiodistas.com.mx\/portal\/?p=12752"},"modified":"2021-09-07T06:59:12","modified_gmt":"2021-09-07T11:59:12","slug":"piromanos","status":"publish","type":"post","link":"https:\/\/losperiodistas.com.mx\/portal\/piromanos\/","title":{"rendered":"Pir\u00f3manos"},"content":{"rendered":"\n<p style=\"font-size:22px\">\u00bfDe los derechos y las responsabilidades compartidas frente al Cambio Clim\u00e1tico?<\/p>\n\n\n\n<p><\/p>\n\n\n\n<p class=\"has-vivid-cyan-blue-color has-text-color\" style=\"font-size:26px\"><strong><em>Jos\u00e9 Ojeda Bustamante<\/em><\/strong><\/p>\n\n\n\n<p>Imagine lector la siguiente escena: se trata de un adulto, ordenado y responsable ante la sociedad, que, sin embargo, gusta de una particular atracci\u00f3n: el fuego y la provocaci\u00f3n deliberada de incendios.<\/p>\n\n\n\n<p>Ahora imagine que un terrible incendio azota la colonia en la que vive y que en lugar de buscar salvaguardar su vida y la de los suyos, nuestro personaje en cuesti\u00f3n siente la irremediable tentaci\u00f3n, pese a que la evidencia le indique una cat\u00e1strofe inminente, de provocar fiel a su costumbre aquello que le causa placer: es decir un incendio. As\u00ed lo hace, con el irremediable final que todos pueden intuir. Estamos ante el comportamiento patol\u00f3gico de lo que la psicolog\u00eda denomina como un pir\u00f3mano.<\/p>\n\n\n\n<p>Lo absurdo que puede sonar el comportamiento de nuestro nada entra\u00f1able personaje, no es sin embargo, tan extra\u00f1o si lo situamos en la perspectiva del posicionamiento que en conjunto gobierno y sociedad, estamos asumiendo frente a los informes y noticias que con mas frecuencia nos se\u00f1alan la intensificaci\u00f3n de los efectos del cambio clim\u00e1tico en nuestras vidas y lo que se avecina.<\/p>\n\n\n\n<p>Y es que nuestra casa com\u00fan \u201cla tierra\u201d, se calienta, se \u201cquema\u201d y nosotros, cual pir\u00f3manos, lo \u00fanico que hemos decidido hacer es continuar azuzando incendios. \u00bfActuamos acaso como pir\u00f3manos y no nos hemos dado cuenta?<\/p>\n\n\n\n<p>As\u00ed por lo menos, lo atestigua el \u00faltimo informe presentado hace unos d\u00edas por el Panel Intergubernamental del <strong>Cambio Clim\u00e1tico (IPCC por sus siglas en ingl\u00e9s), titulado Cambio Clim\u00e1tico 2021: Bases f\u00edsicas cient\u00edficas<\/strong>, en el que presenta informaci\u00f3n que dicho coloquialmente puede ser catalogada como desalentadora, ya no para nosotros como mexicanos, sino para toda la especie humana.<\/p>\n\n\n\n<p>\u00bfPor qu\u00e9? Algunas pinceladas al respecto: El informe confirma que la temperatura media mundial aument\u00f3 en 1.1 \u00b0C entre 2011 y 2020 respecto al periodo 1850-1900. Nos dice tambi\u00e9n, que los \u00faltimos cinco a\u00f1os fueron los m\u00e1s calurosos registrados desde 1850 y que esto genera que el reciente aumento del nivel del mar, sea casi el triple en comparaci\u00f3n con el observado entre 1901 y 1971.<\/p>\n\n\n\n<p>De igual manera sentencia que, con base a la evidencia, es \u201cmuy probable (90\u202f%)\u201d que la influencia humana sea el principal impulsor del deshielo global de los glaciares desde la d\u00e9cada de 1990 y de la disminuci\u00f3n del hielo marino del \u00c1rtico.<\/p>\n\n\n\n<p>De manera tal que el calentamiento del planeta, no tiene precedentes en los \u00faltimos 2000 a\u00f1os, puesto que la concentraci\u00f3n del bi\u00f3xido de carbono (denominado en forma simplificada como CO<sub>2<\/sub>), en la atm\u00f3sfera es la m\u00e1s alta en 2 millones de a\u00f1os; mientras que las respectivas de los gases de metano y \u00f3xido nitroso no se hab\u00edan registrado en 800\u202f000 a\u00f1os. Estos son los tres gases, conocidos como de efecto invernadero (GEI), son los principales causante del aumento de la temperatura media global, respecto a los niveles preindustriales.<\/p>\n\n\n\n<p>\u00bfConsecuencias? Demasiado a la vista para omitirlas o pasar de largo ante ellas, huracanes con mayor intensidad como Grace, los incendios producto de altas temperaturas en California y disminuci\u00f3n de las lluvias, desastres naturales de origen clim\u00e1tico como las heladas en Texas y el norte de M\u00e9xico, que de \u201cnaturales\u201d tienen ya bien poco, pero que resultan a\u00fan m\u00e1s peligroso cuando los normalizamos, como al parecer ya lo hemos hecho.<\/p>\n\n\n\n<p>Todo lo anterior cobra a\u00fan m\u00e1s relevancia por un hecho que, si bien puede ser analizado desde distintas aristas, me gustar\u00eda enmarcarlo dentro del hilo argumentativo que estoy compartiendo.<\/p>\n\n\n\n<p>El jueves de la semana pasada, un grupo de senadores mexicanos del Partido Acci\u00f3n Nacional (PAN) se reuni\u00f3 en M\u00e9xico con Santiago Abascal, l\u00edder del partido espa\u00f1ol de extrema derecha Vox, para firmar un documento denominado &#8216;Carta de Madrid\u00bb, en el que se comprometen a defender \u00abla libertad y la democracia\u00bb en la \u00abIberosfera\u00bb y de manera expresa para hacer frente al avance del narcocomunismo en la Iberosfera.<\/p>\n\n\n\n<p>Pero que tiene que ver Vox con el cambio clim\u00e1tico. Para aquellos que no lo sepan, Vox es el \u00fanico partido espa\u00f1ol que niega el calentamiento global o, para ser m\u00e1s exactos, al que le dan igual sus consecuencias. Jorge Buxad\u00e9, su portavoz dijo respecto al informe del IPCC, que ac\u00e1 hemos expuesto, que se trata de \u201cla mayor alerta de p\u00e1nico clim\u00e1tico\u201d; y su presidente, Santiago Abascal, lo ridiculiz\u00f3 tach\u00e1ndolo de manera lisa y llama como una \u201creligi\u00f3n clim\u00e1tica\u201d. De manera tal, que la oposici\u00f3n en M\u00e9xico mantenga este tipo de agendas, es por dem\u00e1s lamentable y de un enanismo intelectual estrepitoso.<\/p>\n\n\n\n<p>Si la oposici\u00f3n tiene su parte, lamentable tambi\u00e9n es que el actual gobierno, tenga que lidiar con empresas que en su momento \u201cvendieron espejos\u201d en torno a la econom\u00eda verde, pero que enmascaraban una agenda de saqueo de nuestros recursos a la manera del salvaje oeste.<\/p>\n\n\n\n<p>Dicho sea de paso, flaco favor le hicieron a nuestro pa\u00eds gobiernos y empresas que tiraron por la borda, gran parte de la credibilidad en torno a la agenda verde que reci\u00e9n comenzaba a plantearse, a inicios del presente siglo en nuestro pa\u00eds, la cual al quedar tan desprestigiada, implic\u00f3 un cambio de tim\u00f3n con el presidente Andr\u00e9s Manuel L\u00f3pez Obrador en procurar antes que la sustentabilidad, alcanzar los objetivos de independencia y soberan\u00eda energ\u00e9tica, centrando la matriz energ\u00e9tica de M\u00e9xico en salvar, antes que innovar en aquellos recursos que ya tenemos.<\/p>\n\n\n\n<p>Estamos ante un escenario en ruinas y la analog\u00eda no es catastrofista, sino real. Convendr\u00eda nuevamente replantear en conjunto desde las ant\u00edpodas <strong>\u00bfqu\u00e9 tipo de semillas podemos rescatar de esta nueva realidad? \u00bfQu\u00e9 agenda m\u00ednima se ha de impulsar independientemente de izquierdas y derechas? \u00bfHa llegado el momento de hablar de justicia clim\u00e1tica o replantear una nueva agenda de acci\u00f3n clim\u00e1tica?<\/strong><\/p>\n\n\n\n<p>Algo es seguro; polarizando el discurso y regresando a proclamas desvencijadas y anacr\u00f3nicas, no se llegar\u00e1 definitivamente a buen puerto.<\/p>\n\n\n\n<p>@ojedapepe<\/p>\n","protected":false},"excerpt":{"rendered":"<p>\u00bfDe los derechos y las responsabilidades compartidas frente al Cambio Clim\u00e1tico? Jos\u00e9 Ojeda Bustamante Imagine lector la siguiente escena: se [&hellip;]<\/p>\n","protected":false},"author":1,"featured_media":12053,"comment_status":"open","ping_status":"open","sticky":false,"template":"","format":"standard","meta":{"site-sidebar-layout":"default","site-content-layout":"","ast-site-content-layout":"default","site-content-style":"default","site-sidebar-style":"default","ast-global-header-display":"","ast-banner-title-visibility":"","ast-main-header-display":"","ast-hfb-above-header-display":"","ast-hfb-below-header-display":"","ast-hfb-mobile-header-display":"","site-post-title":"","ast-breadcrumbs-content":"","ast-featured-img":"","footer-sml-layout":"","theme-transparent-header-meta":"","adv-header-id-meta":"","stick-header-meta":"","header-above-stick-meta":"","header-main-stick-meta":"","header-below-stick-meta":"","astra-migrate-meta-layouts":"default","ast-page-background-enabled":"default","ast-page-background-meta":{"desktop":{"background-color":"var(--ast-global-color-4)","background-image":"","background-repeat":"repeat","background-position":"center center","background-size":"auto","background-attachment":"scroll","background-type":"","background-media":"","overlay-type":"","overlay-color":"","overlay-opacity":"","overlay-gradient":""},"tablet":{"background-color":"","background-image":"","background-repeat":"repeat","background-position":"center center","background-size":"auto","background-attachment":"scroll","background-type":"","background-media":"","overlay-type":"","overlay-color":"","overlay-opacity":"","overlay-gradient":""},"mobile":{"background-color":"","background-image":"","background-repeat":"repeat","background-position":"center center","background-size":"auto","background-attachment":"scroll","background-type":"","background-media":"","overlay-type":"","overlay-color":"","overlay-opacity":"","overlay-gradient":""}},"ast-content-background-meta":{"desktop":{"background-color":"var(--ast-global-color-5)","background-image":"","background-repeat":"repeat","background-position":"center center","background-size":"auto","background-attachment":"scroll","background-type":"","background-media":"","overlay-type":"","overlay-color":"","overlay-opacity":"","overlay-gradient":""},"tablet":{"background-color":"var(--ast-global-color-5)","background-image":"","background-repeat":"repeat","background-position":"center center","background-size":"auto","background-attachment":"scroll","background-type":"","background-media":"","overlay-type":"","overlay-color":"","overlay-opacity":"","overlay-gradient":""},"mobile":{"background-color":"var(--ast-global-color-5)","background-image":"","background-repeat":"repeat","background-position":"center center","background-size":"auto","background-attachment":"scroll","background-type":"","background-media":"","overlay-type":"","overlay-color":"","overlay-opacity":"","overlay-gradient":""}},"footnotes":""},"categories":[2043,8],"tags":[176],"class_list":["post-12752","post","type-post","status-publish","format-standard","has-post-thumbnail","hentry","category-en-las-antipodas-2","category-noticias","tag-cambio-climatico"],"_links":{"self":[{"href":"https:\/\/losperiodistas.com.mx\/portal\/wp-json\/wp\/v2\/posts\/12752","targetHints":{"allow":["GET"]}}],"collection":[{"href":"https:\/\/losperiodistas.com.mx\/portal\/wp-json\/wp\/v2\/posts"}],"about":[{"href":"https:\/\/losperiodistas.com.mx\/portal\/wp-json\/wp\/v2\/types\/post"}],"author":[{"embeddable":true,"href":"https:\/\/losperiodistas.com.mx\/portal\/wp-json\/wp\/v2\/users\/1"}],"replies":[{"embeddable":true,"href":"https:\/\/losperiodistas.com.mx\/portal\/wp-json\/wp\/v2\/comments?post=12752"}],"version-history":[{"count":1,"href":"https:\/\/losperiodistas.com.mx\/portal\/wp-json\/wp\/v2\/posts\/12752\/revisions"}],"predecessor-version":[{"id":12753,"href":"https:\/\/losperiodistas.com.mx\/portal\/wp-json\/wp\/v2\/posts\/12752\/revisions\/12753"}],"wp:featuredmedia":[{"embeddable":true,"href":"https:\/\/losperiodistas.com.mx\/portal\/wp-json\/wp\/v2\/media\/12053"}],"wp:attachment":[{"href":"https:\/\/losperiodistas.com.mx\/portal\/wp-json\/wp\/v2\/media?parent=12752"}],"wp:term":[{"taxonomy":"category","embeddable":true,"href":"https:\/\/losperiodistas.com.mx\/portal\/wp-json\/wp\/v2\/categories?post=12752"},{"taxonomy":"post_tag","embeddable":true,"href":"https:\/\/losperiodistas.com.mx\/portal\/wp-json\/wp\/v2\/tags?post=12752"}],"curies":[{"name":"wp","href":"https:\/\/api.w.org\/{rel}","templated":true}]}}