{"id":12749,"date":"2021-09-07T06:56:37","date_gmt":"2021-09-07T11:56:37","guid":{"rendered":"http:\/\/losperiodistas.com.mx\/portal\/?p=12749"},"modified":"2021-09-07T06:56:38","modified_gmt":"2021-09-07T11:56:38","slug":"mas-rivalidad-entre-bartlett-y-adan-augusto","status":"publish","type":"post","link":"https:\/\/losperiodistas.com.mx\/portal\/mas-rivalidad-entre-bartlett-y-adan-augusto\/","title":{"rendered":"\u00bfM\u00e1s rivalidad entre Bartlett y Ad\u00e1n Augusto?"},"content":{"rendered":"\n<p style=\"font-size:22px\">*Memorable enfrentamiento verbal de ambos en 2020<\/p>\n\n\n\n<p><\/p>\n\n\n\n<figure class=\"wp-block-image size-large\"><img fetchpriority=\"high\" decoding=\"async\" width=\"960\" height=\"540\" src=\"https:\/\/losperiodistas.com.mx\/portal\/wp-content\/uploads\/2021\/09\/MANUEL-BARTLETT-Y-ADA\u0301N-AUGUSTO-LO\u0301PEZ.jpeg\" alt=\"\" class=\"wp-image-12750\" srcset=\"https:\/\/losperiodistas.com.mx\/portal\/wp-content\/uploads\/2021\/09\/MANUEL-BARTLETT-Y-ADA\u0301N-AUGUSTO-LO\u0301PEZ.jpeg 960w, https:\/\/losperiodistas.com.mx\/portal\/wp-content\/uploads\/2021\/09\/MANUEL-BARTLETT-Y-ADA\u0301N-AUGUSTO-LO\u0301PEZ-300x169.jpeg 300w, https:\/\/losperiodistas.com.mx\/portal\/wp-content\/uploads\/2021\/09\/MANUEL-BARTLETT-Y-ADA\u0301N-AUGUSTO-LO\u0301PEZ-768x432.jpeg 768w\" sizes=\"(max-width: 960px) 100vw, 960px\" \/><\/figure>\n\n\n\n<p class=\"has-vivid-cyan-blue-color has-text-color\" style=\"font-size:26px\"><strong><em>Por Ra\u00fal Torres Salmer\u00f3n<\/em><\/strong><\/p>\n\n\n\n<p>En estos asuntos de la Cuarta Transformaci\u00f3n, es previsible encuentros inc\u00f3modos o de m\u00e1s enfrentamientos entre el Director de la Comisi\u00f3n Federal de Electricidad (CFE), Manuel Bartlett D\u00edaz y el reci\u00e9n designado Secretario de Gobernaci\u00f3n, el tabasque\u00f1o Ad\u00e1n Augusto L\u00f3pez.<\/p>\n\n\n\n<p>Ya se registr\u00f3 un primer momento dif\u00edcil hace unos d\u00edas, cuando Bartlett se encontr\u00f3 con Ad\u00e1n Augusto L\u00f3pez, durante la reuni\u00f3n privada que sostuvieron con el Presidente Andr\u00e9s Manuel L\u00f3pez Obrador en Palacio Nacional en Ciudad de M\u00e9xico. No se tiene informaci\u00f3n de algo que haya sucedido entre ellos.<\/p>\n\n\n\n<p>Ambos funcionarios se hicieron de palabras fuertes a trav\u00e9s de los medios de comunicaci\u00f3n, cuando el entonces Gobernador de Tabasco, acus\u00f3 a MBD en noviembre de 2020, de ser c\u00ednico y haber inundado criminalmente a la entidad con sus presas.<\/p>\n\n\n\n<p>La rencilla dur\u00f3 hasta 2021, cuando el Presidente encabez\u00f3 el balance de acciones para atender a los damnificados en el mes de julio, pero Bartlett ni siquiera fue invitado.<\/p>\n\n\n\n<p>Los dimes y diretes ocurrieron a principios de noviembre de 2020, cuando Ad\u00e1n Augusto amag\u00f3 con denunciar a la CFE para indemnizar a los tabasque\u00f1os afectados por las inundaciones.<\/p>\n\n\n\n<p>Bartlett, contest\u00f3 que esa demanda le daba risa. Luego de una reuni\u00f3n convocada por AMLO a fin de crear un plan integral que evite inundaciones en el sureste del pa\u00eds, el funcionario neg\u00f3 que la CFE tenga alguna responsabilidad por las inundaciones y dijo sin mencionar nombres, que hay quien quiere repartir culpas por sus torpezas de lo ocurrido en la entidad.<\/p>\n\n\n\n<p>Agreg\u00f3 que el agua de las presas las maneja una comisi\u00f3n de grandes presas que define el manejo del agua en conjunto con la UNAM, la Comisi\u00f3n Nacional del Agua y otras entidades de gobierno.<\/p>\n\n\n\n<p>Ad\u00e1n Augusto L\u00f3pez, afirm\u00f3 que se manten\u00eda la intenci\u00f3n de presentar demandas contra la CFE para reparar los da\u00f1os de los municipios de Nacajuca, Jalpa y Cunduac\u00e1n, afectados con la inundaci\u00f3n de octubre, provocada por el desfogue de la presa Pe\u00f1itas.<\/p>\n\n\n\n<p>Ambos personajes acudieron entonces a Palacio Nacional para participar en la reuni\u00f3n a la que convoc\u00f3 AMLO para encontrar una soluci\u00f3n de fondo a las inundaciones en el sureste mexicano<\/p>\n\n\n\n<p>AD\u00c1N RECUL\u00d3 EN SUS ACUSACIONES<\/p>\n\n\n\n<p>A mediados de noviembre Ad\u00e1n Augusto dijo que no ten\u00eda una guerra Bartlett, pese a tacharlo de c\u00ednico y del manejo irresponsable y criminal de la presa Pe\u00f1itas.<\/p>\n\n\n\n<p>Despu\u00e9s de una segunda reuni\u00f3n con el Presidente, el tabasque\u00f1o sostuvo que la administraci\u00f3n estatal trabaja de forma conjunta con la CFE en estos momentos de emergencia, aunque reconoci\u00f3 que existen diferencias con el funcionario federal.<\/p>\n\n\n\n<p>En rueda de prensa, Ad\u00e1n Augusto L\u00f3pez no especific\u00f3 si seguir\u00e1 adelante con la denuncia contra la empresa del Estado, pero sostuvo que su obligaci\u00f3n es velar por el inter\u00e9s de los tabasque\u00f1os.<\/p>\n\n\n\n<p>Entonces, L\u00f3pez Obrador intervino para decir que las cosas mejoran, adem\u00e1s de que reiter\u00f3 que para \u00e9l hubo un buen manejo de las presas y sostuvo que los empleados de CFE son muy eficientes y seguro en cosa de d\u00edas devolver\u00e1n la electricidad a las comunidades donde se decidi\u00f3 cortar el suministro debido al alto nivel del agua.<\/p>\n\n\n\n<p>L\u00f3pez Obrador afirm\u00f3 en Villahermosa, que Manuel Bartlett no es responsable, ni mucho menos culpable de las inundaciones e indic\u00f3 que respetaba la decisi\u00f3n del Gobernador de actuar por la v\u00eda jur\u00eddica.<\/p>\n\n\n\n<p>Hasta aqu\u00ed el enfrentamiento p\u00fablico entre ambos personajes. La gran duda que asalta el ambiente oficial es que si ahora que Ad\u00e1n Augusto L\u00f3pez es Secretario de Gobernaci\u00f3n, guarda alg\u00fan resentimiento contra Manuel Bartlett y c\u00f3mo actuar\u00e1 en contra del poblano, quien por cierto tiene ra\u00edces tabasque\u00f1as, pues su padre, Manuel Bartlett Bautista, fue Gobernador de ese Estado.<\/p>\n\n\n\n<p>En fin, como dice la canci\u00f3n A Tabasco de Jos\u00e9 del Rivero:<\/p>\n\n\n\n<p>Dice por ah\u00ed un consejo,<\/p>\n\n\n\n<p>que va prendido en el viento,<\/p>\n\n\n\n<p>si quieres llegar a viejo,<\/p>\n\n\n\n<p>si quieres vivir contento;<\/p>\n\n\n\n<p>si quieres ver las estrellas<\/p>\n\n\n\n<p>m\u00e1s lindas del firmamento,<\/p>\n\n\n\n<p>ven a Tabasco que ah\u00ed te espera<\/p>\n\n\n\n<p>el sol ardiente, la luna bella,<\/p>\n\n\n\n<p>el agua fresca y la tierra buena.<\/p>\n\n\n\n<p>Ven, ven, ven; ven, ven, ven,<\/p>\n\n\n\n<p>vamos a Tabasco, que Tabasco es un ed\u00e9n.<\/p>\n\n\n\n<p>\u00a1A Tabasco!<\/p>\n\n\n\n<p>raultorress@hotmail.com<\/p>\n","protected":false},"excerpt":{"rendered":"<p>*Memorable enfrentamiento verbal de ambos en 2020 Por Ra\u00fal Torres Salmer\u00f3n En estos asuntos de la Cuarta Transformaci\u00f3n, es previsible [&hellip;]<\/p>\n","protected":false},"author":1,"featured_media":12750,"comment_status":"open","ping_status":"open","sticky":false,"template":"","format":"standard","meta":{"site-sidebar-layout":"default","site-content-layout":"","ast-site-content-layout":"default","site-content-style":"default","site-sidebar-style":"default","ast-global-header-display":"","ast-banner-title-visibility":"","ast-main-header-display":"","ast-hfb-above-header-display":"","ast-hfb-below-header-display":"","ast-hfb-mobile-header-display":"","site-post-title":"","ast-breadcrumbs-content":"","ast-featured-img":"","footer-sml-layout":"","theme-transparent-header-meta":"","adv-header-id-meta":"","stick-header-meta":"","header-above-stick-meta":"","header-main-stick-meta":"","header-below-stick-meta":"","astra-migrate-meta-layouts":"default","ast-page-background-enabled":"default","ast-page-background-meta":{"desktop":{"background-color":"var(--ast-global-color-4)","background-image":"","background-repeat":"repeat","background-position":"center center","background-size":"auto","background-attachment":"scroll","background-type":"","background-media":"","overlay-type":"","overlay-color":"","overlay-opacity":"","overlay-gradient":""},"tablet":{"background-color":"","background-image":"","background-repeat":"repeat","background-position":"center center","background-size":"auto","background-attachment":"scroll","background-type":"","background-media":"","overlay-type":"","overlay-color":"","overlay-opacity":"","overlay-gradient":""},"mobile":{"background-color":"","background-image":"","background-repeat":"repeat","background-position":"center center","background-size":"auto","background-attachment":"scroll","background-type":"","background-media":"","overlay-type":"","overlay-color":"","overlay-opacity":"","overlay-gradient":""}},"ast-content-background-meta":{"desktop":{"background-color":"var(--ast-global-color-5)","background-image":"","background-repeat":"repeat","background-position":"center center","background-size":"auto","background-attachment":"scroll","background-type":"","background-media":"","overlay-type":"","overlay-color":"","overlay-opacity":"","overlay-gradient":""},"tablet":{"background-color":"var(--ast-global-color-5)","background-image":"","background-repeat":"repeat","background-position":"center center","background-size":"auto","background-attachment":"scroll","background-type":"","background-media":"","overlay-type":"","overlay-color":"","overlay-opacity":"","overlay-gradient":""},"mobile":{"background-color":"var(--ast-global-color-5)","background-image":"","background-repeat":"repeat","background-position":"center center","background-size":"auto","background-attachment":"scroll","background-type":"","background-media":"","overlay-type":"","overlay-color":"","overlay-opacity":"","overlay-gradient":""}},"footnotes":""},"categories":[8,19],"tags":[3866,274],"class_list":["post-12749","post","type-post","status-publish","format-standard","has-post-thumbnail","hentry","category-noticias","category-sin-limites-2","tag-adan-lopez","tag-manuel-bartlett"],"_links":{"self":[{"href":"https:\/\/losperiodistas.com.mx\/portal\/wp-json\/wp\/v2\/posts\/12749","targetHints":{"allow":["GET"]}}],"collection":[{"href":"https:\/\/losperiodistas.com.mx\/portal\/wp-json\/wp\/v2\/posts"}],"about":[{"href":"https:\/\/losperiodistas.com.mx\/portal\/wp-json\/wp\/v2\/types\/post"}],"author":[{"embeddable":true,"href":"https:\/\/losperiodistas.com.mx\/portal\/wp-json\/wp\/v2\/users\/1"}],"replies":[{"embeddable":true,"href":"https:\/\/losperiodistas.com.mx\/portal\/wp-json\/wp\/v2\/comments?post=12749"}],"version-history":[{"count":1,"href":"https:\/\/losperiodistas.com.mx\/portal\/wp-json\/wp\/v2\/posts\/12749\/revisions"}],"predecessor-version":[{"id":12751,"href":"https:\/\/losperiodistas.com.mx\/portal\/wp-json\/wp\/v2\/posts\/12749\/revisions\/12751"}],"wp:featuredmedia":[{"embeddable":true,"href":"https:\/\/losperiodistas.com.mx\/portal\/wp-json\/wp\/v2\/media\/12750"}],"wp:attachment":[{"href":"https:\/\/losperiodistas.com.mx\/portal\/wp-json\/wp\/v2\/media?parent=12749"}],"wp:term":[{"taxonomy":"category","embeddable":true,"href":"https:\/\/losperiodistas.com.mx\/portal\/wp-json\/wp\/v2\/categories?post=12749"},{"taxonomy":"post_tag","embeddable":true,"href":"https:\/\/losperiodistas.com.mx\/portal\/wp-json\/wp\/v2\/tags?post=12749"}],"curies":[{"name":"wp","href":"https:\/\/api.w.org\/{rel}","templated":true}]}}