{"id":12746,"date":"2021-09-07T06:02:46","date_gmt":"2021-09-07T11:02:46","guid":{"rendered":"http:\/\/losperiodistas.com.mx\/portal\/?p=12746"},"modified":"2021-09-07T06:02:47","modified_gmt":"2021-09-07T11:02:47","slug":"pan-insiste-en-desmarcarse-de-vox-no-tenemos-ninguna-relacion-institucional-proceso","status":"publish","type":"post","link":"https:\/\/losperiodistas.com.mx\/portal\/pan-insiste-en-desmarcarse-de-vox-no-tenemos-ninguna-relacion-institucional-proceso\/","title":{"rendered":"PAN insiste en desmarcarse de VOX: no tenemos ninguna relaci\u00f3n institucional | Proceso"},"content":{"rendered":"\n<p style=\"font-size:18px\"><em>Creel Miranda afirm\u00f3 que el PAN, desde sus inicios, ha tenido una concepci\u00f3n pluralista, de apertura al di\u00e1logo, de disposici\u00f3n al debate.<\/em><\/p>\n\n\n\n<figure class=\"wp-block-image size-large\"><img fetchpriority=\"high\" decoding=\"async\" width=\"1024\" height=\"577\" src=\"https:\/\/losperiodistas.com.mx\/portal\/wp-content\/uploads\/2021\/09\/Captura-de-Pantalla-2021-09-07-a-las-5.59.43-1024x577.jpg\" alt=\"\" class=\"wp-image-12747\" srcset=\"https:\/\/losperiodistas.com.mx\/portal\/wp-content\/uploads\/2021\/09\/Captura-de-Pantalla-2021-09-07-a-las-5.59.43-1024x577.jpg 1024w, https:\/\/losperiodistas.com.mx\/portal\/wp-content\/uploads\/2021\/09\/Captura-de-Pantalla-2021-09-07-a-las-5.59.43-300x169.jpg 300w, https:\/\/losperiodistas.com.mx\/portal\/wp-content\/uploads\/2021\/09\/Captura-de-Pantalla-2021-09-07-a-las-5.59.43-768x432.jpg 768w, https:\/\/losperiodistas.com.mx\/portal\/wp-content\/uploads\/2021\/09\/Captura-de-Pantalla-2021-09-07-a-las-5.59.43.jpg 1474w\" sizes=\"(max-width: 1024px) 100vw, 1024px\" \/><\/figure>\n\n\n\n<p class=\"has-vivid-cyan-blue-color has-text-color has-medium-font-size\">PROCESO<\/p>\n\n\n\n<p>CIUDAD DE M\u00c9XICO (apro).- La Comisi\u00f3n Pol\u00edtica del Partido Acci\u00f3n Nacional (PAN) trat\u00f3 de desligar al partido del grupo de senadores que suscribi\u00f3 la pol\u00e9mica Carta Madrid con VOX, el ultraderechista partido espa\u00f1ol, cuyo ideario conservador y extremista.<\/p>\n\n\n\n<p>\u00abNuestra contraparte oficial en Espa\u00f1a es el Partido Popular, con quien compartimos membres\u00eda en diversas internacionales partidistas. En consecuencia, no tenemos ning\u00fan tipo de relaci\u00f3n institucional con el partido VOX\u00bb, puntualiz\u00f3 Santiago Creel.<\/p>\n\n\n\n<p>A trav\u00e9s de un amplio comunicado, Creel trat\u00f3 de apagar el esc\u00e1ndalo suscitado por la reuni\u00f3n de los senadores de su partido con Santiago Abascal, dirigente de VOX.<\/p>\n\n\n\n<p>Para atajar \u00abla confusi\u00f3n y especulaci\u00f3n\u00bb que provoc\u00f3 dicho acercamiento, el diputado federal afirm\u00f3 que Acci\u00f3n Nacional \u00abbusca la construcci\u00f3n de un centro pol\u00edtico en donde, a partir de nuestros principios y valores, la diversidad es bienvenida y se celebra\u00bb.<\/p>\n\n\n\n<p>\u00abLa civilidad pol\u00edtica del PAN ha ayudado a formar en nuestro pa\u00eds, parte de la concepci\u00f3n del di\u00e1logo y del acuerdo entre quienes piensan diferente, y cuando las circunstancias lo han ameritado hemos aprobado piezas legislativas fundamentales con nuestros adversarios pol\u00edticos, como lo han sido las diversas reformas pol\u00edticas o las de derechos humanos o la propia Constituci\u00f3n de la Ciudad de M\u00e9xico, que han resultado claves en la construcci\u00f3n del M\u00e9xico moderno\u00bb.<\/p>\n\n\n\n<p>Creel Miranda afirm\u00f3 que el PAN, desde sus inicios, ha tenido una concepci\u00f3n pluralista, de apertura al di\u00e1logo, de disposici\u00f3n al debate, \u201csin tratar al adversario pol\u00edtico como enemigo, sin la utilizaci\u00f3n de la polarizaci\u00f3n social como arma pol\u00edtica, sin apropiarse de una parte de la historia patria para manipularla a conveniencia o a la circunstancia pol\u00edtica\u00bb.<\/p>\n\n\n\n<p>En ese sentido agreg\u00f3: \u201dCon esa concepci\u00f3n de apertura pol\u00edtica, sin merma de nuestros principios de doctrina y con pleno respeto a la vida institucional del pa\u00eds, contribuimos de manera determinante a impulsar una transici\u00f3n democr\u00e1tica pac\u00edfica, donde se alojaron todas las fuerzas pol\u00edticas del pa\u00eds. Parafraseando a nuestro fundador Manuel G\u00f3mez Mor\u00edn, con esa concepci\u00f3n de apertura el PAN construy\u00f3, a pesar de las diferencias pol\u00edticas, un campo com\u00fan de acci\u00f3n y de pensamiento, que dio origen a las instituciones que hoy sostienen la democracia mexicana. Especialmente en estos momentos, en que estas instituciones se encuentran amenazadas por un gobierno autoritario y populista, el PAN refrenda su compromiso con la democracia liberal\u00bb.<\/p>\n\n\n\n<p>En su intento de deslinde frente a VOX, Santiago Creel argument\u00f3 que el PAN \u00abes un partido incluyente que siempre ha reprobado las posturas y conductas discriminatorias, sean xenof\u00f3bicas, racistas, antisemitas, homof\u00f3bicas o cualquier otra\u201d.<\/p>\n\n\n\n<p>Adem\u00e1s, se\u00f1al\u00f3 que el PAN condena la construcci\u00f3n de cualquier clase de muro de contenci\u00f3n, sea ideol\u00f3gico o coactivo y reprueba tajantemente criminalizar la migraci\u00f3n, \u201csiempre hemos estado a favor de las libertades y derechos de las mujeres, a favor de la vida desde el momento de la concepci\u00f3n, pero en contra de la criminalizaci\u00f3n de las mujeres que decidan interrumpirla\u201d.<\/p>\n\n\n\n<p>Precis\u00f3 que las alianzas internacionales que el PAN ha construido con otros partidos, son el caso del Partido Popular en Espa\u00f1a y los que forman parte de la Organizaci\u00f3n Dem\u00f3crata Cristiana de Am\u00e9rica (ODCA) o la Internacional Dem\u00f3crata de Centro (IDC), han sido siempre en torno a valores humanistas y democr\u00e1ticos.<\/p>\n\n\n\n<p>\u201cEl Partido Acci\u00f3n Nacional es un partido humanista y centra su pensamiento y acci\u00f3n en la primicia de la dignidad de la persona, en el libre desarrollo de su personalidad y reconoce sus plenos derechos para ejercerla, con lo cual, cada individuo ha de coexistir creativa y solidariamente con la libertad y los derechos de los dem\u00e1s.<br><br>Concluy\u00f3: \u201dNuestro ideario, al igual que nuestra Carta Magna y los distintos tratados de derechos humanos de que M\u00e9xico es parte, rechaza toda forma de discriminaci\u00f3n o de desigualdad de oportunidades, que pueda generarse por raz\u00f3n de origen \u00e9tnico o nacional, g\u00e9nero, edad, discapacidad, condici\u00f3n social, condici\u00f3n de salud, religi\u00f3n, opini\u00f3n, preferencia sexual, estado civil y cualquier otra que atente contra la dignidad humana y que tenga por objeto anular o menoscabar los derechos y las libertades de las personas\u201d.<\/p>\n\n\n\n<p>Fuente: https:\/\/www.proceso.com.mx\/nacional\/2021\/9\/6\/pan-insiste-en-desmarcarse-de-vox-no-tenemos-ninguna-relacion-institucional-271409.html<\/p>\n","protected":false},"excerpt":{"rendered":"<p>Creel Miranda afirm\u00f3 que el PAN, desde sus inicios, ha tenido una concepci\u00f3n pluralista, de apertura al di\u00e1logo, de disposici\u00f3n [&hellip;]<\/p>\n","protected":false},"author":1,"featured_media":12747,"comment_status":"open","ping_status":"open","sticky":false,"template":"","format":"standard","meta":{"site-sidebar-layout":"default","site-content-layout":"","ast-site-content-layout":"default","site-content-style":"default","site-sidebar-style":"default","ast-global-header-display":"","ast-banner-title-visibility":"","ast-main-header-display":"","ast-hfb-above-header-display":"","ast-hfb-below-header-display":"","ast-hfb-mobile-header-display":"","site-post-title":"","ast-breadcrumbs-content":"","ast-featured-img":"","footer-sml-layout":"","theme-transparent-header-meta":"","adv-header-id-meta":"","stick-header-meta":"","header-above-stick-meta":"","header-main-stick-meta":"","header-below-stick-meta":"","astra-migrate-meta-layouts":"default","ast-page-background-enabled":"default","ast-page-background-meta":{"desktop":{"background-color":"var(--ast-global-color-4)","background-image":"","background-repeat":"repeat","background-position":"center center","background-size":"auto","background-attachment":"scroll","background-type":"","background-media":"","overlay-type":"","overlay-color":"","overlay-opacity":"","overlay-gradient":""},"tablet":{"background-color":"","background-image":"","background-repeat":"repeat","background-position":"center center","background-size":"auto","background-attachment":"scroll","background-type":"","background-media":"","overlay-type":"","overlay-color":"","overlay-opacity":"","overlay-gradient":""},"mobile":{"background-color":"","background-image":"","background-repeat":"repeat","background-position":"center center","background-size":"auto","background-attachment":"scroll","background-type":"","background-media":"","overlay-type":"","overlay-color":"","overlay-opacity":"","overlay-gradient":""}},"ast-content-background-meta":{"desktop":{"background-color":"var(--ast-global-color-5)","background-image":"","background-repeat":"repeat","background-position":"center center","background-size":"auto","background-attachment":"scroll","background-type":"","background-media":"","overlay-type":"","overlay-color":"","overlay-opacity":"","overlay-gradient":""},"tablet":{"background-color":"var(--ast-global-color-5)","background-image":"","background-repeat":"repeat","background-position":"center center","background-size":"auto","background-attachment":"scroll","background-type":"","background-media":"","overlay-type":"","overlay-color":"","overlay-opacity":"","overlay-gradient":""},"mobile":{"background-color":"var(--ast-global-color-5)","background-image":"","background-repeat":"repeat","background-position":"center center","background-size":"auto","background-attachment":"scroll","background-type":"","background-media":"","overlay-type":"","overlay-color":"","overlay-opacity":"","overlay-gradient":""}},"footnotes":""},"categories":[8],"tags":[248,3304],"class_list":["post-12746","post","type-post","status-publish","format-standard","has-post-thumbnail","hentry","category-noticias","tag-pan","tag-vox"],"_links":{"self":[{"href":"https:\/\/losperiodistas.com.mx\/portal\/wp-json\/wp\/v2\/posts\/12746","targetHints":{"allow":["GET"]}}],"collection":[{"href":"https:\/\/losperiodistas.com.mx\/portal\/wp-json\/wp\/v2\/posts"}],"about":[{"href":"https:\/\/losperiodistas.com.mx\/portal\/wp-json\/wp\/v2\/types\/post"}],"author":[{"embeddable":true,"href":"https:\/\/losperiodistas.com.mx\/portal\/wp-json\/wp\/v2\/users\/1"}],"replies":[{"embeddable":true,"href":"https:\/\/losperiodistas.com.mx\/portal\/wp-json\/wp\/v2\/comments?post=12746"}],"version-history":[{"count":1,"href":"https:\/\/losperiodistas.com.mx\/portal\/wp-json\/wp\/v2\/posts\/12746\/revisions"}],"predecessor-version":[{"id":12748,"href":"https:\/\/losperiodistas.com.mx\/portal\/wp-json\/wp\/v2\/posts\/12746\/revisions\/12748"}],"wp:featuredmedia":[{"embeddable":true,"href":"https:\/\/losperiodistas.com.mx\/portal\/wp-json\/wp\/v2\/media\/12747"}],"wp:attachment":[{"href":"https:\/\/losperiodistas.com.mx\/portal\/wp-json\/wp\/v2\/media?parent=12746"}],"wp:term":[{"taxonomy":"category","embeddable":true,"href":"https:\/\/losperiodistas.com.mx\/portal\/wp-json\/wp\/v2\/categories?post=12746"},{"taxonomy":"post_tag","embeddable":true,"href":"https:\/\/losperiodistas.com.mx\/portal\/wp-json\/wp\/v2\/tags?post=12746"}],"curies":[{"name":"wp","href":"https:\/\/api.w.org\/{rel}","templated":true}]}}