{"id":12742,"date":"2021-09-07T05:57:26","date_gmt":"2021-09-07T10:57:26","guid":{"rendered":"http:\/\/losperiodistas.com.mx\/portal\/?p=12742"},"modified":"2021-09-07T05:57:35","modified_gmt":"2021-09-07T10:57:35","slug":"vaticano-desvela-el-documento-preparatorio-con-detalles-del-proximo-sinodo-de-los-obispos-aci","status":"publish","type":"post","link":"https:\/\/losperiodistas.com.mx\/portal\/vaticano-desvela-el-documento-preparatorio-con-detalles-del-proximo-sinodo-de-los-obispos-aci\/","title":{"rendered":"Vaticano desvela el Documento Preparatorio con detalles del pr\u00f3ximo S\u00ednodo de los Obispos | ACI"},"content":{"rendered":"\n<p style=\"font-size:18px\"><em>Enlace al documento oficial<\/em><\/p>\n\n\n\n<figure class=\"wp-block-image size-large\"><img fetchpriority=\"high\" decoding=\"async\" width=\"1024\" height=\"569\" src=\"https:\/\/losperiodistas.com.mx\/portal\/wp-content\/uploads\/2021\/09\/Captura-de-Pantalla-2021-09-07-a-las-5.54.00-1024x569.jpg\" alt=\"\" class=\"wp-image-12743\" srcset=\"https:\/\/losperiodistas.com.mx\/portal\/wp-content\/uploads\/2021\/09\/Captura-de-Pantalla-2021-09-07-a-las-5.54.00-1024x569.jpg 1024w, https:\/\/losperiodistas.com.mx\/portal\/wp-content\/uploads\/2021\/09\/Captura-de-Pantalla-2021-09-07-a-las-5.54.00-300x167.jpg 300w, https:\/\/losperiodistas.com.mx\/portal\/wp-content\/uploads\/2021\/09\/Captura-de-Pantalla-2021-09-07-a-las-5.54.00-768x427.jpg 768w, https:\/\/losperiodistas.com.mx\/portal\/wp-content\/uploads\/2021\/09\/Captura-de-Pantalla-2021-09-07-a-las-5.54.00.jpg 1516w\" sizes=\"(max-width: 1024px) 100vw, 1024px\" \/><figcaption>Imagen de archivo de la Asamblea del S\u00ednodo de los Obispos. Foto: Daniel Ib\u00e1\u00f1ez \/ ACI Prensa<\/figcaption><\/figure>\n\n\n\n<p><a href=\"https:\/\/losperiodistas.com.mx\/portal\/wp-admin\/edit.php?post_type=post\"><\/a><\/p>\n\n\n\n<p><\/p>\n\n\n\n<p class=\"has-vivid-cyan-blue-color has-text-color has-medium-font-size\">MIGUEL P\u00c9REZ PICHEL \/ ACI PRENSA<\/p>\n\n\n\n<p>La Santa Sede difundi\u00f3 este martes 7 de septiembre el Documento Preparatorio de la XVI Asamblea General Ordinaria del S\u00ednodo de los Obispos, acompa\u00f1ado de un Vademecum en el que se detalla la estructura del S\u00ednodo, sus fases y su metodolog\u00eda.<\/p>\n\n\n\n<p>El S\u00ednodo, que tendr\u00e1 por t\u00edtulo \u201cPor una Iglesia sinodal: comuni\u00f3n, participaci\u00f3n y misi\u00f3n\u201d, dar\u00e1 comienzo el 9 y 10 de octubre de 2021 en Roma y el 17 de octubre en cada Iglesia particular. El proceso concluir\u00e1 en la XVI Asamblea General Ordinaria del S\u00ednodo de los Obispos en octubre de 2023. En definitiva, se trata de un S\u00ednodo sobre la sinodalidad.<\/p>\n\n\n\n<p>La pregunta esencial a la que tratar\u00e1 de responder el S\u00ednodo de los Obispos es la siguiente: \u201c\u00bfC\u00f3mo se realiza hoy, a diversos niveles (desde el local al universal) ese \u2018caminar juntos\u2019 que permite a la Iglesia anunciar el Evangelio, de acuerdo a la misi\u00f3n que le fue confiada; y qu\u00e9 pasos el Esp\u00edritu nos invita a dar para crecer como Iglesia sinodal?\u201d.<\/p>\n\n\n\n<p>Los objetivos del S\u00ednodo, seg\u00fan el Documento Preparatorio, son, en primer lugar, \u201chacer memoria sobre c\u00f3mo el Esp\u00edritu ha guiado el camino de la Iglesia en la historia y nos llama hoy a ser juntos testigos del amor de Dios\u201d.<\/p>\n\n\n\n<p>A continuaci\u00f3n, \u201cvivir un proceso eclesial participado e inclusivo, que ofrezca a cada uno \u2013en particular a cuantos por diversas razones se encuentran en situaciones marginales\u2013 la oportunidad de expresarse y de ser escuchados para contribuir en la construcci\u00f3n del Pueblo de Dios\u201d.<\/p>\n\n\n\n<p>En tercer lugar, \u201creconocer y apreciar la riqueza y la variedad de los dones y de los carismas que el Esp\u00edritu distribuye libremente, para el bien de la comunidad y en favor de toda la familia humana\u201d.<\/p>\n\n\n\n<p>Un cuarto objetivo es \u201cexperimentar modos participados de ejercitar la responsabilidad en el anuncio del Evangelio y en el compromiso por construir un mundo m\u00e1s hermoso y m\u00e1s habitable\u201d.<\/p>\n\n\n\n<p>Tambi\u00e9n \u201cexaminar c\u00f3mo se viven en la Iglesia la responsabilidad y el poder, y las estructuras con las que se gestionan, haciendo emerger y tratando de convertir los prejuicios y las pr\u00e1cticas desordenadas que no est\u00e1n radicadas en el Evangelio\u201d.<\/p>\n\n\n\n<p>El sexto objetivo citado por el Documento Preparatorio es \u201csostener la comunidad cristiana come sujeto cre\u00edble y socio fiable en caminos de di\u00e1logo social, sanaci\u00f3n, reconciliaci\u00f3n, inclusi\u00f3n y participaci\u00f3n, reconstrucci\u00f3n de la democracia, promoci\u00f3n de la fraternidad y de la amistad social\u201d.<\/p>\n\n\n\n<p>\u201cRegenerar las relaciones entre los miembros de las comunidades cristianas, as\u00ed como tambi\u00e9n entre las comunidades y los otros grupos sociales, por ejemplo, comunidades de creyentes de otras confesiones y religiones, organizaciones de la sociedad civil, movimientos populares, etc\u00e9tera\u201d, ser\u00eda el s\u00e9ptimo objetivo.<\/p>\n\n\n\n<p>Por \u00faltimo, \u201cfavorecer la valoraci\u00f3n y la apropiaci\u00f3n de los frutos de las recientes experiencias sinodales a nivel universal, regional, nacional y local\u201d.<\/p>\n\n\n\n<p>Seg\u00fan el Vademecum, documento distribuido junto al Documento Preparatorio, el S\u00ednodo tendr\u00e1 cuatro fases.<\/p>\n\n\n\n<p>La primera ser\u00eda la Fase Diocesana, una fase de escucha donde se pedir\u00e1 la contribuci\u00f3n de parroquias, movimientos de laicos, escuelas y universidades, congregaciones religiosas, comunidades cristianas, grupos de acci\u00f3n social, movimientos ecum\u00e9nicos e interreligiosos y otros grupos.<\/p>\n\n\n\n<p>La segunda fase tendr\u00e1 como protagonistas a las Conferencias Episcopales y a los S\u00ednodos de las Iglesias Orientales, que se encargar\u00e1n de compilar todas las aportaciones de la Fase Diocesana y elaborar\u00e1n una s\u00edntesis en un Encuentro Presinodal. De ese encuentro saldr\u00e1 un primer&nbsp;<em>Instrumentum Laboris<\/em>&nbsp;que publicar\u00e1 la Secretar\u00eda General del S\u00ednodo de los Obispos.<\/p>\n\n\n\n<p>La tercera fase ser\u00e1 la Fase Continental, donde, en diferentes encuentros continentales (siete en total, uno por continente), se producir\u00e1n siete Documentos Finales que dar\u00e1n forma al segundo&nbsp;<em>Instrumentum Laboris<\/em>, que ser\u00e1 el que guiar\u00e1 los trabajos de los Padres Sinodales en la Asamblea de octubre de 2023.<\/p>\n\n\n\n<p>Por \u00faltimo, la cuarta fase ser\u00e1 la celebraci\u00f3n de la Asamblea del S\u00ednodo de los Obispos presidida por el Papa Francisco en Roma.<\/p>\n\n\n\n<p>El Documento Preparatorio, se recuerda, es un instrumento \u201cpara favorecer la primera fase de escucha y consultaci\u00f3n de Pueblo de Dios en las Iglesias particulares\u201d, que se desarrollar\u00e1 de octubre de 2021 a abril de 2022.<\/p>\n\n\n\n<p><strong><em>Una llamada a caminar juntos<\/em><\/strong><\/p>\n\n\n\n<p>El Documento presenta el S\u00ednodo como una llamada a caminar juntos en un contexto de cambios epocales de una sociedad marcada por la tragedia global de la pandemia de COVID 19, las desigualdades e injusticias en una humanidad que \u201caparece cada vez m\u00e1s sacudida por procesos de masificaci\u00f3n y de fragmentaci\u00f3n\u201d.<\/p>\n\n\n\n<p>Esta situaci\u00f3n, \u201cque, no obstante las grandes diferencias, une a la entera familia humana, pone a prueba la capacidad de la Iglesia para acompa\u00f1ar a las personas y a las comunidades\u201d.<\/p>\n\n\n\n<p>En el caso concreto de los cristianos, se se\u00f1ala que no se puede ignorar. As\u00ed, mientras que hay pa\u00edses y regiones del mundo donde la mayor parte de la poblaci\u00f3n es cat\u00f3lica o pertenece a diferentes denominaciones cristianas, \u201cexisten otros pa\u00edses en los cuales los cat\u00f3licos son una minor\u00eda; en algunos de estos pa\u00edses, los cat\u00f3licos, junto con los otros cristianos, experimentan formas de persecuci\u00f3n, incluso muy violentas, y a menudo el martirio\u201d.<\/p>\n\n\n\n<p>\u201cSi, por una parte, predomina una mentalidad secularizada que tiende a expulsar la religi\u00f3n del espacio p\u00fablico, por otra parte, existe un integrismo religioso, que no respeta la libertad de los otros, alimenta formas de intolerancia y de violencia, que se reflejan tambi\u00e9n en la comunidad cristiana y en sus relaciones con la sociedad\u201d.<\/p>\n\n\n\n<p><strong><em>Una Iglesia sinodal<\/em><\/strong><\/p>\n\n\n\n<p>En el Documento se recuerda tambi\u00e9n que la sinodalidad es una tradici\u00f3n muy antigua en la Iglesia. La Iglesia, se destaca, es \u201cconstitutivamente sinodal\u201d. La sinodalidad \u201ces mucho m\u00e1s que la celebraci\u00f3n de encuentros eclesiales y asambleas de obispos, o una cuesti\u00f3n de simple administraci\u00f3n interna en la Iglesia; la sinodalidad indica la espec\u00edfica forma de vivir y obrar de la Iglesia\u201d.<\/p>\n\n\n\n<p><strong><em>Escuchar las Escrituras<\/em><\/strong><\/p>\n\n\n\n<p>Asimismo, se establece una relaci\u00f3n entre el \u201ccaminar juntos\u201d de las Iglesias en el S\u00ednodo y la escucha de la Palabra de Dios y su puesta en pr\u00e1ctica.<\/p>\n\n\n\n<p>En ese sentido, se define como oportuno que la construcci\u00f3n de una Iglesia sinodal se inspire en dos im\u00e1genes de la Escritura: la representaci\u00f3n de la escena comunitaria \u201cque acompa\u00f1a contantemente el camino de la evangelizaci\u00f3n\u201d y \u201cla experiencia del Esp\u00edritu en la cual Pedro y la comunidad primitiva reconocen el riesgo de poner l\u00edmites injustificados a la coparticipaci\u00f3n de la fe\u201d.<\/p>\n\n\n\n<p>Para leer el Documento Preparatorio acceda\u00a0<a href=\"https:\/\/press.vatican.va\/content\/salastampa\/es\/bollettino\/pubblico\/2021\/09\/07\/sinodo.html\">AQU\u00cd<\/a>.<\/p>\n\n\n\n<p>Fuente: https:\/\/www.aciprensa.com\/noticias\/vaticano-desvela-el-documento-preparatorio-con-detalles-del-proximo-sinodo-de-los-obispos-19861<\/p>\n","protected":false},"excerpt":{"rendered":"<p>Enlace al documento oficial MIGUEL P\u00c9REZ PICHEL \/ ACI PRENSA La Santa Sede difundi\u00f3 este martes 7 de septiembre el [&hellip;]<\/p>\n","protected":false},"author":1,"featured_media":12743,"comment_status":"open","ping_status":"open","sticky":false,"template":"","format":"standard","meta":{"site-sidebar-layout":"default","site-content-layout":"","ast-site-content-layout":"default","site-content-style":"default","site-sidebar-style":"default","ast-global-header-display":"","ast-banner-title-visibility":"","ast-main-header-display":"","ast-hfb-above-header-display":"","ast-hfb-below-header-display":"","ast-hfb-mobile-header-display":"","site-post-title":"","ast-breadcrumbs-content":"","ast-featured-img":"","footer-sml-layout":"","theme-transparent-header-meta":"","adv-header-id-meta":"","stick-header-meta":"","header-above-stick-meta":"","header-main-stick-meta":"","header-below-stick-meta":"","astra-migrate-meta-layouts":"default","ast-page-background-enabled":"default","ast-page-background-meta":{"desktop":{"background-color":"var(--ast-global-color-4)","background-image":"","background-repeat":"repeat","background-position":"center center","background-size":"auto","background-attachment":"scroll","background-type":"","background-media":"","overlay-type":"","overlay-color":"","overlay-opacity":"","overlay-gradient":""},"tablet":{"background-color":"","background-image":"","background-repeat":"repeat","background-position":"center center","background-size":"auto","background-attachment":"scroll","background-type":"","background-media":"","overlay-type":"","overlay-color":"","overlay-opacity":"","overlay-gradient":""},"mobile":{"background-color":"","background-image":"","background-repeat":"repeat","background-position":"center center","background-size":"auto","background-attachment":"scroll","background-type":"","background-media":"","overlay-type":"","overlay-color":"","overlay-opacity":"","overlay-gradient":""}},"ast-content-background-meta":{"desktop":{"background-color":"var(--ast-global-color-5)","background-image":"","background-repeat":"repeat","background-position":"center center","background-size":"auto","background-attachment":"scroll","background-type":"","background-media":"","overlay-type":"","overlay-color":"","overlay-opacity":"","overlay-gradient":""},"tablet":{"background-color":"var(--ast-global-color-5)","background-image":"","background-repeat":"repeat","background-position":"center center","background-size":"auto","background-attachment":"scroll","background-type":"","background-media":"","overlay-type":"","overlay-color":"","overlay-opacity":"","overlay-gradient":""},"mobile":{"background-color":"var(--ast-global-color-5)","background-image":"","background-repeat":"repeat","background-position":"center center","background-size":"auto","background-attachment":"scroll","background-type":"","background-media":"","overlay-type":"","overlay-color":"","overlay-opacity":"","overlay-gradient":""}},"footnotes":""},"categories":[8],"tags":[2828,3864],"class_list":["post-12742","post","type-post","status-publish","format-standard","has-post-thumbnail","hentry","category-noticias","tag-santa-sede","tag-xvi-asamblea-general-ordinaria-del-sinodo-de-los-obispos"],"_links":{"self":[{"href":"https:\/\/losperiodistas.com.mx\/portal\/wp-json\/wp\/v2\/posts\/12742","targetHints":{"allow":["GET"]}}],"collection":[{"href":"https:\/\/losperiodistas.com.mx\/portal\/wp-json\/wp\/v2\/posts"}],"about":[{"href":"https:\/\/losperiodistas.com.mx\/portal\/wp-json\/wp\/v2\/types\/post"}],"author":[{"embeddable":true,"href":"https:\/\/losperiodistas.com.mx\/portal\/wp-json\/wp\/v2\/users\/1"}],"replies":[{"embeddable":true,"href":"https:\/\/losperiodistas.com.mx\/portal\/wp-json\/wp\/v2\/comments?post=12742"}],"version-history":[{"count":2,"href":"https:\/\/losperiodistas.com.mx\/portal\/wp-json\/wp\/v2\/posts\/12742\/revisions"}],"predecessor-version":[{"id":12745,"href":"https:\/\/losperiodistas.com.mx\/portal\/wp-json\/wp\/v2\/posts\/12742\/revisions\/12745"}],"wp:featuredmedia":[{"embeddable":true,"href":"https:\/\/losperiodistas.com.mx\/portal\/wp-json\/wp\/v2\/media\/12743"}],"wp:attachment":[{"href":"https:\/\/losperiodistas.com.mx\/portal\/wp-json\/wp\/v2\/media?parent=12742"}],"wp:term":[{"taxonomy":"category","embeddable":true,"href":"https:\/\/losperiodistas.com.mx\/portal\/wp-json\/wp\/v2\/categories?post=12742"},{"taxonomy":"post_tag","embeddable":true,"href":"https:\/\/losperiodistas.com.mx\/portal\/wp-json\/wp\/v2\/tags?post=12742"}],"curies":[{"name":"wp","href":"https:\/\/api.w.org\/{rel}","templated":true}]}}