{"id":12739,"date":"2021-09-07T05:45:47","date_gmt":"2021-09-07T10:45:47","guid":{"rendered":"http:\/\/losperiodistas.com.mx\/portal\/?p=12739"},"modified":"2021-09-07T05:45:48","modified_gmt":"2021-09-07T10:45:48","slug":"covid-apunta-a-ninos-mexicanos-se-disparan-casos-y-hospitalizaciones-el-financiero","status":"publish","type":"post","link":"https:\/\/losperiodistas.com.mx\/portal\/covid-apunta-a-ninos-mexicanos-se-disparan-casos-y-hospitalizaciones-el-financiero\/","title":{"rendered":"COVID \u2018apunta\u2019 a ni\u00f1os mexicanos: se disparan casos y hospitalizaciones | El Financiero"},"content":{"rendered":"\n<p style=\"font-size:18px\"><em>Pasan de 194 mil 876 a 232 mil 428 los menores infectados, desde agosto.<\/em><\/p>\n\n\n\n<p><\/p>\n\n\n\n<figure class=\"wp-block-image size-large\"><img fetchpriority=\"high\" decoding=\"async\" width=\"1024\" height=\"696\" src=\"https:\/\/losperiodistas.com.mx\/portal\/wp-content\/uploads\/2021\/09\/Captura-de-Pantalla-2021-09-07-a-las-5.42.53-1024x696.jpg\" alt=\"\" class=\"wp-image-12740\" srcset=\"https:\/\/losperiodistas.com.mx\/portal\/wp-content\/uploads\/2021\/09\/Captura-de-Pantalla-2021-09-07-a-las-5.42.53-1024x696.jpg 1024w, https:\/\/losperiodistas.com.mx\/portal\/wp-content\/uploads\/2021\/09\/Captura-de-Pantalla-2021-09-07-a-las-5.42.53-300x204.jpg 300w, https:\/\/losperiodistas.com.mx\/portal\/wp-content\/uploads\/2021\/09\/Captura-de-Pantalla-2021-09-07-a-las-5.42.53-768x522.jpg 768w, https:\/\/losperiodistas.com.mx\/portal\/wp-content\/uploads\/2021\/09\/Captura-de-Pantalla-2021-09-07-a-las-5.42.53-1536x1045.jpg 1536w, https:\/\/losperiodistas.com.mx\/portal\/wp-content\/uploads\/2021\/09\/Captura-de-Pantalla-2021-09-07-a-las-5.42.53.jpg 1826w\" sizes=\"(max-width: 1024px) 100vw, 1024px\" \/><figcaption><strong>COVID-19\u00a0<\/strong>En el Valle de Toluca personal del ISEM aplica pruebas r\u00e1pidas de detecci\u00f3n de COVID-19 gratuitas a ni\u00f1os\u00a0(Cuartoscuro)<br><\/figcaption><\/figure>\n\n\n\n<p class=\"has-vivid-cyan-blue-color has-text-color has-medium-font-size\">V\u00cdCTOR CH\u00c1VEZ \/ EL FINANCIERO<\/p>\n\n\n\n<p>A s\u00f3lo tres semanas de que se registraron las cifras r\u00e9cords de contagios por COVID-19 en M\u00e9xico, los ni\u00f1os y menores de edad infectados ambulatorios \u2013los que no requirieron hospitalizaci\u00f3n\u2013 se dispararon en 37 mil 552 casos, al pasar de 194 mil 876 a 232 mil 428.<\/p>\n\n\n\n<p>Tambi\u00e9n, los casos que tuvieron que ser internados por urgente atenci\u00f3n hospitalaria se elevaron en mil 373, al crecer de 8 mil 491 a 9 mil 864.<\/p>\n\n\n\n<p>Tal y como lo advirtieron expertos, en el sentido de que los ni\u00f1os s\u00ed son v\u00edctimas directas del virus y que se encuentran tambi\u00e9n en un alto riesgo, de acuerdo con los registros de la propia Secretar\u00eda de Salud, tan s\u00f3lo en este periodo de revisi\u00f3n de las cifras \u2013del 15 de agosto al 5 de septiembre\u2013, los casos de ni\u00f1os de cero a cuatro a\u00f1os en situaci\u00f3n ambulatoria reportados crecieron de 15 mil 24 a 18 mil 497, es decir, alza de 3 mil 473.<\/p>\n\n\n\n<p><a href=\"https:\/\/www.elfinanciero.com.mx\/salud\/2021\/09\/06\/tercera-ola-covid-a-la-baja-registran-5127-nuevos-casos-y-330-muertes-adicionales-en-mexico\/\"><\/a><a href=\"https:\/\/www.elfinanciero.com.mx\/salud\/2021\/09\/06\/tercera-ola-covid-a-la-baja-registran-5127-nuevos-casos-y-330-muertes-adicionales-en-mexico\/\">Tercera ola COVID, a la baja: registran 5,127 nuevos casos y 330 muertes adicionales en M\u00e9xico<\/a><\/p>\n\n\n\n<hr class=\"wp-block-separator\"\/>\n\n\n\n<p>Los casos de menores de cinco a nueve a\u00f1os se elevaron de 23 mil 842 a 29 mil 333, una diferencia de 5 mil 491 casos; los de 10 a 14 a\u00f1os pasaron de 47 mil 769 a 57 mil 742, 9 mil 973 m\u00e1s. Y los de 15 a 19 a\u00f1os crecieron de 108 mil 241 a 126 mil 856, un alza de 18 mil 615.<\/p>\n\n\n\n<p>En los casos de menores de cero a cuatro a\u00f1os internados por gravedad en hospitales, crecieron de 3 mil 357 a 3 mil 823, una diferencia de 466; entre los de cinco a nueve a\u00f1os se elevaron de mil 133 a mil 298, una alza de 165 casos; los de 10 a 14 a\u00f1os pasaron de mil 402 a mil 641, un crecimiento de 239 casos, y de 15 a 19 a\u00f1os crecieron de mil 599 a 3 mil 102, incremento de mil 503.<\/p>\n\n\n\n<p>Frente a la afirmaci\u00f3n del subsecretario de Salud, Hugo L\u00f3pez-Gatell, de que \u201ctodas estas ideas que han circulado de que ahora es una epidemia de adolescentes y ni\u00f1os no tiene un sustento de evidencia, ni en M\u00e9xico ni en ninguna parte del mundo\u201d, Roselyn Lemus-Martin, doctora en Biolog\u00eda Molecular y Celular por la Universidad de Oxford, critic\u00f3 al funcionario federal: \u201cEst\u00e1 desinformando y sus afirmaciones de que los ni\u00f1os no est\u00e1n en riesgo no est\u00e1n basadas en la ciencia. No s\u00e9 qu\u00e9 le hace decir eso; los ni\u00f1os s\u00ed est\u00e1n en riesgo, deben vacunarse, ojal\u00e1 cambien de opini\u00f3n\u201d.<\/p>\n\n\n\n<figure class=\"wp-block-image\"><img decoding=\"async\" src=\"https:\/\/www.elfinanciero.com.mx\/resizer\/hZXsdurrrXVHdATTie2UzxSjWNU=\/1440x0\/filters:format(jpg):quality(70)\/cloudfront-us-east-1.images.arcpublishing.com\/elfinanciero\/46HGHZAUPBA6ZGA3E3F7YBLVPI.jpg\" alt=\"\"\/><figcaption><strong>COVID-19 en menores de edad\u00a0<\/strong>Aumentan contagios de COVID-19 en menores de edad\u00a0(Especial)<\/figcaption><\/figure>\n\n\n\n<p>Fuente: https:\/\/www.elfinanciero.com.mx\/nacional\/2021\/09\/07\/en-ninos-se-disparan-casos-covid-y-crecen-las-hospitalizaciones\/<\/p>\n","protected":false},"excerpt":{"rendered":"<p>Pasan de 194 mil 876 a 232 mil 428 los menores infectados, desde agosto. V\u00cdCTOR CH\u00c1VEZ \/ EL FINANCIERO A [&hellip;]<\/p>\n","protected":false},"author":1,"featured_media":12740,"comment_status":"open","ping_status":"open","sticky":false,"template":"","format":"standard","meta":{"site-sidebar-layout":"default","site-content-layout":"","ast-site-content-layout":"default","site-content-style":"default","site-sidebar-style":"default","ast-global-header-display":"","ast-banner-title-visibility":"","ast-main-header-display":"","ast-hfb-above-header-display":"","ast-hfb-below-header-display":"","ast-hfb-mobile-header-display":"","site-post-title":"","ast-breadcrumbs-content":"","ast-featured-img":"","footer-sml-layout":"","theme-transparent-header-meta":"","adv-header-id-meta":"","stick-header-meta":"","header-above-stick-meta":"","header-main-stick-meta":"","header-below-stick-meta":"","astra-migrate-meta-layouts":"default","ast-page-background-enabled":"default","ast-page-background-meta":{"desktop":{"background-color":"var(--ast-global-color-4)","background-image":"","background-repeat":"repeat","background-position":"center center","background-size":"auto","background-attachment":"scroll","background-type":"","background-media":"","overlay-type":"","overlay-color":"","overlay-opacity":"","overlay-gradient":""},"tablet":{"background-color":"","background-image":"","background-repeat":"repeat","background-position":"center center","background-size":"auto","background-attachment":"scroll","background-type":"","background-media":"","overlay-type":"","overlay-color":"","overlay-opacity":"","overlay-gradient":""},"mobile":{"background-color":"","background-image":"","background-repeat":"repeat","background-position":"center center","background-size":"auto","background-attachment":"scroll","background-type":"","background-media":"","overlay-type":"","overlay-color":"","overlay-opacity":"","overlay-gradient":""}},"ast-content-background-meta":{"desktop":{"background-color":"var(--ast-global-color-5)","background-image":"","background-repeat":"repeat","background-position":"center center","background-size":"auto","background-attachment":"scroll","background-type":"","background-media":"","overlay-type":"","overlay-color":"","overlay-opacity":"","overlay-gradient":""},"tablet":{"background-color":"var(--ast-global-color-5)","background-image":"","background-repeat":"repeat","background-position":"center center","background-size":"auto","background-attachment":"scroll","background-type":"","background-media":"","overlay-type":"","overlay-color":"","overlay-opacity":"","overlay-gradient":""},"mobile":{"background-color":"var(--ast-global-color-5)","background-image":"","background-repeat":"repeat","background-position":"center center","background-size":"auto","background-attachment":"scroll","background-type":"","background-media":"","overlay-type":"","overlay-color":"","overlay-opacity":"","overlay-gradient":""}},"footnotes":""},"categories":[8],"tags":[3863],"class_list":["post-12739","post","type-post","status-publish","format-standard","has-post-thumbnail","hentry","category-noticias","tag-covid-19-ninos"],"_links":{"self":[{"href":"https:\/\/losperiodistas.com.mx\/portal\/wp-json\/wp\/v2\/posts\/12739","targetHints":{"allow":["GET"]}}],"collection":[{"href":"https:\/\/losperiodistas.com.mx\/portal\/wp-json\/wp\/v2\/posts"}],"about":[{"href":"https:\/\/losperiodistas.com.mx\/portal\/wp-json\/wp\/v2\/types\/post"}],"author":[{"embeddable":true,"href":"https:\/\/losperiodistas.com.mx\/portal\/wp-json\/wp\/v2\/users\/1"}],"replies":[{"embeddable":true,"href":"https:\/\/losperiodistas.com.mx\/portal\/wp-json\/wp\/v2\/comments?post=12739"}],"version-history":[{"count":1,"href":"https:\/\/losperiodistas.com.mx\/portal\/wp-json\/wp\/v2\/posts\/12739\/revisions"}],"predecessor-version":[{"id":12741,"href":"https:\/\/losperiodistas.com.mx\/portal\/wp-json\/wp\/v2\/posts\/12739\/revisions\/12741"}],"wp:featuredmedia":[{"embeddable":true,"href":"https:\/\/losperiodistas.com.mx\/portal\/wp-json\/wp\/v2\/media\/12740"}],"wp:attachment":[{"href":"https:\/\/losperiodistas.com.mx\/portal\/wp-json\/wp\/v2\/media?parent=12739"}],"wp:term":[{"taxonomy":"category","embeddable":true,"href":"https:\/\/losperiodistas.com.mx\/portal\/wp-json\/wp\/v2\/categories?post=12739"},{"taxonomy":"post_tag","embeddable":true,"href":"https:\/\/losperiodistas.com.mx\/portal\/wp-json\/wp\/v2\/tags?post=12739"}],"curies":[{"name":"wp","href":"https:\/\/api.w.org\/{rel}","templated":true}]}}