{"id":12736,"date":"2021-09-07T06:40:35","date_gmt":"2021-09-07T11:40:35","guid":{"rendered":"http:\/\/losperiodistas.com.mx\/portal\/?p=12736"},"modified":"2021-09-07T05:40:51","modified_gmt":"2021-09-07T10:40:51","slug":"los-recortes-presupuestarios-agudizan-la-crisis-migratoria-en-tapachula-el-pais","status":"publish","type":"post","link":"https:\/\/losperiodistas.com.mx\/portal\/los-recortes-presupuestarios-agudizan-la-crisis-migratoria-en-tapachula-el-pais\/","title":{"rendered":"Los recortes presupuestarios agudizan la crisis migratoria en Tapachula | El Pa\u00eds"},"content":{"rendered":"\n<p style=\"font-size:18px\"><em>La Comar, la oficina de atenci\u00f3n al refugiado, opera desbordada y con menos dinero que el a\u00f1o pasado a pesar de que las solicitudes de refugio han aumentado casi un 6.000% en los \u00faltimos a\u00f1os<\/em><\/p>\n\n\n\n<p><\/p>\n\n\n\n<figure class=\"wp-block-image size-large\"><img fetchpriority=\"high\" decoding=\"async\" width=\"1024\" height=\"539\" src=\"https:\/\/losperiodistas.com.mx\/portal\/wp-content\/uploads\/2021\/09\/Captura-de-Pantalla-2021-09-07-a-las-5.38.00-1024x539.jpg\" alt=\"\" class=\"wp-image-12737\" srcset=\"https:\/\/losperiodistas.com.mx\/portal\/wp-content\/uploads\/2021\/09\/Captura-de-Pantalla-2021-09-07-a-las-5.38.00-1024x539.jpg 1024w, https:\/\/losperiodistas.com.mx\/portal\/wp-content\/uploads\/2021\/09\/Captura-de-Pantalla-2021-09-07-a-las-5.38.00-300x158.jpg 300w, https:\/\/losperiodistas.com.mx\/portal\/wp-content\/uploads\/2021\/09\/Captura-de-Pantalla-2021-09-07-a-las-5.38.00-768x404.jpg 768w, https:\/\/losperiodistas.com.mx\/portal\/wp-content\/uploads\/2021\/09\/Captura-de-Pantalla-2021-09-07-a-las-5.38.00.jpg 1288w\" sizes=\"(max-width: 1024px) 100vw, 1024px\" \/><figcaption>Un grupo de migrantes haitianos protesta en Tapachula, en Chiapas (M\u00e9xico). JUAN MANUEL BLANCO \/ EFE<\/figcaption><\/figure>\n\n\n\n<p><\/p>\n\n\n\n<p class=\"has-vivid-cyan-blue-color has-text-color has-medium-font-size\">JACOBO GARC\u00cdA \/ M\u00e9xico \/ EL PA\u00cdS<\/p>\n\n\n\n<p>Monta\u00f1as de peticiones que se acumulan, personal desbordado e insuficiente, solicitudes sin respuesta y oficinas saturadas que tardan&nbsp;<a href=\"https:\/\/elpais.com\/mexico\/2021-08-31\/la-desesperacion-migrante-choca-contra-el-dique-de-tapachula.html\">meses y meses en responder&nbsp;<\/a>a las solicitudes que llegan es el panorama que enfrenta la Comisi\u00f3n Mexicana de Ayuda a Refugiados (Comar), la oficina encargada de dar respuesta a los miles de solicitantes de asilo que&nbsp;<a href=\"https:\/\/elpais.com\/mexico\/2021-08-29\/los-migrantes-se-rebelan-en-tapachula.html\">esperan una soluci\u00f3n<\/a>&nbsp;a sus tr\u00e1mites.<\/p>\n\n\n\n<p>La Comar se encuentra rebasada, ya que el presupuesto asignado no alcanza ni de lejos a\u00a0<a href=\"https:\/\/elpais.com\/mexico\/2021-07-15\/miles-de-haitianos-llegan-al-sur-de-mexico-en-los-ultimos-dias.html\">sus necesidades<\/a>. A pesar de que las solicitudes no han dejado de aumentar, el presupuesto destinado por la Secretar\u00eda de Gobernaci\u00f3n se ha reducido y en 2021 contar\u00e1 con 44 millones de pesos, tres millones menos que el a\u00f1o anterior. En contraste con la escasez de fondos, de 2013 a agosto de 2021, el n\u00famero de peticiones de refugio aument\u00f3 un 5.884%. Tan solo en lo que va de este a\u00f1o se presentaron casi 77.600 solicitudes, superando el r\u00e9cord hist\u00f3rico de 70.405 de 2019, seg\u00fan cifras oficiales del propio organismo. Solo la entrada de Agencia para los Refugiados de Naciones Unidas (ACNUR) ha mitigado ligeramente el problema econ\u00f3mico al aportar casi 53 millones m\u00e1s, sin embargo la cifra a\u00fan est\u00e1 lejos de cubrir las necesidades que se calculan en 200 millones a lo que se suma la falta de doblar el personal para agilizar la situaci\u00f3n.<\/p>\n\n\n\n<p>Actualmente para todo M\u00e9xico, Comar cuenta con unas 170 personas a las que se suman otras 230 que paga ACNUR. \u201cNecesitar\u00edamos unas 148 personas m\u00e1s\u201d, reconoce Andr\u00e9s Ram\u00edrez, coordinador de Comar. El presupuesto supone el 2,8% del dinero total que maneja el Instituto Nacional de Migraci\u00f3n (INM), seg\u00fan datos oficiales.<\/p>\n\n\n\n<h3 class=\"wp-block-heading\">M\u00c1S INFORMACI\u00d3N<\/h3>\n\n\n\n<ul class=\"wp-block-list\"><li><a href=\"https:\/\/elpais.com\/especiales\/2019\/frontera-sur\/capitulo-5\/?rel=listapoyo\">La trampa de la capital del sur<\/a><\/li><\/ul>\n\n\n\n<p>En 2013 las solicitudes de refugio en M\u00e9xico eran poco m\u00e1s de cien cada mes, en la actualidad rondan las 8.000 mensuales, y el proceso no ha ido acompa\u00f1ado de un esfuerzo presupuestario sino de los mismos recortes que afectan a todas las secretarias. Resultado de esta pol\u00edtica, la ciudad de Tapachula, en la frontera con Guatemala, ha visto como se ha desbordado en pocos a\u00f1os sus calles de miles de migrantes que esperan una respuesta. El incremento corresponde en su mayor\u00eda centroamericanos, pero nuevos flujos migratorios de haitianos, cubanos o venezolanos han conducido la situaci\u00f3n al l\u00edmite. Por primera vez, los haitianos encabezaron las solicitudes de condici\u00f3n de refugiado en M\u00e9xico.<\/p>\n\n\n\n<p>Ante las cifras r\u00e9cord de solicitantes de refugio, la Comar se encuentra saturada, particularmente su oficina en Tapachula, Chiapas, que concentra m\u00e1s del 70% de todos los procedimientos. Desde aqu\u00ed partieron en los \u00faltimos d\u00edas hasta cuatro caravanas de desesperados migrantes cansados de vivir en la indigencia mientras esperan una respuesta. La Guardia Nacional y el Instituto Nacional de Migraci\u00f3n pusieron en marcha operativos para impedir su avance, durante los cuales los agentes&nbsp;<a href=\"https:\/\/elpais.com\/mexico\/2021-09-03\/mexico-despliega-un-feroz-operativo-para-frenar-la-caravana-migrante-de-chiapas.html\">golpearon a los extranjeros.<\/a>&nbsp;La ley de refugio se\u00f1ala que el solicitante debe permanecer en la ciudad donde inici\u00f3 su procedimiento hasta que sea resuelto, so pena de perder el derecho al asilo.<\/p>\n\n\n\n<p>Las carencias presupuestarias son admitidas incluso por los responsables del organismo. Para realizar un trabajo serio se requiere seis veces m\u00e1s presupuesto que lo asignado para este a\u00f1o, reconoce en una entrevista con EL PA\u00cdS Andr\u00e9s Ram\u00edrez, titular del organismo. \u201cNosotros hab\u00edamos hecho un diagn\u00f3stico de las necesidades y necesitar\u00edamos del orden de 130 millones\u201d. \u201cEso es lo que necesitar\u00edamos para hacer un trabajo profesional, pero no me voy a quedar paralizado y llorando\u201d, admite este experimentado funcionario que ha trabajado antes en misiones en Bosnia y Ruanda con ACNUR.<\/p>\n\n\n\n<p>\u201cSe necesitan alternativas migratorias como darles documentos para el libre tr\u00e1nsito, permisos de trabajo temporal o saber que no van a ser deportados, adem\u00e1s de aumentar en el presupuesto, pero como no tenemos ni una cosa ni la otra la situaci\u00f3n se ha desbordado y tenemos este problema\u201d, explica Ram\u00edrez. \u201cLos haitianos cuando llegan solo ven un camino que es venir a Comar y eso ha saturado las oficinas\u201d. \u201cLos haitianos que han llegado no los consideramos refugiados porque vienen de Chile y Brasil y est\u00e1n colapsando el servicio de atenci\u00f3n en detrimento de quienes leg\u00edtimamente buscan refugio\u201d, ha a\u00f1adido. Seg\u00fan su explicaci\u00f3n, refugiado es una persona que por motivos de persecuci\u00f3n salen de su pa\u00eds de origen, \u201cpero ellos no salieron por este motivo sino en busca de&nbsp;<a href=\"https:\/\/elpais.com\/internacional\/2021-06-06\/mexico-cerca-de-dios-no-tanto-de-biden.html\">mejores oportunidades econ\u00f3micas&nbsp;<\/a>por eso es importante que M\u00e9xico les ofrezca alternativas migratorias\u201d, a\u00f1ade.<\/p>\n\n\n\n<p>Seg\u00fan Eunice Rend\u00f3n, coordinadora de la organizaci\u00f3n Agenda Migrante el discurso humanitario hacia los migrantes del Gobierno de Andr\u00e9s Manuel L\u00f3pez Obrador no ha venido acompa\u00f1ado de un presupuesto que lo apuntale. \u201cAntes de la pandemia por la covid-19 el plazo para que se resolviese cada tr\u00e1mite era de 45 d\u00edas con una pr\u00f3rroga de otros 45, pero actualmente no existe l\u00edmite. En varias ocasiones la Comar se ha visto obligada a cerrar sus instalaciones por brotes de coronavirus, ya que los solicitantes pasan horas hacinados en el exterior de las oficinas. Actualmente, si alguien quiere pedir asilo recibe una cita para el mes de enero. Miles de solicitantes de protecci\u00f3n internacional llevan meses abandonados en Tapachula, sin documentos y bajo la amenaza de ser detenidos en una redada migratoria\u201d, explica Rend\u00f3n.<\/p>\n\n\n\n<p>\u201cL\u00f3gicamente, si tienes una capacidad operativa muy fortalecida, pues los tiempos (de respuesta) se reducen, si la capacidad operativa es muy precaria, muy limitada, obvio que estos tiempos se multiplican\u201d, reconoce Ram\u00edrez. \u201cLlegan momentos en que no podemos cumplir los plazos, porque est\u00e1 estir\u00e1ndose la cuerda demasiado\u201d. Por otro lado, advierte que debido al acuerdo pactado para recibir a los centroamericanos que pidan asilo en Estados Unidos, es posible que varios de esos migrantes desistan de su proceso en el pa\u00eds vecino y pidan refugio en M\u00e9xico.<\/p>\n\n\n\n<p><a href=\"https:\/\/plus.elpais.com\/newsletters\/lnp\/1\/348\"><strong>Suscr\u00edbase aqu\u00ed<\/strong><\/a>a la\u00a0<em>newsletter<\/em>\u00a0de EL PA\u00cdS M\u00e9xico y reciba todas las claves informativas de la actualidad de este pa\u00eds<\/p>\n\n\n\n<p>Fuente: https:\/\/elpais.com\/mexico\/2021-09-07\/los-recortes-presupuestarios-agudizan-la-crisis-migratoria-en-tapachula.html<\/p>\n","protected":false},"excerpt":{"rendered":"<p>La Comar, la oficina de atenci\u00f3n al refugiado, opera desbordada y con menos dinero que el a\u00f1o pasado a pesar [&hellip;]<\/p>\n","protected":false},"author":1,"featured_media":12737,"comment_status":"open","ping_status":"open","sticky":false,"template":"","format":"standard","meta":{"site-sidebar-layout":"default","site-content-layout":"","ast-site-content-layout":"default","site-content-style":"default","site-sidebar-style":"default","ast-global-header-display":"","ast-banner-title-visibility":"","ast-main-header-display":"","ast-hfb-above-header-display":"","ast-hfb-below-header-display":"","ast-hfb-mobile-header-display":"","site-post-title":"","ast-breadcrumbs-content":"","ast-featured-img":"","footer-sml-layout":"","theme-transparent-header-meta":"","adv-header-id-meta":"","stick-header-meta":"","header-above-stick-meta":"","header-main-stick-meta":"","header-below-stick-meta":"","astra-migrate-meta-layouts":"default","ast-page-background-enabled":"default","ast-page-background-meta":{"desktop":{"background-color":"var(--ast-global-color-4)","background-image":"","background-repeat":"repeat","background-position":"center center","background-size":"auto","background-attachment":"scroll","background-type":"","background-media":"","overlay-type":"","overlay-color":"","overlay-opacity":"","overlay-gradient":""},"tablet":{"background-color":"","background-image":"","background-repeat":"repeat","background-position":"center center","background-size":"auto","background-attachment":"scroll","background-type":"","background-media":"","overlay-type":"","overlay-color":"","overlay-opacity":"","overlay-gradient":""},"mobile":{"background-color":"","background-image":"","background-repeat":"repeat","background-position":"center center","background-size":"auto","background-attachment":"scroll","background-type":"","background-media":"","overlay-type":"","overlay-color":"","overlay-opacity":"","overlay-gradient":""}},"ast-content-background-meta":{"desktop":{"background-color":"var(--ast-global-color-5)","background-image":"","background-repeat":"repeat","background-position":"center center","background-size":"auto","background-attachment":"scroll","background-type":"","background-media":"","overlay-type":"","overlay-color":"","overlay-opacity":"","overlay-gradient":""},"tablet":{"background-color":"var(--ast-global-color-5)","background-image":"","background-repeat":"repeat","background-position":"center center","background-size":"auto","background-attachment":"scroll","background-type":"","background-media":"","overlay-type":"","overlay-color":"","overlay-opacity":"","overlay-gradient":""},"mobile":{"background-color":"var(--ast-global-color-5)","background-image":"","background-repeat":"repeat","background-position":"center center","background-size":"auto","background-attachment":"scroll","background-type":"","background-media":"","overlay-type":"","overlay-color":"","overlay-opacity":"","overlay-gradient":""}},"footnotes":""},"categories":[8],"tags":[3862,1019],"class_list":["post-12736","post","type-post","status-publish","format-standard","has-post-thumbnail","hentry","category-noticias","tag-comar","tag-migracion-mexico"],"_links":{"self":[{"href":"https:\/\/losperiodistas.com.mx\/portal\/wp-json\/wp\/v2\/posts\/12736","targetHints":{"allow":["GET"]}}],"collection":[{"href":"https:\/\/losperiodistas.com.mx\/portal\/wp-json\/wp\/v2\/posts"}],"about":[{"href":"https:\/\/losperiodistas.com.mx\/portal\/wp-json\/wp\/v2\/types\/post"}],"author":[{"embeddable":true,"href":"https:\/\/losperiodistas.com.mx\/portal\/wp-json\/wp\/v2\/users\/1"}],"replies":[{"embeddable":true,"href":"https:\/\/losperiodistas.com.mx\/portal\/wp-json\/wp\/v2\/comments?post=12736"}],"version-history":[{"count":1,"href":"https:\/\/losperiodistas.com.mx\/portal\/wp-json\/wp\/v2\/posts\/12736\/revisions"}],"predecessor-version":[{"id":12738,"href":"https:\/\/losperiodistas.com.mx\/portal\/wp-json\/wp\/v2\/posts\/12736\/revisions\/12738"}],"wp:featuredmedia":[{"embeddable":true,"href":"https:\/\/losperiodistas.com.mx\/portal\/wp-json\/wp\/v2\/media\/12737"}],"wp:attachment":[{"href":"https:\/\/losperiodistas.com.mx\/portal\/wp-json\/wp\/v2\/media?parent=12736"}],"wp:term":[{"taxonomy":"category","embeddable":true,"href":"https:\/\/losperiodistas.com.mx\/portal\/wp-json\/wp\/v2\/categories?post=12736"},{"taxonomy":"post_tag","embeddable":true,"href":"https:\/\/losperiodistas.com.mx\/portal\/wp-json\/wp\/v2\/tags?post=12736"}],"curies":[{"name":"wp","href":"https:\/\/api.w.org\/{rel}","templated":true}]}}