{"id":12730,"date":"2021-09-07T05:30:08","date_gmt":"2021-09-07T10:30:08","guid":{"rendered":"http:\/\/losperiodistas.com.mx\/portal\/?p=12730"},"modified":"2021-09-07T05:30:09","modified_gmt":"2021-09-07T10:30:09","slug":"padre-solalinde-aseguro-que-eeuu-esta-detras-de-caravanas-migrantes-para-desacreditar-a-la-4t-infobae","status":"publish","type":"post","link":"https:\/\/losperiodistas.com.mx\/portal\/padre-solalinde-aseguro-que-eeuu-esta-detras-de-caravanas-migrantes-para-desacreditar-a-la-4t-infobae\/","title":{"rendered":"Padre Solalinde asegur\u00f3 que EEUU \u201cest\u00e1 detr\u00e1s\u201d de caravanas migrantes para desacreditar a la 4T | Infobae"},"content":{"rendered":"\n<p style=\"font-size:18px\"><em>El sacerdote mexicano, activista por los derechos de los migrantes, dijo que este fen\u00f3meno social no surge de manera \u201cespont\u00e1nea\u201d, sino que detr\u00e1s hay \u201cmano negra\u201d<\/em><\/p>\n\n\n\n<p><\/p>\n\n\n\n<figure class=\"wp-block-image size-large\"><img fetchpriority=\"high\" decoding=\"async\" width=\"1024\" height=\"681\" src=\"https:\/\/losperiodistas.com.mx\/portal\/wp-content\/uploads\/2021\/09\/Captura-de-Pantalla-2021-09-07-a-las-5.27.24-1024x681.jpg\" alt=\"\" class=\"wp-image-12731\" srcset=\"https:\/\/losperiodistas.com.mx\/portal\/wp-content\/uploads\/2021\/09\/Captura-de-Pantalla-2021-09-07-a-las-5.27.24-1024x681.jpg 1024w, https:\/\/losperiodistas.com.mx\/portal\/wp-content\/uploads\/2021\/09\/Captura-de-Pantalla-2021-09-07-a-las-5.27.24-300x200.jpg 300w, https:\/\/losperiodistas.com.mx\/portal\/wp-content\/uploads\/2021\/09\/Captura-de-Pantalla-2021-09-07-a-las-5.27.24-768x511.jpg 768w, https:\/\/losperiodistas.com.mx\/portal\/wp-content\/uploads\/2021\/09\/Captura-de-Pantalla-2021-09-07-a-las-5.27.24.jpg 1518w\" sizes=\"(max-width: 1024px) 100vw, 1024px\" \/><figcaption>\u201cSi el gobierno de M\u00e9xico quiere demostrar que en verdad respeta los derechos humanos, entonces tiene que cambiar la estrategia y acompa\u00f1ar a los migrantes\u201d, agreg\u00f3. (Foto: CUARTOSCURO)<\/figcaption><\/figure>\n\n\n\n<p class=\"has-vivid-cyan-blue-color has-text-color has-medium-font-size\">INFOBAE<\/p>\n\n\n\n<p><strong>Alejandro Solalinde<\/strong>, sacerdote mexicano y activista por los derechos humanos, se volvi\u00f3 tendencia en redes sociales debido a sus declaraciones&nbsp;<strong>que hizo respecto a las caravanas migrantes que est\u00e1n siendo agredidas y reprimidas por elementos de la Guardia Nacional y el Instituto Nacional de Migraci\u00f3n (INM).<\/strong><\/p>\n\n\n\n<p>En entrevista con Azucena Uresti para\u00a0<em>Radio F\u00f3rmula<\/em>, Solalinde asegur\u00f3 que<strong>\u00a0Estados Unidos est\u00e1 \u201cdetr\u00e1s\u201d de las caravanas migrantes para desacreditar el gobierno del presidente Andr\u00e9s Manuel L\u00f3pez Obrador.<\/strong><\/p>\n\n\n\n<p>De igual forma, explic\u00f3 que el fen\u00f3meno de la migraci\u00f3n<strong>&nbsp;\u201cse trata de la presi\u00f3n geopol\u00edtica de Estados Unidos\u201d, ya que las caravanas no surgen de manera espont\u00e1nea, sino que hay \u201cintereses de fondo\u201d.<\/strong><\/p>\n\n\n\n<p><strong>\u201cNo es ni Donald Trump ni Joe Biden, es el sistema de Estados Unidos,<\/strong>&nbsp;y me queda claro que hay organizaciones que han acarreado a los migrantes, yo fui testigo de ello en Tijuana, y como los estrellaban en la frontera\u201d, declar\u00f3 el activista.<\/p>\n\n\n\n<p>\u201cSi el gobierno de M\u00e9xico quiere demostrar que en verdad respeta los derechos humanos,&nbsp;<strong>entonces tiene que cambiar la estrategia y acompa\u00f1ar a los migrantes\u201d, agreg\u00f3.<\/strong><\/p>\n\n\n\n<p>Respecto a los videos e im\u00e1genes de agresiones contra migrantes a manos de las autoridades mexicanas,&nbsp;<strong>Solalinde acept\u00f3 que es \u201cbrutal e inhumano\u201d, pero dijo que existe un modus operandi de estas acciones.<\/strong><\/p>\n\n\n\n<p>\u201cHay que ver la otra parte, los activistas mandan a la gente m\u00e1s vulnerable a provocar.&nbsp;<strong>Ellos (los activistas) quieren un impacto medi\u00e1tico para demostrar que el gobierno de AMLO es malo y que es represor y que est\u00e1 en contra de los migrantes\u201d,<\/strong>&nbsp;sentenci\u00f3.<\/p>\n\n\n\n<p>Solalinde dijo que el gobierno deber\u00e1 desarticular estas<strong>&nbsp;\u201cacciones orquestadas\u201d y buscar otros mecanismos para ayudar a la comunidad migrante.<\/strong><img decoding=\"async\" alt=\"El padre Solalinde neg\u00f3 que estuviera \u201causente\u201d respecto al fen\u00f3meno migratorio\nREUTERS \/ Jacob Garc\u00eda\" height=\"534\" width=\"800\" src=\"https:\/\/www.infobae.com\/new-resizer\/AwNwTq4JeDMoBFmEeKjrxCGNezg=\/420x280\/filters:format(jpg):quality(85)\/cloudfront-us-east-1.images.arcpublishing.com\/infobae\/EQCRQNYZWWF3GJ4KZYPOVBOJUA.jpg%20420w\" srcset=\"https:\/\/www.infobae.com\/new-resizer\/AwNwTq4JeDMoBFmEeKjrxCGNezg=\/420x280\/filters:format(jpg):quality(85)\/cloudfront-us-east-1.images.arcpublishing.com\/infobae\/EQCRQNYZWWF3GJ4KZYPOVBOJUA.jpg 420w,https:\/\/www.infobae.com\/new-resizer\/fREpYA76CQMC4S8TwBst2lFu_90=\/768x512\/filters:format(jpg):quality(85)\/cloudfront-us-east-1.images.arcpublishing.com\/infobae\/EQCRQNYZWWF3GJ4KZYPOVBOJUA.jpg 768w,https:\/\/www.infobae.com\/new-resizer\/aB1y2tAW14dymx2i9dF3VXbVA0w=\/992x661\/filters:format(jpg):quality(85)\/cloudfront-us-east-1.images.arcpublishing.com\/infobae\/EQCRQNYZWWF3GJ4KZYPOVBOJUA.jpg 992w,https:\/\/www.infobae.com\/new-resizer\/-Ls-Adws44ZDRrlKwNXYWt5oahM=\/1200x800\/filters:format(jpg):quality(85)\/cloudfront-us-east-1.images.arcpublishing.com\/infobae\/EQCRQNYZWWF3GJ4KZYPOVBOJUA.jpg 1200w,https:\/\/www.infobae.com\/new-resizer\/O5lsTCt5ps7b09R0ZElII5VsW5s=\/1440x960\/filters:format(jpg):quality(85)\/cloudfront-us-east-1.images.arcpublishing.com\/infobae\/EQCRQNYZWWF3GJ4KZYPOVBOJUA.jpg 1440w\">El padre Solalinde neg\u00f3 que estuviera \u201causente\u201d respecto al fen\u00f3meno migratorio REUTERS \/ Jacob Garc\u00eda<\/p>\n\n\n\n<p>\u201cNo es un tema f\u00e1cil, es complejo y deben analizarse muchas aristas<strong>. Yo estoy convencido de que el gobierno de M\u00e9xico tendr\u00e1 una soluci\u00f3n positiva para todos los migrantes\u201d.<\/strong><\/p>\n\n\n\n<p>El padre Solalinde neg\u00f3 que estuviera \u201causente\u201d respecto al fen\u00f3meno migratorio y, al contrario,&nbsp;<strong>dijo que gracias a la pandemia pudo cerrar filas y concentrar todas sus energ\u00edas para seguir ayudando a los migrantes.<\/strong><\/p>\n\n\n\n<p>\u201c<strong>Mi t\u00e1ctica es la que cambi\u00f3<\/strong>. Ahora trabajo de la mano del DIF, de la Procuradur\u00eda Federal de Protecci\u00f3n de Ni\u00f1os y Adolescentes, estar con ellos para que se hagan las cosas y si no se hacen estoy presionando para que se hagan\u201d.<\/p>\n\n\n\n<p>\u201c<strong>Estamos trabajando juntos y seguir\u00e9 trabajando con los migrantes.&nbsp;<\/strong>Yo siempre condenar\u00e9 las violaciones contra cualquier ser humano. Veo una migraci\u00f3n desconcertada. El INM se militariz\u00f3, yo reconozco que son gente buena, pero desconocen el tema de los migrantes, no tienen el perfil para tratar el tema\u201d.<img decoding=\"async\" alt=\"Solalinde dijo que el gobierno deber\u00e1 desarticular estas \u201cacciones orquestadas\u201d y buscar otros mecanismos para ayudar a la comunidad migrante.\nREUTERS\/Jose Torres  \" height=\"3598\" width=\"5241\" src=\"https:\/\/www.infobae.com\/new-resizer\/izwQWYQB_UrFASUOr0pzefHL1FU=\/420x280\/filters:format(jpg):quality(85)\/cloudfront-us-east-1.images.arcpublishing.com\/infobae\/BP3FTJJRUO4FWRS26HGH4O35SM.jpg%20420w\" srcset=\"https:\/\/www.infobae.com\/new-resizer\/izwQWYQB_UrFASUOr0pzefHL1FU=\/420x280\/filters:format(jpg):quality(85)\/cloudfront-us-east-1.images.arcpublishing.com\/infobae\/BP3FTJJRUO4FWRS26HGH4O35SM.jpg 420w,https:\/\/www.infobae.com\/new-resizer\/c1RMfA_rl7ghB2hBKYigiOsf4q8=\/768x512\/filters:format(jpg):quality(85)\/cloudfront-us-east-1.images.arcpublishing.com\/infobae\/BP3FTJJRUO4FWRS26HGH4O35SM.jpg 768w,https:\/\/www.infobae.com\/new-resizer\/B35zOZuQMZkCsrzTISfE-jQYk4Y=\/992x661\/filters:format(jpg):quality(85)\/cloudfront-us-east-1.images.arcpublishing.com\/infobae\/BP3FTJJRUO4FWRS26HGH4O35SM.jpg 992w,https:\/\/www.infobae.com\/new-resizer\/B2w-IbqTEePziMO6QJ6D3YkPjh8=\/1200x800\/filters:format(jpg):quality(85)\/cloudfront-us-east-1.images.arcpublishing.com\/infobae\/BP3FTJJRUO4FWRS26HGH4O35SM.jpg 1200w,https:\/\/www.infobae.com\/new-resizer\/HSvO91NKxncRwvifmpeX9r_oXJw=\/1440x960\/filters:format(jpg):quality(85)\/cloudfront-us-east-1.images.arcpublishing.com\/infobae\/BP3FTJJRUO4FWRS26HGH4O35SM.jpg 1440w\">Solalinde dijo que el gobierno deber\u00e1 desarticular estas \u201cacciones orquestadas\u201d y buscar otros mecanismos para ayudar a la comunidad migrante. REUTERS\/Jose Torres<\/p>\n\n\n\n<p><strong>DESARTICULAN CUARTA CARAVANA<\/strong><\/p>\n\n\n\n<p>En la madrugada de este domingo, aproximadamente 400 elementos de la&nbsp;<strong>Guardia Nacional&nbsp;<\/strong>y del&nbsp;<strong>Instituto Nacional de Migraci\u00f3n (INM)&nbsp;<\/strong>disolvieron a la&nbsp;<strong>cuarta caravana&nbsp;<\/strong><a href=\"https:\/\/www.infobae.com\/tag\/migrantes\/\"><strong>migrante<\/strong><\/a>que pernoctaban en el barrio Guadalupe de&nbsp;<strong>Huixtla<\/strong>,&nbsp;<strong>Chiapas<\/strong>&nbsp;desde la noche del s\u00e1bado.<\/p>\n\n\n\n<p>Tras el operativo, el grupo de migrantes se disolvi\u00f3 en dos partes: una parte huy\u00f3 hacia el&nbsp;<strong>r\u00edo Huixtla<\/strong>, mientras que la otra se dirigi\u00f3 a las&nbsp;<strong>v\u00edas del tren<\/strong>, desde donde lanz\u00f3 piedras a un contingente de seis autoridades de migraci\u00f3n.<\/p>\n\n\n\n<p>Algunos de los detenidos se habr\u00edan entregado voluntariamente debido al cansancio que presentaban tras la caminata de\u00a0<strong>13 horas\u00a0<\/strong>realizadas en la jornada anterior<strong>.\u00a0<\/strong>Entre el grupo se hallaban mujeres, ni\u00f1os y hombres de distintos pa\u00edses centroamericanos y del carib<\/p>\n\n\n\n<p>Fuente: https:\/\/www.infobae.com\/america\/mexico\/2021\/09\/07\/padre-solalinde-aseguro-que-eeuu-esta-detras-de-caravanas-migrantes-para-desacreditar-a-la-4t\/<\/p>\n","protected":false},"excerpt":{"rendered":"<p>El sacerdote mexicano, activista por los derechos de los migrantes, dijo que este fen\u00f3meno social no surge de manera \u201cespont\u00e1nea\u201d, [&hellip;]<\/p>\n","protected":false},"author":1,"featured_media":12731,"comment_status":"open","ping_status":"open","sticky":false,"template":"","format":"standard","meta":{"site-sidebar-layout":"default","site-content-layout":"","ast-site-content-layout":"default","site-content-style":"default","site-sidebar-style":"default","ast-global-header-display":"","ast-banner-title-visibility":"","ast-main-header-display":"","ast-hfb-above-header-display":"","ast-hfb-below-header-display":"","ast-hfb-mobile-header-display":"","site-post-title":"","ast-breadcrumbs-content":"","ast-featured-img":"","footer-sml-layout":"","theme-transparent-header-meta":"","adv-header-id-meta":"","stick-header-meta":"","header-above-stick-meta":"","header-main-stick-meta":"","header-below-stick-meta":"","astra-migrate-meta-layouts":"default","ast-page-background-enabled":"default","ast-page-background-meta":{"desktop":{"background-color":"var(--ast-global-color-4)","background-image":"","background-repeat":"repeat","background-position":"center center","background-size":"auto","background-attachment":"scroll","background-type":"","background-media":"","overlay-type":"","overlay-color":"","overlay-opacity":"","overlay-gradient":""},"tablet":{"background-color":"","background-image":"","background-repeat":"repeat","background-position":"center center","background-size":"auto","background-attachment":"scroll","background-type":"","background-media":"","overlay-type":"","overlay-color":"","overlay-opacity":"","overlay-gradient":""},"mobile":{"background-color":"","background-image":"","background-repeat":"repeat","background-position":"center center","background-size":"auto","background-attachment":"scroll","background-type":"","background-media":"","overlay-type":"","overlay-color":"","overlay-opacity":"","overlay-gradient":""}},"ast-content-background-meta":{"desktop":{"background-color":"var(--ast-global-color-5)","background-image":"","background-repeat":"repeat","background-position":"center center","background-size":"auto","background-attachment":"scroll","background-type":"","background-media":"","overlay-type":"","overlay-color":"","overlay-opacity":"","overlay-gradient":""},"tablet":{"background-color":"var(--ast-global-color-5)","background-image":"","background-repeat":"repeat","background-position":"center center","background-size":"auto","background-attachment":"scroll","background-type":"","background-media":"","overlay-type":"","overlay-color":"","overlay-opacity":"","overlay-gradient":""},"mobile":{"background-color":"var(--ast-global-color-5)","background-image":"","background-repeat":"repeat","background-position":"center center","background-size":"auto","background-attachment":"scroll","background-type":"","background-media":"","overlay-type":"","overlay-color":"","overlay-opacity":"","overlay-gradient":""}},"footnotes":""},"categories":[8],"tags":[3857,3858,2997,2127,3856],"class_list":["post-12730","post","type-post","status-publish","format-standard","has-post-thumbnail","hentry","category-noticias","tag-alejandro-solalinde","tag-caravan-migrantes","tag-eeuu","tag-guardia-nacional","tag-migrantes-tapachula"],"_links":{"self":[{"href":"https:\/\/losperiodistas.com.mx\/portal\/wp-json\/wp\/v2\/posts\/12730","targetHints":{"allow":["GET"]}}],"collection":[{"href":"https:\/\/losperiodistas.com.mx\/portal\/wp-json\/wp\/v2\/posts"}],"about":[{"href":"https:\/\/losperiodistas.com.mx\/portal\/wp-json\/wp\/v2\/types\/post"}],"author":[{"embeddable":true,"href":"https:\/\/losperiodistas.com.mx\/portal\/wp-json\/wp\/v2\/users\/1"}],"replies":[{"embeddable":true,"href":"https:\/\/losperiodistas.com.mx\/portal\/wp-json\/wp\/v2\/comments?post=12730"}],"version-history":[{"count":1,"href":"https:\/\/losperiodistas.com.mx\/portal\/wp-json\/wp\/v2\/posts\/12730\/revisions"}],"predecessor-version":[{"id":12732,"href":"https:\/\/losperiodistas.com.mx\/portal\/wp-json\/wp\/v2\/posts\/12730\/revisions\/12732"}],"wp:featuredmedia":[{"embeddable":true,"href":"https:\/\/losperiodistas.com.mx\/portal\/wp-json\/wp\/v2\/media\/12731"}],"wp:attachment":[{"href":"https:\/\/losperiodistas.com.mx\/portal\/wp-json\/wp\/v2\/media?parent=12730"}],"wp:term":[{"taxonomy":"category","embeddable":true,"href":"https:\/\/losperiodistas.com.mx\/portal\/wp-json\/wp\/v2\/categories?post=12730"},{"taxonomy":"post_tag","embeddable":true,"href":"https:\/\/losperiodistas.com.mx\/portal\/wp-json\/wp\/v2\/tags?post=12730"}],"curies":[{"name":"wp","href":"https:\/\/api.w.org\/{rel}","templated":true}]}}