{"id":12723,"date":"2021-09-06T18:48:50","date_gmt":"2021-09-06T23:48:50","guid":{"rendered":"http:\/\/losperiodistas.com.mx\/portal\/?p=12723"},"modified":"2021-09-06T18:48:51","modified_gmt":"2021-09-06T23:48:51","slug":"muere-enrique-gonzalez-pedrero-exgobernador-de-tabasco-a-los-91-anos-ehm","status":"publish","type":"post","link":"https:\/\/losperiodistas.com.mx\/portal\/muere-enrique-gonzalez-pedrero-exgobernador-de-tabasco-a-los-91-anos-ehm\/","title":{"rendered":"Muere Enrique Gonz\u00e1lez Pedrero, exgobernador de Tabasco, a los 91 a\u00f1os | EHM"},"content":{"rendered":"\n<p style=\"font-size:18px\"><em>El pol\u00edtico tambi\u00e9n fue diplom\u00e1tico, escritor, humanista, apasionado de la historia<\/em><\/p>\n\n\n\n<p><\/p>\n\n\n\n<figure class=\"wp-block-image size-large\"><img fetchpriority=\"high\" decoding=\"async\" width=\"1024\" height=\"575\" src=\"https:\/\/losperiodistas.com.mx\/portal\/wp-content\/uploads\/2021\/09\/Captura-de-Pantalla-2021-09-06-a-las-18.46.47-1024x575.jpg\" alt=\"\" class=\"wp-image-12724\" srcset=\"https:\/\/losperiodistas.com.mx\/portal\/wp-content\/uploads\/2021\/09\/Captura-de-Pantalla-2021-09-06-a-las-18.46.47-1024x575.jpg 1024w, https:\/\/losperiodistas.com.mx\/portal\/wp-content\/uploads\/2021\/09\/Captura-de-Pantalla-2021-09-06-a-las-18.46.47-300x168.jpg 300w, https:\/\/losperiodistas.com.mx\/portal\/wp-content\/uploads\/2021\/09\/Captura-de-Pantalla-2021-09-06-a-las-18.46.47-768x431.jpg 768w, https:\/\/losperiodistas.com.mx\/portal\/wp-content\/uploads\/2021\/09\/Captura-de-Pantalla-2021-09-06-a-las-18.46.47-1536x862.jpg 1536w, https:\/\/losperiodistas.com.mx\/portal\/wp-content\/uploads\/2021\/09\/Captura-de-Pantalla-2021-09-06-a-las-18.46.47.jpg 1746w\" sizes=\"(max-width: 1024px) 100vw, 1024px\" \/><\/figure>\n\n\n\n<p><\/p>\n\n\n\n<p class=\"has-vivid-cyan-blue-color has-text-color has-medium-font-size\">LUIS HERN\u00c1NDEZ \/ EL HERALDO DE M\u00c9XICO<\/p>\n\n\n\n<p>La tarde de este lunes falleci\u00f3&nbsp;del intelectual y&nbsp;exgobernador de Tabasco,&nbsp;<strong>Enrique Gonz\u00e1lez Pedrero<\/strong>, a la edad de 91 a\u00f1os, informaron medios locales.&nbsp;<\/p>\n\n\n\n<p>La lamentable noticia fue confirmada por&nbsp;<strong>Manuel Andrade D\u00edaz<\/strong>, otro exmandatario del Estado, quien mand\u00f3 sus condolencias a sus familiares y amistades cercanas. Se refiri\u00f3 sobre \u00e9l como que&nbsp;\u00absiempre nos distingui\u00f3 con su amistad y trato cordial. Ser\u00e1 recordado por muchas generaciones como un buen mexicano\u00bb.<\/p>\n\n\n\n<p>Hasta el momento\u00a0no se han revelado las causas del deceso.\u00a0<\/p>\n\n\n\n<p>Fuente: https:\/\/heraldodemexico.com.mx\/nacional\/2021\/9\/6\/muere-enrique-gonzalez-pedrero-exgobernador-de-tabasco-los-91-anos-332774.html<\/p>\n","protected":false},"excerpt":{"rendered":"<p>El pol\u00edtico tambi\u00e9n fue diplom\u00e1tico, escritor, humanista, apasionado de la historia LUIS HERN\u00c1NDEZ \/ EL HERALDO DE M\u00c9XICO La tarde [&hellip;]<\/p>\n","protected":false},"author":1,"featured_media":12724,"comment_status":"open","ping_status":"open","sticky":false,"template":"","format":"standard","meta":{"site-sidebar-layout":"default","site-content-layout":"","ast-site-content-layout":"default","site-content-style":"default","site-sidebar-style":"default","ast-global-header-display":"","ast-banner-title-visibility":"","ast-main-header-display":"","ast-hfb-above-header-display":"","ast-hfb-below-header-display":"","ast-hfb-mobile-header-display":"","site-post-title":"","ast-breadcrumbs-content":"","ast-featured-img":"","footer-sml-layout":"","theme-transparent-header-meta":"","adv-header-id-meta":"","stick-header-meta":"","header-above-stick-meta":"","header-main-stick-meta":"","header-below-stick-meta":"","astra-migrate-meta-layouts":"default","ast-page-background-enabled":"default","ast-page-background-meta":{"desktop":{"background-color":"var(--ast-global-color-4)","background-image":"","background-repeat":"repeat","background-position":"center center","background-size":"auto","background-attachment":"scroll","background-type":"","background-media":"","overlay-type":"","overlay-color":"","overlay-opacity":"","overlay-gradient":""},"tablet":{"background-color":"","background-image":"","background-repeat":"repeat","background-position":"center center","background-size":"auto","background-attachment":"scroll","background-type":"","background-media":"","overlay-type":"","overlay-color":"","overlay-opacity":"","overlay-gradient":""},"mobile":{"background-color":"","background-image":"","background-repeat":"repeat","background-position":"center center","background-size":"auto","background-attachment":"scroll","background-type":"","background-media":"","overlay-type":"","overlay-color":"","overlay-opacity":"","overlay-gradient":""}},"ast-content-background-meta":{"desktop":{"background-color":"var(--ast-global-color-5)","background-image":"","background-repeat":"repeat","background-position":"center center","background-size":"auto","background-attachment":"scroll","background-type":"","background-media":"","overlay-type":"","overlay-color":"","overlay-opacity":"","overlay-gradient":""},"tablet":{"background-color":"var(--ast-global-color-5)","background-image":"","background-repeat":"repeat","background-position":"center center","background-size":"auto","background-attachment":"scroll","background-type":"","background-media":"","overlay-type":"","overlay-color":"","overlay-opacity":"","overlay-gradient":""},"mobile":{"background-color":"var(--ast-global-color-5)","background-image":"","background-repeat":"repeat","background-position":"center center","background-size":"auto","background-attachment":"scroll","background-type":"","background-media":"","overlay-type":"","overlay-color":"","overlay-opacity":"","overlay-gradient":""}},"footnotes":""},"categories":[8],"tags":[3855],"class_list":["post-12723","post","type-post","status-publish","format-standard","has-post-thumbnail","hentry","category-noticias","tag-enrique-gonzalez-pedrero"],"_links":{"self":[{"href":"https:\/\/losperiodistas.com.mx\/portal\/wp-json\/wp\/v2\/posts\/12723","targetHints":{"allow":["GET"]}}],"collection":[{"href":"https:\/\/losperiodistas.com.mx\/portal\/wp-json\/wp\/v2\/posts"}],"about":[{"href":"https:\/\/losperiodistas.com.mx\/portal\/wp-json\/wp\/v2\/types\/post"}],"author":[{"embeddable":true,"href":"https:\/\/losperiodistas.com.mx\/portal\/wp-json\/wp\/v2\/users\/1"}],"replies":[{"embeddable":true,"href":"https:\/\/losperiodistas.com.mx\/portal\/wp-json\/wp\/v2\/comments?post=12723"}],"version-history":[{"count":1,"href":"https:\/\/losperiodistas.com.mx\/portal\/wp-json\/wp\/v2\/posts\/12723\/revisions"}],"predecessor-version":[{"id":12725,"href":"https:\/\/losperiodistas.com.mx\/portal\/wp-json\/wp\/v2\/posts\/12723\/revisions\/12725"}],"wp:featuredmedia":[{"embeddable":true,"href":"https:\/\/losperiodistas.com.mx\/portal\/wp-json\/wp\/v2\/media\/12724"}],"wp:attachment":[{"href":"https:\/\/losperiodistas.com.mx\/portal\/wp-json\/wp\/v2\/media?parent=12723"}],"wp:term":[{"taxonomy":"category","embeddable":true,"href":"https:\/\/losperiodistas.com.mx\/portal\/wp-json\/wp\/v2\/categories?post=12723"},{"taxonomy":"post_tag","embeddable":true,"href":"https:\/\/losperiodistas.com.mx\/portal\/wp-json\/wp\/v2\/tags?post=12723"}],"curies":[{"name":"wp","href":"https:\/\/api.w.org\/{rel}","templated":true}]}}