{"id":12718,"date":"2021-09-06T18:19:44","date_gmt":"2021-09-06T23:19:44","guid":{"rendered":"http:\/\/losperiodistas.com.mx\/portal\/?p=12718"},"modified":"2021-09-06T18:19:45","modified_gmt":"2021-09-06T23:19:45","slug":"contraviene-a-la-constitucion-criminalizar-a-la-mujer-por-interrumpir-su-embarazo-mayoria-en-la-scjn-infobae","status":"publish","type":"post","link":"https:\/\/losperiodistas.com.mx\/portal\/contraviene-a-la-constitucion-criminalizar-a-la-mujer-por-interrumpir-su-embarazo-mayoria-en-la-scjn-infobae\/","title":{"rendered":"Contraviene a la Constituci\u00f3n criminalizar a la mujer por interrumpir su embarazo: mayor\u00eda en la SCJN | Infobae"},"content":{"rendered":"\n<p style=\"font-size:18px\"><em>La Suprema Corte de Justicia de la Naci\u00f3n a\u00fan no tiene una determinaci\u00f3n final respecto al incurrir acci\u00f3n penal contra quien aborte; sin embargo, ocho de los 10 magistrados coincidieron con el proyecto presentado por Luis Mar\u00eda Aguilar<\/em><\/p>\n\n\n\n<p><\/p>\n\n\n\n<figure class=\"wp-block-image size-large\"><img fetchpriority=\"high\" decoding=\"async\" width=\"1024\" height=\"578\" src=\"https:\/\/losperiodistas.com.mx\/portal\/wp-content\/uploads\/2021\/09\/Captura-de-Pantalla-2021-09-06-a-las-18.16.50-1024x578.jpg\" alt=\"\" class=\"wp-image-12719\" srcset=\"https:\/\/losperiodistas.com.mx\/portal\/wp-content\/uploads\/2021\/09\/Captura-de-Pantalla-2021-09-06-a-las-18.16.50-1024x578.jpg 1024w, https:\/\/losperiodistas.com.mx\/portal\/wp-content\/uploads\/2021\/09\/Captura-de-Pantalla-2021-09-06-a-las-18.16.50-300x169.jpg 300w, https:\/\/losperiodistas.com.mx\/portal\/wp-content\/uploads\/2021\/09\/Captura-de-Pantalla-2021-09-06-a-las-18.16.50-768x434.jpg 768w, https:\/\/losperiodistas.com.mx\/portal\/wp-content\/uploads\/2021\/09\/Captura-de-Pantalla-2021-09-06-a-las-18.16.50.jpg 1512w\" sizes=\"(max-width: 1024px) 100vw, 1024px\" \/><figcaption>La SCJN discute la despenalizaci\u00f3n del aborto en Coahuila (Foto: Cuartoscuro)<\/figcaption><\/figure>\n\n\n\n<p><\/p>\n\n\n\n<p class=\"has-vivid-cyan-blue-color has-text-color has-medium-font-size\">INFOBAE<\/p>\n\n\n\n<p>La discusi\u00f3n sobre la despenalizaci\u00f3n del aborto en&nbsp;<strong>Coahuila&nbsp;<\/strong>fue retomada por la&nbsp;<strong>Suprema Corte de Justicia de la Naci\u00f3n<\/strong>&nbsp;(<strong>SCJN<\/strong>), quien reconoci\u00f3, en su mayor\u00eda, que la mujer no debe de ser objeto de castigo si decide interrumpir su embarazo si \u00e9ste fue producto de una violaci\u00f3n.<\/p>\n\n\n\n<p>En el proyecto presentado por el magistrado&nbsp;<strong>Luis Mar\u00eda Aguilar Morales<\/strong>&nbsp;este lunes 6 de septiembre en el pleno de la&nbsp;<strong>Suprema Corte<\/strong>, precisa que si la gestaci\u00f3n del producto no rebasa las 12 semanas, \u00e9ste puede ser abortado sin que<strong>&nbsp;el Estado incurra en acci\u00f3n penal contra la mujer<\/strong>, pues de lo contrario se transgredir\u00eda su derecho a decidir, entendido dicho derecho como la libertad que le permite a la mujer elegir qui\u00e9n quiere ser en relaci\u00f3n con la posibilidad de procrear.<\/p>\n\n\n\n<p>El cuestionamiento del&nbsp;<strong>C\u00f3digo Penal en Coahuila<\/strong>&nbsp;lleg\u00f3 a la&nbsp;<strong>SCJN&nbsp;<\/strong>gracias a la entonces<strong>&nbsp;Procuradur\u00eda General de la Rep\u00fablica&nbsp;<\/strong>(<strong>PGR<\/strong>), ahora Fiscal\u00eda (<strong>FGR<\/strong>), en 2019, quien se\u00f1al\u00f3 como una posible acci\u00f3n incosntitucional el castigar a la mujer que quede embarazada despu\u00e9s de una violaci\u00f3n y decida abortar el embri\u00f3n o zigoto.<img decoding=\"async\" alt=\"Feministas marchan por la defensor\u00eda de sus derechos en la CDMX (Foto: Cuartoscuro)\" height=\"1280\" width=\"1920\" src=\"https:\/\/www.infobae.com\/new-resizer\/IAKogcQiILgWwUjhko_7J4mLLlk=\/420x280\/filters:format(jpg):quality(85)\/cloudfront-us-east-1.images.arcpublishing.com\/infobae\/KYDUA5SZOFHPNEFLTHDGU5MQNY.jpeg%20420w\" srcset=\"https:\/\/www.infobae.com\/new-resizer\/IAKogcQiILgWwUjhko_7J4mLLlk=\/420x280\/filters:format(jpg):quality(85)\/cloudfront-us-east-1.images.arcpublishing.com\/infobae\/KYDUA5SZOFHPNEFLTHDGU5MQNY.jpeg 420w,https:\/\/www.infobae.com\/new-resizer\/kC4ZgytAjaRHVNBfRC_3773Dxy4=\/768x512\/filters:format(jpg):quality(85)\/cloudfront-us-east-1.images.arcpublishing.com\/infobae\/KYDUA5SZOFHPNEFLTHDGU5MQNY.jpeg 768w,https:\/\/www.infobae.com\/new-resizer\/o8HX6Q4l9DL-6ZF-dttZ-F_lxS8=\/992x661\/filters:format(jpg):quality(85)\/cloudfront-us-east-1.images.arcpublishing.com\/infobae\/KYDUA5SZOFHPNEFLTHDGU5MQNY.jpeg 992w,https:\/\/www.infobae.com\/new-resizer\/l6EzRSQT8_nDgYuvAc8BGBROQP8=\/1200x800\/filters:format(jpg):quality(85)\/cloudfront-us-east-1.images.arcpublishing.com\/infobae\/KYDUA5SZOFHPNEFLTHDGU5MQNY.jpeg 1200w,https:\/\/www.infobae.com\/new-resizer\/H4fUgXbMt8LfK3xyGBJoIbCIjIE=\/1440x960\/filters:format(jpg):quality(85)\/cloudfront-us-east-1.images.arcpublishing.com\/infobae\/KYDUA5SZOFHPNEFLTHDGU5MQNY.jpeg 1440w\">Feministas marchan por la defensor\u00eda de sus derechos en la CDMX (Foto: Cuartoscuro)<\/p>\n\n\n\n<p>Ante la queja, el magistrado<strong>&nbsp;Aguilar Morales<\/strong>&nbsp;desarroll\u00f3 una argumentaci\u00f3n basada en el derecho mexicano para determinar que la mujer no debe de ser tipificada como delincuente y, por lo tanto, no debe de recibir penalizaci\u00f3n alguna, cuando decida libremente sobre su relaci\u00f3n con la maternidad.<\/p>\n\n\n\n<h2 class=\"wp-block-heading\">\u00bfResulta constitucional sancionar a las personas gestantes?<\/h2>\n\n\n\n<p>El cuestionamiento del que parti\u00f3 el magistrado para realizar su proyecto se bas\u00f3 en la defensa del \u201cderecho humano de la mujer y de las personas con capacidad de gestar a<strong>&nbsp;determinar su sentido de vida y su decisi\u00f3n sobre su cuerpo siendo madre o no<\/strong>\u201d.<\/p>\n\n\n\n<p>De acuerdo con el versado en derecho, el defender a la mujer y su capacidad para decidir sobre su maternidad se centra en una narrativa jur\u00eddica propia del contexto actual nacional, el cual \u201ctiene sus bases fundamentales en el Estado mexicano:&nbsp;<strong>democracia, laicidad, pluralidad y la propia vocaci\u00f3n social de la Constituci\u00f3n Pol\u00edtica de los Estados Unidos Mexicanos<\/strong>\u201d.<img decoding=\"async\" alt=\"La vanguardia feminista en M\u00e9xico ha luchado por hacer que el aborto sea despenalizado en toda la rep\u00fablica (Foto: Cuartoscuro)\" height=\"600\" width=\"900\" src=\"https:\/\/www.infobae.com\/new-resizer\/NPaR9zkDRvmOorjmAuPJk3ckzaE=\/420x280\/filters:format(jpg):quality(85)\/cloudfront-us-east-1.images.arcpublishing.com\/infobae\/4G7SD4QFCVHRTJTOYP7H7F6LYM.jpg%20420w\" srcset=\"https:\/\/www.infobae.com\/new-resizer\/NPaR9zkDRvmOorjmAuPJk3ckzaE=\/420x280\/filters:format(jpg):quality(85)\/cloudfront-us-east-1.images.arcpublishing.com\/infobae\/4G7SD4QFCVHRTJTOYP7H7F6LYM.jpg 420w,https:\/\/www.infobae.com\/new-resizer\/zhEVcUrZg9EfZPGqSnilrfG9A7s=\/768x512\/filters:format(jpg):quality(85)\/cloudfront-us-east-1.images.arcpublishing.com\/infobae\/4G7SD4QFCVHRTJTOYP7H7F6LYM.jpg 768w,https:\/\/www.infobae.com\/new-resizer\/hDiLzJ5e_eTcDCeZj79WH-kKi-M=\/992x661\/filters:format(jpg):quality(85)\/cloudfront-us-east-1.images.arcpublishing.com\/infobae\/4G7SD4QFCVHRTJTOYP7H7F6LYM.jpg 992w,https:\/\/www.infobae.com\/new-resizer\/yACH_-0ENVDq4ScUc4O6Qe0kIFA=\/1200x800\/filters:format(jpg):quality(85)\/cloudfront-us-east-1.images.arcpublishing.com\/infobae\/4G7SD4QFCVHRTJTOYP7H7F6LYM.jpg 1200w,https:\/\/www.infobae.com\/new-resizer\/pMw_KKTAS6fWWIBr6aMHXROfKbg=\/1440x960\/filters:format(jpg):quality(85)\/cloudfront-us-east-1.images.arcpublishing.com\/infobae\/4G7SD4QFCVHRTJTOYP7H7F6LYM.jpg 1440w\">La vanguardia feminista en M\u00e9xico ha luchado por hacer que el aborto sea despenalizado en toda la rep\u00fablica (Foto: Cuartoscuro)<\/p>\n\n\n\n<p>Explic\u00f3 que el&nbsp;<strong>derecho a decidir<\/strong>, entendido como la \u201c<strong>libertad que le permite a la mujer elegir qui\u00e9n quiere ser en relaci\u00f3n con la posibilidad de procrear<\/strong>, considerando que en la maternidad subyace la noci\u00f3n de voluntad y deseo de que la vida personal atraviese por tal faceta\u201d.<\/p>\n\n\n\n<p>En este sentido, puntualiz\u00f3 que las mujeres y seres gestantes son \u201clas \u00fanicas personas titulares de su plan de vida a partir de su individualidad e identidad propia,&nbsp;<strong>lo que constituye la ra\u00edz de la obligaci\u00f3n estatal de brindarle un \u00e1mbito de protecci\u00f3n y no el de una sanci\u00f3n<\/strong>\u201d.<img loading=\"lazy\" decoding=\"async\" alt=\"Luis Mar\u00eda Aguilar Morales articul\u00f3 una argumentaci\u00f3n constitucional en la que inst\u00f3 a proteger, en vez de sancionar, a las mujeres que abortan (Foto: Cuartoscuro)\" height=\"1080\" width=\"1920\" src=\"https:\/\/www.infobae.com\/new-resizer\/pLtDzRCR-JRklgO_Ui6EtzArs1k=\/420x236\/filters:format(jpg):quality(85)\/cloudfront-us-east-1.images.arcpublishing.com\/infobae\/R2XIXLUVEVDIBLTKBNWUH2RSHE.jpg%20420w\" srcset=\"https:\/\/www.infobae.com\/new-resizer\/pLtDzRCR-JRklgO_Ui6EtzArs1k=\/420x236\/filters:format(jpg):quality(85)\/cloudfront-us-east-1.images.arcpublishing.com\/infobae\/R2XIXLUVEVDIBLTKBNWUH2RSHE.jpg 420w,https:\/\/www.infobae.com\/new-resizer\/Zdu_f4wxNaZyESrggeJY888elRM=\/768x432\/filters:format(jpg):quality(85)\/cloudfront-us-east-1.images.arcpublishing.com\/infobae\/R2XIXLUVEVDIBLTKBNWUH2RSHE.jpg 768w,https:\/\/www.infobae.com\/new-resizer\/s9wNRW-PC335LJDWWnH_rei32RM=\/992x558\/filters:format(jpg):quality(85)\/cloudfront-us-east-1.images.arcpublishing.com\/infobae\/R2XIXLUVEVDIBLTKBNWUH2RSHE.jpg 992w,https:\/\/www.infobae.com\/new-resizer\/-wZULgcxhOg6_6hZf0QPGPMIbjY=\/1200x675\/filters:format(jpg):quality(85)\/cloudfront-us-east-1.images.arcpublishing.com\/infobae\/R2XIXLUVEVDIBLTKBNWUH2RSHE.jpg 1200w,https:\/\/www.infobae.com\/new-resizer\/NmZkNiH18pwDrz9OCWuCa58ou7U=\/1440x810\/filters:format(jpg):quality(85)\/cloudfront-us-east-1.images.arcpublishing.com\/infobae\/R2XIXLUVEVDIBLTKBNWUH2RSHE.jpg 1440w\">Luis Mar\u00eda Aguilar Morales articul\u00f3 una argumentaci\u00f3n constitucional en la que inst\u00f3 a proteger, en vez de sancionar, a las mujeres que abortan (Foto: Cuartoscuro)<\/p>\n\n\n\n<p>Tomando en cuenta este planteamiento, el magistrado<strong>&nbsp;Luis Mar\u00eda Aguilar Morales&nbsp;<\/strong>explic\u00f3 que si se contin\u00faa penalizando a las mujeres y personas gestantes, se contravienen los art\u00edculos 1 y 4 de la&nbsp;<strong>Constituci\u00f3n Pol\u00edtica de los Estados Unidos Mexicanos<\/strong>&nbsp;(<strong>CPEUM<\/strong>), los cuales promueven la dignidad humana, autonom\u00eda, libre desarrollo de la personalidad, derecho a la vida privada, a la igualdad jur\u00eddica y a la libertad reproductiva<\/p>\n\n\n\n<p>\u201cTodos ellos asociados al concepto esencial de que la mujer puede&nbsp;<strong>disponer libremente de s\u00ed misma y puede construir su historia de vida y destino de manera aut\u00f3noma&nbsp;<\/strong>y libre de imposiciones o transgresiones\u201d, advirti\u00f3.<\/p>\n\n\n\n<p>Y explic\u00f3 que de lo contrario, se perpetuar\u00edan\u00a0<strong>esquemas transgresores a su dignidad y autonom\u00eda personal<\/strong>, pues quedar\u00eda impl\u00edcito que \u00e9stos \u201cpueden modularse y restringirse en funci\u00f3n de supuestos, basados en un constructo social que,\u00a0<strong>antes que personas independientes, las configura s\u00f3lo como instrumento de procreaci\u00f3n<\/strong>\u201d.<\/p>\n\n\n\n<p>Fuente: https:\/\/www.infobae.com\/america\/mexico\/2021\/09\/06\/contraviene-a-la-constitucion-criminalizar-a-la-mujer-por-interrumpir-su-embarazo-mayoria-en-la-scjn\/<\/p>\n","protected":false},"excerpt":{"rendered":"<p>La Suprema Corte de Justicia de la Naci\u00f3n a\u00fan no tiene una determinaci\u00f3n final respecto al incurrir acci\u00f3n penal contra [&hellip;]<\/p>\n","protected":false},"author":1,"featured_media":12719,"comment_status":"open","ping_status":"open","sticky":false,"template":"","format":"standard","meta":{"site-sidebar-layout":"default","site-content-layout":"","ast-site-content-layout":"default","site-content-style":"default","site-sidebar-style":"default","ast-global-header-display":"","ast-banner-title-visibility":"","ast-main-header-display":"","ast-hfb-above-header-display":"","ast-hfb-below-header-display":"","ast-hfb-mobile-header-display":"","site-post-title":"","ast-breadcrumbs-content":"","ast-featured-img":"","footer-sml-layout":"","theme-transparent-header-meta":"","adv-header-id-meta":"","stick-header-meta":"","header-above-stick-meta":"","header-main-stick-meta":"","header-below-stick-meta":"","astra-migrate-meta-layouts":"default","ast-page-background-enabled":"default","ast-page-background-meta":{"desktop":{"background-color":"var(--ast-global-color-4)","background-image":"","background-repeat":"repeat","background-position":"center center","background-size":"auto","background-attachment":"scroll","background-type":"","background-media":"","overlay-type":"","overlay-color":"","overlay-opacity":"","overlay-gradient":""},"tablet":{"background-color":"","background-image":"","background-repeat":"repeat","background-position":"center center","background-size":"auto","background-attachment":"scroll","background-type":"","background-media":"","overlay-type":"","overlay-color":"","overlay-opacity":"","overlay-gradient":""},"mobile":{"background-color":"","background-image":"","background-repeat":"repeat","background-position":"center center","background-size":"auto","background-attachment":"scroll","background-type":"","background-media":"","overlay-type":"","overlay-color":"","overlay-opacity":"","overlay-gradient":""}},"ast-content-background-meta":{"desktop":{"background-color":"var(--ast-global-color-5)","background-image":"","background-repeat":"repeat","background-position":"center center","background-size":"auto","background-attachment":"scroll","background-type":"","background-media":"","overlay-type":"","overlay-color":"","overlay-opacity":"","overlay-gradient":""},"tablet":{"background-color":"var(--ast-global-color-5)","background-image":"","background-repeat":"repeat","background-position":"center center","background-size":"auto","background-attachment":"scroll","background-type":"","background-media":"","overlay-type":"","overlay-color":"","overlay-opacity":"","overlay-gradient":""},"mobile":{"background-color":"var(--ast-global-color-5)","background-image":"","background-repeat":"repeat","background-position":"center center","background-size":"auto","background-attachment":"scroll","background-type":"","background-media":"","overlay-type":"","overlay-color":"","overlay-opacity":"","overlay-gradient":""}},"footnotes":""},"categories":[8],"tags":[3854,3853,1136],"class_list":["post-12718","post","type-post","status-publish","format-standard","has-post-thumbnail","hentry","category-noticias","tag-criminalizar-a-la-mujer","tag-mexico-aborto","tag-scjn"],"_links":{"self":[{"href":"https:\/\/losperiodistas.com.mx\/portal\/wp-json\/wp\/v2\/posts\/12718","targetHints":{"allow":["GET"]}}],"collection":[{"href":"https:\/\/losperiodistas.com.mx\/portal\/wp-json\/wp\/v2\/posts"}],"about":[{"href":"https:\/\/losperiodistas.com.mx\/portal\/wp-json\/wp\/v2\/types\/post"}],"author":[{"embeddable":true,"href":"https:\/\/losperiodistas.com.mx\/portal\/wp-json\/wp\/v2\/users\/1"}],"replies":[{"embeddable":true,"href":"https:\/\/losperiodistas.com.mx\/portal\/wp-json\/wp\/v2\/comments?post=12718"}],"version-history":[{"count":1,"href":"https:\/\/losperiodistas.com.mx\/portal\/wp-json\/wp\/v2\/posts\/12718\/revisions"}],"predecessor-version":[{"id":12720,"href":"https:\/\/losperiodistas.com.mx\/portal\/wp-json\/wp\/v2\/posts\/12718\/revisions\/12720"}],"wp:featuredmedia":[{"embeddable":true,"href":"https:\/\/losperiodistas.com.mx\/portal\/wp-json\/wp\/v2\/media\/12719"}],"wp:attachment":[{"href":"https:\/\/losperiodistas.com.mx\/portal\/wp-json\/wp\/v2\/media?parent=12718"}],"wp:term":[{"taxonomy":"category","embeddable":true,"href":"https:\/\/losperiodistas.com.mx\/portal\/wp-json\/wp\/v2\/categories?post=12718"},{"taxonomy":"post_tag","embeddable":true,"href":"https:\/\/losperiodistas.com.mx\/portal\/wp-json\/wp\/v2\/tags?post=12718"}],"curies":[{"name":"wp","href":"https:\/\/api.w.org\/{rel}","templated":true}]}}