{"id":12712,"date":"2021-09-06T18:10:43","date_gmt":"2021-09-06T23:10:43","guid":{"rendered":"http:\/\/losperiodistas.com.mx\/portal\/?p=12712"},"modified":"2021-09-06T18:16:56","modified_gmt":"2021-09-06T23:16:56","slug":"israel-arranca-ano-nuevo-judio-mientras-busca-revertir-cuarta-ola-de-covid-19-pulso","status":"publish","type":"post","link":"https:\/\/losperiodistas.com.mx\/portal\/israel-arranca-ano-nuevo-judio-mientras-busca-revertir-cuarta-ola-de-covid-19-pulso\/","title":{"rendered":"Israel arranca A\u00f1o Nuevo jud\u00edo mientras busca revertir cuarta ola de covid-19 | Pulso"},"content":{"rendered":"\n<p><\/p>\n\n\n\n<figure class=\"wp-block-image size-large\"><img fetchpriority=\"high\" decoding=\"async\" width=\"1024\" height=\"621\" src=\"https:\/\/losperiodistas.com.mx\/portal\/wp-content\/uploads\/2021\/09\/Captura-de-Pantalla-2021-09-06-a-las-18.07.48-1024x621.jpg\" alt=\"\" class=\"wp-image-12714\" srcset=\"https:\/\/losperiodistas.com.mx\/portal\/wp-content\/uploads\/2021\/09\/Captura-de-Pantalla-2021-09-06-a-las-18.07.48-1024x621.jpg 1024w, https:\/\/losperiodistas.com.mx\/portal\/wp-content\/uploads\/2021\/09\/Captura-de-Pantalla-2021-09-06-a-las-18.07.48-300x182.jpg 300w, https:\/\/losperiodistas.com.mx\/portal\/wp-content\/uploads\/2021\/09\/Captura-de-Pantalla-2021-09-06-a-las-18.07.48-768x466.jpg 768w, https:\/\/losperiodistas.com.mx\/portal\/wp-content\/uploads\/2021\/09\/Captura-de-Pantalla-2021-09-06-a-las-18.07.48.jpg 1392w\" sizes=\"(max-width: 1024px) 100vw, 1024px\" \/><figcaption>EFE<\/figcaption><\/figure>\n\n\n\n<p><\/p>\n\n\n\n<p><\/p>\n\n\n\n<p class=\"has-vivid-cyan-blue-color has-text-color has-medium-font-size\">EFE \/ PULSO<\/p>\n\n\n\n<p>JERUSAL\u00c9N (EFE).- Israel comenz\u00f3 a celebrar hoy al atardecer el Nuevo A\u00f1o Jud\u00edo (Rosh Hashan\u00e1), una de las fiestas m\u00e1s emblem\u00e1ticas de su calendario religioso, que esta vez se festeja sin severas restricciones, mientras el pa\u00eds lucha por superar la cuarta ola de la pandemia.<\/p>\n\n\n\n<p>A diferencia del a\u00f1o pasado, cuando los israel\u00edes celebraron esta festividad en confinamiento, en esta ocasi\u00f3n marcan la entrada del a\u00f1o hebreo 5782 con la tradicional cena con sus familias extendidas, sin restricciones de movimiento.&nbsp;<\/p>\n\n\n\n<p>El Gobierno s\u00ed ha limitado a 50 personas las reuniones familiares o a cien si son en espacios al aire libre; adem\u00e1s de recomendar verse en lugares abiertos y hacerse test de ant\u00edgenos antes de los festejos.<\/p>\n\n\n\n<p>El pa\u00eds comienza a contener la curva de contagios en la cuarta ola, con 5.810 nuevos casos de covid-19 registrados la v\u00edspera, una cifra a la baja despu\u00e9s de haber encadenado varios picos superiores a los 11.000 positivos diarios la semana pasada.<\/p>\n\n\n\n<p>La tasa de positividad se ha reducido al 5 %, respecto al 8 % de la semana pasada, mientras que los enfermos activos con el virus -que ayer alcanzaron el m\u00e1ximo hist\u00f3rico de m\u00e1s de 91.000- se redujeron hoy a poco m\u00e1s de 84.000, con 677 est\u00e1n hospitalizados en estado grave.<\/p>\n\n\n\n<p>El nuevo Gobierno, liderado por Naftali Benet, ha optado por una estrategia de contenci\u00f3n suave del virus que no se base en estrictos confinamientos para evitar una par\u00e1lisis en la actividad econ\u00f3mica; aunque ha llamado a extremar la cautela durante todo este mes de fiestas.<\/p>\n\n\n\n<p>El Rosh Hashan\u00e1 (A\u00f1o Nuevo) termina el mi\u00e9rcoles 8 de febrero, pero le siguen el Yom Kipur (D\u00eda del Perd\u00f3n) el 16 y Sucot (los Tabern\u00e1culos),que dura una semana (de 20 al 27 de septiembre): otras dos importantes celebraciones religiosas en las que los jud\u00edos se suelen juntar en familia o asistir en eventos religiosos multitudinarios.&nbsp;<\/p>\n\n\n\n<p>Estos d\u00edas, las sinagogas que reciban a m\u00e1s de una cincuentena de asistentes deber\u00e1n pedir certificados de inmunizaci\u00f3n o PCR negativas.&nbsp;<\/p>\n\n\n\n<p>Las autoridades israel\u00edes y expertos sanitarios conf\u00edan en acabar pronto con la cuarta ola, principalmente gracias a la aplicaci\u00f3n masiva de la tercera dosis de la vacuna, que ya se han inyectado 2,6 millones de israel\u00edes y cuyos efectos ya se sienten en la ca\u00edda de los contagios.<\/p>\n\n\n\n<p>Seg\u00fan expertos, Israel podr\u00eda acabar con la cuarta ola pronto a trav\u00e9s de distintas v\u00edas: por un lado, prosigue con la aplicaci\u00f3n de la tercera dosis de la vacuna, que ya inyect\u00f3 a m\u00e1s de 2,6 millones, y comienza a surtir efecto con la ca\u00edda de los contagios.&nbsp;<\/p>\n\n\n\n<p>\u00abEstoy muy orgulloso de que hemos luchado por salir adelante y hemos llegado al inicio de este nuevo a\u00f1o sin confinamientos, al contrario que en otras oleadas. (&#8230;) Es a\u00fan demasiado pronto para celebrar (el fin de la pandemia), nos queda todav\u00eda camino, pero vamos paso a paso\u00bb, se\u00f1al\u00f3 el primer ministro Benet en un mensaje a los israel\u00edes con motivo de Rosh Hashan\u00e1.<\/p>\n\n\n\n<p>Esta tarde, mientras las calles de ciudades como Jerusal\u00e9n se vaciaban de gente que volv\u00eda a casa para preparar la cena de esta noche y los establecimientos cerraban sus puertas hasta el jueves, el presidente israel\u00ed, Isaac Herzog, recibi\u00f3 la felicitaci\u00f3n de su hom\u00f3logo palestino, Mahmud Ab\u00e1s, en un momento en el que se ha destrabado el canal de comunicaci\u00f3n entre ambos lados, atascado desde 2014.<\/p>\n\n\n\n<p>Ab\u00e1s dese\u00f3 \u00abfeliz A\u00f1o Nuevo a los ciudadanos de Israel\u00bb, y \u00abambos l\u00edderes expresaron su esperanza de que el a\u00f1o nuevo traiga m\u00e1s cooperaci\u00f3n y di\u00e1logo\u00bb entre israel\u00edes y palestinos, despu\u00e9s de que el presidente palestino se reuniera hace una semana con el ministro de Defensa israel\u00ed, Benny Gantz, el primer encuentro de alto nivel entre ambas partes en m\u00e1s de una d\u00e9cada.&nbsp;<\/p>\n\n\n\n<p>Fuente: https:\/\/pulsoslp.com.mx\/mundo\/israel-arranca-ano-nuevo-judio-mientras-busca-revertir-cuarta-ola-de-covid-19\/1363657<\/p>\n","protected":false},"excerpt":{"rendered":"<p>EFE \/ PULSO JERUSAL\u00c9N (EFE).- Israel comenz\u00f3 a celebrar hoy al atardecer el Nuevo A\u00f1o Jud\u00edo (Rosh Hashan\u00e1), una de [&hellip;]<\/p>\n","protected":false},"author":1,"featured_media":12714,"comment_status":"open","ping_status":"open","sticky":false,"template":"","format":"standard","meta":{"site-sidebar-layout":"default","site-content-layout":"","ast-site-content-layout":"default","site-content-style":"default","site-sidebar-style":"default","ast-global-header-display":"","ast-banner-title-visibility":"","ast-main-header-display":"","ast-hfb-above-header-display":"","ast-hfb-below-header-display":"","ast-hfb-mobile-header-display":"","site-post-title":"","ast-breadcrumbs-content":"","ast-featured-img":"","footer-sml-layout":"","theme-transparent-header-meta":"","adv-header-id-meta":"","stick-header-meta":"","header-above-stick-meta":"","header-main-stick-meta":"","header-below-stick-meta":"","astra-migrate-meta-layouts":"default","ast-page-background-enabled":"default","ast-page-background-meta":{"desktop":{"background-color":"var(--ast-global-color-4)","background-image":"","background-repeat":"repeat","background-position":"center center","background-size":"auto","background-attachment":"scroll","background-type":"","background-media":"","overlay-type":"","overlay-color":"","overlay-opacity":"","overlay-gradient":""},"tablet":{"background-color":"","background-image":"","background-repeat":"repeat","background-position":"center center","background-size":"auto","background-attachment":"scroll","background-type":"","background-media":"","overlay-type":"","overlay-color":"","overlay-opacity":"","overlay-gradient":""},"mobile":{"background-color":"","background-image":"","background-repeat":"repeat","background-position":"center center","background-size":"auto","background-attachment":"scroll","background-type":"","background-media":"","overlay-type":"","overlay-color":"","overlay-opacity":"","overlay-gradient":""}},"ast-content-background-meta":{"desktop":{"background-color":"var(--ast-global-color-5)","background-image":"","background-repeat":"repeat","background-position":"center center","background-size":"auto","background-attachment":"scroll","background-type":"","background-media":"","overlay-type":"","overlay-color":"","overlay-opacity":"","overlay-gradient":""},"tablet":{"background-color":"var(--ast-global-color-5)","background-image":"","background-repeat":"repeat","background-position":"center center","background-size":"auto","background-attachment":"scroll","background-type":"","background-media":"","overlay-type":"","overlay-color":"","overlay-opacity":"","overlay-gradient":""},"mobile":{"background-color":"var(--ast-global-color-5)","background-image":"","background-repeat":"repeat","background-position":"center center","background-size":"auto","background-attachment":"scroll","background-type":"","background-media":"","overlay-type":"","overlay-color":"","overlay-opacity":"","overlay-gradient":""}},"footnotes":""},"categories":[8],"tags":[3852,3851],"class_list":["post-12712","post","type-post","status-publish","format-standard","has-post-thumbnail","hentry","category-noticias","tag-ano-nuevo-judio","tag-rosh-hashana"],"_links":{"self":[{"href":"https:\/\/losperiodistas.com.mx\/portal\/wp-json\/wp\/v2\/posts\/12712","targetHints":{"allow":["GET"]}}],"collection":[{"href":"https:\/\/losperiodistas.com.mx\/portal\/wp-json\/wp\/v2\/posts"}],"about":[{"href":"https:\/\/losperiodistas.com.mx\/portal\/wp-json\/wp\/v2\/types\/post"}],"author":[{"embeddable":true,"href":"https:\/\/losperiodistas.com.mx\/portal\/wp-json\/wp\/v2\/users\/1"}],"replies":[{"embeddable":true,"href":"https:\/\/losperiodistas.com.mx\/portal\/wp-json\/wp\/v2\/comments?post=12712"}],"version-history":[{"count":2,"href":"https:\/\/losperiodistas.com.mx\/portal\/wp-json\/wp\/v2\/posts\/12712\/revisions"}],"predecessor-version":[{"id":12717,"href":"https:\/\/losperiodistas.com.mx\/portal\/wp-json\/wp\/v2\/posts\/12712\/revisions\/12717"}],"wp:featuredmedia":[{"embeddable":true,"href":"https:\/\/losperiodistas.com.mx\/portal\/wp-json\/wp\/v2\/media\/12714"}],"wp:attachment":[{"href":"https:\/\/losperiodistas.com.mx\/portal\/wp-json\/wp\/v2\/media?parent=12712"}],"wp:term":[{"taxonomy":"category","embeddable":true,"href":"https:\/\/losperiodistas.com.mx\/portal\/wp-json\/wp\/v2\/categories?post=12712"},{"taxonomy":"post_tag","embeddable":true,"href":"https:\/\/losperiodistas.com.mx\/portal\/wp-json\/wp\/v2\/tags?post=12712"}],"curies":[{"name":"wp","href":"https:\/\/api.w.org\/{rel}","templated":true}]}}