{"id":127063,"date":"2026-07-22T05:30:49","date_gmt":"2026-07-22T11:30:49","guid":{"rendered":"https:\/\/losperiodistas.com.mx\/portal\/?p=127063"},"modified":"2026-07-22T07:15:08","modified_gmt":"2026-07-22T13:15:08","slug":"opinion-somos-mexico-puebla-en-terapia-intensiva","status":"publish","type":"post","link":"https:\/\/losperiodistas.com.mx\/portal\/opinion-somos-mexico-puebla-en-terapia-intensiva\/","title":{"rendered":"Opini\u00f3n | Somos M\u00e9xico Puebla en \u201cterapia\u00a0intensiva\u201d"},"content":{"rendered":"\n<figure class=\"wp-block-image aligncenter size-full is-resized\"><img fetchpriority=\"high\" decoding=\"async\" width=\"768\" height=\"1024\" src=\"https:\/\/losperiodistas.com.mx\/portal\/wp-content\/uploads\/2026\/07\/Alejandro-Guillen-Reyes.webp\" alt=\"\" class=\"wp-image-127064\" style=\"width:274px;height:auto\" srcset=\"https:\/\/losperiodistas.com.mx\/portal\/wp-content\/uploads\/2026\/07\/Alejandro-Guillen-Reyes.webp 768w, https:\/\/losperiodistas.com.mx\/portal\/wp-content\/uploads\/2026\/07\/Alejandro-Guillen-Reyes-225x300.webp 225w\" sizes=\"(max-width: 768px) 100vw, 768px\" \/><\/figure>\n\n\n\n<p class=\"has-vivid-red-color has-text-color has-link-color wp-elements-e021b36688487412763bba626dd27d2b\"><strong><em>Por Dr. Alejandro Guill\u00e9n Reyes<\/em><\/strong><\/p>\n\n\n\n<p class=\"has-drop-cap\">Hace seis a\u00f1os, en plena pandemia (1 de julio de 2020), la organizaci\u00f3n Puebla Contra la Corrupci\u00f3n y la Impunidad, encabezada por Enrique C\u00e1rdenas S\u00e1nchez, public\u00f3 la trilog\u00eda de libros titulada Dinero ilegal y elecciones en Puebla (2018-2020), coordinada por Sergio Mastretta Guzm\u00e1n, Salvador Gonz\u00e1lez Jaramillo y quien esto escribe<\/p>\n\n\n\n<p>En el \u00abEpisodio 2\u00bb de esa obra afirmamos lo siguiente: \u00abPuebla se ha convertido en uno de los estados con mayor incidencia de delitos electorales, muchos de ellos relacionados con el clientelismo electoral. Toda estructura clientelar estatal para operar en una elecci\u00f3n (\u2026) implica tiempo para su conformaci\u00f3n y dinero para mantener vigente su operatividad. Son estructuras paralelas y transversales a las formales de los partidos; por ello no defienden ninguna ideolog\u00eda o colores partidistas. En la estructura pol\u00edtica, el gobernador en turno es quien toma las grandes decisiones y destina o distribuye (directa o indirectamente) parte de los recursos necesarios para poner en marcha a toda una estructura construida para movilizar, inhibir o comprar el voto en favor de sus candidatos y de su partido o coalici\u00f3n\u00bb (\u201cDinero ilegal y elecciones al mejor postor\u201d, Puebla Contra la Corrupci\u00f3n y la Impunidad. Puebla, M\u00e9xico 2020. P. 41)<\/p>\n\n\n\n<p>Por supuesto, este delito electoral \u2014la compra del voto con dinero, d\u00e1divas o despensas\u2014 se sigue cometiendo a trav\u00e9s de dichas estructuras clientelares en distintos municipios, particularmente en las zonas de mayor marginaci\u00f3n, y se activa con recursos que no se reportan a nadie. En ocasiones puede tratarse de dinero l\u00edcito, pero en muchas otras son desv\u00edos de recursos p\u00fablicos o, simplemente, dinero ilegal.<\/p>\n\n\n\n<p>Por otra parte, a seis a\u00f1os de distancia de aquella investigaci\u00f3n, el factor del crimen organizado ha aumentado su frecuencia en distintas entidades de la Rep\u00fablica. Las denuncias sobre estructuras electorales ligadas a la criminalidad organizada han salido a la luz p\u00fablica; la m\u00e1s evidente \u2014pero no la \u00fanica\u2014 fue la que oper\u00f3 en Sinaloa para que el partido Morena ganara la gubernatura y otros puestos de elecci\u00f3n popular.<\/p>\n\n\n\n<p>Punto y no tan aparte\u2026<\/p>\n\n\n\n<p>Como saben, he apoyado el enorme esfuerzo que ciudadanas y ciudadanos \u2014particularmente j\u00f3venes\u2014 han realizado para constituir Somos M\u00e9xico en Puebla, convencido de que representa una ventana de oportunidad para quienes han abanderado causas ciudadanas y para quienes anhelamos un relevo generacional en la clase pol\u00edtica, algo que el pa\u00eds necesita con urgencia. He sido testigo de c\u00f3mo este sector ciudadano ha dedicado tiempo, ideas y recursos al proyecto en la entidad: volanteando, tocando puertas, difundi\u00e9ndolo en las calles, d\u00e1ndole vida a \u00abSomos Impacto\u00bb (el grupo juvenil) y viajando por distintos municipios del estado para apoyar en la log\u00edstica de las asambleas distritales y municipales y afiliar personas; todo ello, con escasos recursos.<\/p>\n\n\n\n<p>Hace unas semanas comentamos que, entre los m\u00faltiples retos que enfrenta Somos M\u00e9xico, se encuentran el ganar credibilidad ante el electorado y evitar ser vulnerado por la delincuencia. Hoy agrego uno m\u00e1s: impedir que se convierta en un partido al servicio del gobernador en turno.<\/p>\n\n\n\n<p>Por ello, preocupa y ocupa lo ocurrido con el nombramiento del Comit\u00e9 Ejecutivo Estatal de Somos M\u00e9xico en Puebla. Por lo publicado en diferentes medios, todo parece indicar que, para cumplir con los requisitos reglamentarios, la dirigencia nacional ech\u00f3 mano de personajes que manejan esas mismas estructuras clientelares a las que me refer\u00ed antes, entreg\u00e1ndoles la direcci\u00f3n del partido casi por completo.<\/p>\n\n\n\n<p>Desde que fue convocado por la dirigencia nacional, el hoy presidente del partido en Puebla mostr\u00f3 sus diferentes facetas: la traici\u00f3n a la palabra (su principal distintivo), cometer ilegalidades (como grabar conversaciones privadas sin autorizaci\u00f3n de sus interlocutores, algo que, por supuesto, la dirigencia nacional sabe) o intentar intimidar a la parte ciudadana con el cl\u00e1sico \u00absabemos todo de ustedes\u00bb, exhibiendo con ello un estilo francamente gangsteril.<\/p>\n\n\n\n<p>En fin\u2026 La dirigencia nacional de Somos M\u00e9xico avala de manera t\u00e1cita el estilo del nuevo dirigente y el atropello cometido contra el sector ciudadano del proyecto en Puebla, sobre todo porque lo que se buscaba era llegar a un acuerdo para nombrar una planilla de unidad en la que TODOS tuvieran cabida, tal y como deb\u00eda ocurrir en todas las entidades de la Rep\u00fablica. Posiblemente apuesten a que, una vez que pasen las repercusiones medi\u00e1ticas de su decisi\u00f3n, todo seguir\u00e1 conforme a lo planeado: usar esa estructura clientelar para intentar garantizar el 3% de la votaci\u00f3n en la pr\u00f3xima elecci\u00f3n (por cierto, hay que revisar esos estatutos porque, como est\u00e1n, favorecen a este tipo de estructuras clientelares). Ya veremos si lo logran con lo que acaban de hacer, porque el historial del nuevo dirigente no es precisamente el de ganar elecciones, sino el de enterrar partidos y estar cerca de los gobernadores en turno.<\/p>\n\n\n\n<p>Es cierto que, a pesar de sus esfuerzos, los j\u00f3venes no obtuvieron el respaldo ciudadano que esperaban y necesitaban, y esa debilidad abri\u00f3 la puerta a este escenario.<\/p>\n\n\n\n<p>Mientras tanto, este bloque ciudadano ha decidido continuar en Somos M\u00e9xico con las pocas canicas que les dejaron. Cuentan con mi apoyo y con el de mujeres y hombres libres \u2014tanto j\u00f3venes por edad como por juventud acumulada\u2014 que estamos convencidos de que en 2030 M\u00e9xico tiene que cambiar pol\u00edticamente. Para lograrlo, el primer paso fundamental es sacar a Somos M\u00e9xico en Puebla de \u201cterapia intensiva\u201d.<\/p>\n\n\n\n<p>M:&nbsp;<a href=\"mailto:alejandroguillenmex@gmail.com\">alejandroguillenmex@gmail.com<\/a><\/p>\n\n\n\n<p>YouTube: @aleguillenr<\/p>\n\n\n\n<p>X: @aleguillenr<\/p>\n\n\n\n<p>FB: Alejandro Guill\u00e9n<\/p>\n\n\n\n<p>TikTok: alejandro_guillen_reyes<\/p>\n\n\n\n<p>Instagram: alejandroguillenmx<\/p>\n\n\n\n<p>W: alejandroguillen.com.mx<\/p>\n\n\n\n<hr class=\"wp-block-separator has-alpha-channel-opacity\"\/>\n\n\n\n<p><strong>+ OPINI\u00d3N : Las opiniones expresadas son responsabilidad del autor<\/strong><\/p>\n","protected":false},"excerpt":{"rendered":"<p>Por Dr. Alejandro Guill\u00e9n Reyes Hace seis a\u00f1os, en plena pandemia (1 de julio de 2020), la organizaci\u00f3n Puebla Contra [&hellip;]<\/p>\n","protected":false},"author":1,"featured_media":127064,"comment_status":"open","ping_status":"open","sticky":false,"template":"","format":"standard","meta":{"site-sidebar-layout":"default","site-content-layout":"","ast-site-content-layout":"default","site-content-style":"default","site-sidebar-style":"default","ast-global-header-display":"","ast-banner-title-visibility":"","ast-main-header-display":"","ast-hfb-above-header-display":"","ast-hfb-below-header-display":"","ast-hfb-mobile-header-display":"","site-post-title":"","ast-breadcrumbs-content":"","ast-featured-img":"","footer-sml-layout":"","theme-transparent-header-meta":"","adv-header-id-meta":"","stick-header-meta":"","header-above-stick-meta":"","header-main-stick-meta":"","header-below-stick-meta":"","astra-migrate-meta-layouts":"default","ast-page-background-enabled":"default","ast-page-background-meta":{"desktop":{"background-color":"var(--ast-global-color-4)","background-image":"","background-repeat":"repeat","background-position":"center center","background-size":"auto","background-attachment":"scroll","background-type":"","background-media":"","overlay-type":"","overlay-color":"","overlay-opacity":"","overlay-gradient":""},"tablet":{"background-color":"","background-image":"","background-repeat":"repeat","background-position":"center center","background-size":"auto","background-attachment":"scroll","background-type":"","background-media":"","overlay-type":"","overlay-color":"","overlay-opacity":"","overlay-gradient":""},"mobile":{"background-color":"","background-image":"","background-repeat":"repeat","background-position":"center center","background-size":"auto","background-attachment":"scroll","background-type":"","background-media":"","overlay-type":"","overlay-color":"","overlay-opacity":"","overlay-gradient":""}},"ast-content-background-meta":{"desktop":{"background-color":"var(--ast-global-color-5)","background-image":"","background-repeat":"repeat","background-position":"center center","background-size":"auto","background-attachment":"scroll","background-type":"","background-media":"","overlay-type":"","overlay-color":"","overlay-opacity":"","overlay-gradient":""},"tablet":{"background-color":"var(--ast-global-color-5)","background-image":"","background-repeat":"repeat","background-position":"center center","background-size":"auto","background-attachment":"scroll","background-type":"","background-media":"","overlay-type":"","overlay-color":"","overlay-opacity":"","overlay-gradient":""},"mobile":{"background-color":"var(--ast-global-color-5)","background-image":"","background-repeat":"repeat","background-position":"center center","background-size":"auto","background-attachment":"scroll","background-type":"","background-media":"","overlay-type":"","overlay-color":"","overlay-opacity":"","overlay-gradient":""}},"footnotes":""},"categories":[8,22],"tags":[51500,41249],"class_list":["post-127063","post","type-post","status-publish","format-standard","has-post-thumbnail","hentry","category-noticias","category-opinion-invitada","tag-somos-impacto","tag-somos-mexico-puebla"],"_links":{"self":[{"href":"https:\/\/losperiodistas.com.mx\/portal\/wp-json\/wp\/v2\/posts\/127063","targetHints":{"allow":["GET"]}}],"collection":[{"href":"https:\/\/losperiodistas.com.mx\/portal\/wp-json\/wp\/v2\/posts"}],"about":[{"href":"https:\/\/losperiodistas.com.mx\/portal\/wp-json\/wp\/v2\/types\/post"}],"author":[{"embeddable":true,"href":"https:\/\/losperiodistas.com.mx\/portal\/wp-json\/wp\/v2\/users\/1"}],"replies":[{"embeddable":true,"href":"https:\/\/losperiodistas.com.mx\/portal\/wp-json\/wp\/v2\/comments?post=127063"}],"version-history":[{"count":1,"href":"https:\/\/losperiodistas.com.mx\/portal\/wp-json\/wp\/v2\/posts\/127063\/revisions"}],"predecessor-version":[{"id":127065,"href":"https:\/\/losperiodistas.com.mx\/portal\/wp-json\/wp\/v2\/posts\/127063\/revisions\/127065"}],"wp:featuredmedia":[{"embeddable":true,"href":"https:\/\/losperiodistas.com.mx\/portal\/wp-json\/wp\/v2\/media\/127064"}],"wp:attachment":[{"href":"https:\/\/losperiodistas.com.mx\/portal\/wp-json\/wp\/v2\/media?parent=127063"}],"wp:term":[{"taxonomy":"category","embeddable":true,"href":"https:\/\/losperiodistas.com.mx\/portal\/wp-json\/wp\/v2\/categories?post=127063"},{"taxonomy":"post_tag","embeddable":true,"href":"https:\/\/losperiodistas.com.mx\/portal\/wp-json\/wp\/v2\/tags?post=127063"}],"curies":[{"name":"wp","href":"https:\/\/api.w.org\/{rel}","templated":true}]}}