{"id":12706,"date":"2021-09-06T14:34:34","date_gmt":"2021-09-06T19:34:34","guid":{"rendered":"http:\/\/losperiodistas.com.mx\/portal\/?p=12706"},"modified":"2021-09-06T14:34:36","modified_gmt":"2021-09-06T19:34:36","slug":"rechazo-al-aborto-encabeza-tendencias-ante-posible-fallo-de-suprema-corte-de-mexico-aci","status":"publish","type":"post","link":"https:\/\/losperiodistas.com.mx\/portal\/rechazo-al-aborto-encabeza-tendencias-ante-posible-fallo-de-suprema-corte-de-mexico-aci\/","title":{"rendered":"Rechazo al aborto encabeza tendencias ante posible fallo de Suprema Corte de M\u00e9xico | ACI"},"content":{"rendered":"\n<figure class=\"wp-block-image size-large\"><img fetchpriority=\"high\" decoding=\"async\" width=\"1024\" height=\"569\" src=\"https:\/\/losperiodistas.com.mx\/portal\/wp-content\/uploads\/2021\/09\/Captura-de-Pantalla-2021-09-06-a-las-14.30.04-1024x569.jpg\" alt=\"\" class=\"wp-image-12707\" srcset=\"https:\/\/losperiodistas.com.mx\/portal\/wp-content\/uploads\/2021\/09\/Captura-de-Pantalla-2021-09-06-a-las-14.30.04-1024x569.jpg 1024w, https:\/\/losperiodistas.com.mx\/portal\/wp-content\/uploads\/2021\/09\/Captura-de-Pantalla-2021-09-06-a-las-14.30.04-300x167.jpg 300w, https:\/\/losperiodistas.com.mx\/portal\/wp-content\/uploads\/2021\/09\/Captura-de-Pantalla-2021-09-06-a-las-14.30.04-768x426.jpg 768w, https:\/\/losperiodistas.com.mx\/portal\/wp-content\/uploads\/2021\/09\/Captura-de-Pantalla-2021-09-06-a-las-14.30.04.jpg 1520w\" sizes=\"(max-width: 1024px) 100vw, 1024px\" \/><figcaption>Imagen referencial. Cr\u00e9dito: freestocks \/ Unsplash.<\/figcaption><\/figure>\n\n\n\n<p><\/p>\n\n\n\n<p class=\"has-vivid-cyan-blue-color has-text-color has-medium-font-size\">DAVID RAMOS \/ ACI PRENSA<\/p>\n\n\n\n<p>El rechazo al aborto encabeza este 6 de septiembre las tendencias en las redes sociales en M\u00e9xico, ante el peligro de un posible fallo de la Suprema Corte de Justicia de la Naci\u00f3n (SCJN) que podr\u00eda abrir las puertas a esta pr\u00e1ctica en todo el pa\u00eds.<\/p>\n\n\n\n<p>#CorteAbortoNo se posicion\u00f3 como el primer lugar en las tendencias de Twitter, con m\u00e1s de 40 mil mensajes que manifestaban el rechazo a la legalizaci\u00f3n del aborto en M\u00e9xico.<\/p>\n\n\n\n<figure class=\"wp-block-embed is-type-rich is-provider-twitter wp-block-embed-twitter\"><div class=\"wp-block-embed__wrapper\">\n<blockquote class=\"twitter-tweet\" data-width=\"500\" data-dnt=\"true\"><p lang=\"es\" dir=\"ltr\">Somos PROVIDA!<a href=\"https:\/\/twitter.com\/hashtag\/MexicoEsProvida?src=hash&amp;ref_src=twsrc%5Etfw\">#MexicoEsProvida<\/a> <a href=\"https:\/\/twitter.com\/hashtag\/CorteAbortoNo?src=hash&amp;ref_src=twsrc%5Etfw\">#CorteAbortoNo<\/a> <a href=\"https:\/\/t.co\/cLIReGhkre\">pic.twitter.com\/cLIReGhkre<\/a><\/p>&mdash; Pasos por la Vida (@pasosxlavida) <a href=\"https:\/\/twitter.com\/pasosxlavida\/status\/1434933845531430922?ref_src=twsrc%5Etfw\">September 6, 2021<\/a><\/blockquote><script async src=\"https:\/\/platform.twitter.com\/widgets.js\" charset=\"utf-8\"><\/script>\n<\/div><\/figure>\n\n\n\n<p>Este lunes 6 de septiembre la SCJN podr\u00eda fallar sobre dos acciones de inconstitucionalidad relacionadas con el C\u00f3digo Penal de Coahuila y con la Constituci\u00f3n del estado de Sinaloa.<\/p>\n\n\n\n<p>En el caso de Coahuila se busca que se declaren inconstitucionales las normas del C\u00f3digo Penal que sancionan el aborto y que se reconozca el supuesto \u201cderecho\u201d a abortar, mientras que en el caso de Sinaloa se apunta a derribar el \u201cblindaje\u201d provida vigente en la Constituci\u00f3n de ese estado desde 2018.<\/p>\n\n\n\n<p>Una encuesta realizada por Data Room by Strategos y difundida el 5 de septiembre revel\u00f3 que&nbsp;<strong>un 57% de los mexicanos est\u00e1 en contra del aborto, mientras que solamente un 29% se muestra a favor<\/strong>.<\/p>\n\n\n\n<p>La encuesta revela adem\u00e1s que&nbsp;<strong>el 90% de mexicanos consideran que \u201cla vida es un derecho\u201d<\/strong>, mientras que solo el 29% cree que el aborto tiene el mismo nivel.<\/p>\n\n\n\n<p>En declaraciones a ACI Prensa, Alison Gonz\u00e1lez, directora nacional de Pasos por la Vida, celebr\u00f3 que #CorteAbortoNo sea tendencia en redes sociales, pues \u201ces \u00fatil para la estrategia de la defensa de la vida que el tema se ponga en boca de todos, que el tema se ponga sobre la mesa\u201d.<\/p>\n\n\n\n<p>\u201c<strong>No queremos que esto pase desapercibido<\/strong>, no queremos que esta decisi\u00f3n se quede en manos de unos cuantos y que nadie se entere de lo que est\u00e1 sucediendo\u201d, se\u00f1al\u00f3.<\/p>\n\n\n\n<p>Citando la encuesta de Data Room by Strategos, Gonz\u00e1lez destac\u00f3 que \u201cel 90% de los mexicanos coinciden en que en que la vida es un derecho y debe ser respetado\u201d.<\/p>\n\n\n\n<p>\u201c<strong>Dos de 3 mexicanos est\u00e1n a favor de la vida<\/strong>, espec\u00edficamente en contra del aborto, y estos son los datos que se tienen que dar a conocer a nuestros ministros, a nuestros gobernantes, a nuestros pol\u00edticos\u201d, subray\u00f3.<\/p>\n\n\n\n<p>\u201cPor eso es tan importante la participaci\u00f3n de todos los que estamos comprometidos en la defensa de la vida\u201d, destac\u00f3.<\/p>\n\n\n\n<p>La directora nacional de Pasos por la Vida advirti\u00f3 que \u201c<strong>quienes buscan promover el aborto quieren que esto se resuelva hoy ya<\/strong>, de manera urgente, y que pase desapercibido\u201d.<\/p>\n\n\n\n<p>\u201cEntonces ah\u00ed est\u00e1 nuestra labor que es informar, dar a conocer lo que est\u00e1 sucediendo actualmente\u201d, se\u00f1al\u00f3.<\/p>\n\n\n\n<p>M\u00e1s de 20 mil personas han firmado una campa\u00f1a en la plataforma Act\u00edvate, exigiendo a la Suprema Corte que no abra las puertas al aborto en todo el pa\u00eds. Para sumarse, puede ingresar\u00a0<a href=\"https:\/\/activate.org.mx\/activacion\/ministros-de-la-corte-queremos-proteccion-para-madre-e-hijo-no-aborto-612d1bc487784\">AQU\u00cd<\/a>.<\/p>\n\n\n\n<p>Fuente: https:\/\/www.aciprensa.com\/noticias\/rechazo-al-aborto-encabeza-tendencias-ante-posible-fallo-de-suprema-corte-de-mexico-41980<\/p>\n","protected":false},"excerpt":{"rendered":"<p>DAVID RAMOS \/ ACI PRENSA El rechazo al aborto encabeza este 6 de septiembre las tendencias en las redes sociales [&hellip;]<\/p>\n","protected":false},"author":1,"featured_media":12707,"comment_status":"open","ping_status":"open","sticky":false,"template":"","format":"standard","meta":{"site-sidebar-layout":"default","site-content-layout":"","ast-site-content-layout":"default","site-content-style":"default","site-sidebar-style":"default","ast-global-header-display":"","ast-banner-title-visibility":"","ast-main-header-display":"","ast-hfb-above-header-display":"","ast-hfb-below-header-display":"","ast-hfb-mobile-header-display":"","site-post-title":"","ast-breadcrumbs-content":"","ast-featured-img":"","footer-sml-layout":"","theme-transparent-header-meta":"","adv-header-id-meta":"","stick-header-meta":"","header-above-stick-meta":"","header-main-stick-meta":"","header-below-stick-meta":"","astra-migrate-meta-layouts":"default","ast-page-background-enabled":"default","ast-page-background-meta":{"desktop":{"background-color":"var(--ast-global-color-4)","background-image":"","background-repeat":"repeat","background-position":"center center","background-size":"auto","background-attachment":"scroll","background-type":"","background-media":"","overlay-type":"","overlay-color":"","overlay-opacity":"","overlay-gradient":""},"tablet":{"background-color":"","background-image":"","background-repeat":"repeat","background-position":"center center","background-size":"auto","background-attachment":"scroll","background-type":"","background-media":"","overlay-type":"","overlay-color":"","overlay-opacity":"","overlay-gradient":""},"mobile":{"background-color":"","background-image":"","background-repeat":"repeat","background-position":"center center","background-size":"auto","background-attachment":"scroll","background-type":"","background-media":"","overlay-type":"","overlay-color":"","overlay-opacity":"","overlay-gradient":""}},"ast-content-background-meta":{"desktop":{"background-color":"var(--ast-global-color-5)","background-image":"","background-repeat":"repeat","background-position":"center center","background-size":"auto","background-attachment":"scroll","background-type":"","background-media":"","overlay-type":"","overlay-color":"","overlay-opacity":"","overlay-gradient":""},"tablet":{"background-color":"var(--ast-global-color-5)","background-image":"","background-repeat":"repeat","background-position":"center center","background-size":"auto","background-attachment":"scroll","background-type":"","background-media":"","overlay-type":"","overlay-color":"","overlay-opacity":"","overlay-gradient":""},"mobile":{"background-color":"var(--ast-global-color-5)","background-image":"","background-repeat":"repeat","background-position":"center center","background-size":"auto","background-attachment":"scroll","background-type":"","background-media":"","overlay-type":"","overlay-color":"","overlay-opacity":"","overlay-gradient":""}},"footnotes":""},"categories":[8],"tags":[3849,336,3850,1136],"class_list":["post-12706","post","type-post","status-publish","format-standard","has-post-thumbnail","hentry","category-noticias","tag-corteabortono","tag-aborto-mexico","tag-provida","tag-scjn"],"_links":{"self":[{"href":"https:\/\/losperiodistas.com.mx\/portal\/wp-json\/wp\/v2\/posts\/12706","targetHints":{"allow":["GET"]}}],"collection":[{"href":"https:\/\/losperiodistas.com.mx\/portal\/wp-json\/wp\/v2\/posts"}],"about":[{"href":"https:\/\/losperiodistas.com.mx\/portal\/wp-json\/wp\/v2\/types\/post"}],"author":[{"embeddable":true,"href":"https:\/\/losperiodistas.com.mx\/portal\/wp-json\/wp\/v2\/users\/1"}],"replies":[{"embeddable":true,"href":"https:\/\/losperiodistas.com.mx\/portal\/wp-json\/wp\/v2\/comments?post=12706"}],"version-history":[{"count":1,"href":"https:\/\/losperiodistas.com.mx\/portal\/wp-json\/wp\/v2\/posts\/12706\/revisions"}],"predecessor-version":[{"id":12708,"href":"https:\/\/losperiodistas.com.mx\/portal\/wp-json\/wp\/v2\/posts\/12706\/revisions\/12708"}],"wp:featuredmedia":[{"embeddable":true,"href":"https:\/\/losperiodistas.com.mx\/portal\/wp-json\/wp\/v2\/media\/12707"}],"wp:attachment":[{"href":"https:\/\/losperiodistas.com.mx\/portal\/wp-json\/wp\/v2\/media?parent=12706"}],"wp:term":[{"taxonomy":"category","embeddable":true,"href":"https:\/\/losperiodistas.com.mx\/portal\/wp-json\/wp\/v2\/categories?post=12706"},{"taxonomy":"post_tag","embeddable":true,"href":"https:\/\/losperiodistas.com.mx\/portal\/wp-json\/wp\/v2\/tags?post=12706"}],"curies":[{"name":"wp","href":"https:\/\/api.w.org\/{rel}","templated":true}]}}