{"id":127018,"date":"2026-07-21T08:49:38","date_gmt":"2026-07-21T14:49:38","guid":{"rendered":"https:\/\/losperiodistas.com.mx\/portal\/?p=127018"},"modified":"2026-07-21T08:49:39","modified_gmt":"2026-07-21T14:49:39","slug":"el-cinturon-se-desmarca-donde-lo-coloco-efe","status":"publish","type":"post","link":"https:\/\/losperiodistas.com.mx\/portal\/el-cinturon-se-desmarca-donde-lo-coloco-efe\/","title":{"rendered":"El cintur\u00f3n se desmarca: \u00bfD\u00f3nde lo coloco? | EFE"},"content":{"rendered":"\n<figure class=\"wp-block-image size-large\"><img fetchpriority=\"high\" decoding=\"async\" width=\"1024\" height=\"1024\" src=\"https:\/\/losperiodistas.com.mx\/portal\/wp-content\/uploads\/2026\/07\/MODA-CINTURON-1024x1024.jpeg\" alt=\"\" class=\"wp-image-127019\" srcset=\"https:\/\/losperiodistas.com.mx\/portal\/wp-content\/uploads\/2026\/07\/MODA-CINTURON-1024x1024.jpeg 1024w, https:\/\/losperiodistas.com.mx\/portal\/wp-content\/uploads\/2026\/07\/MODA-CINTURON-300x300.jpeg 300w, https:\/\/losperiodistas.com.mx\/portal\/wp-content\/uploads\/2026\/07\/MODA-CINTURON-150x150.jpeg 150w, https:\/\/losperiodistas.com.mx\/portal\/wp-content\/uploads\/2026\/07\/MODA-CINTURON-768x768.jpeg 768w, https:\/\/losperiodistas.com.mx\/portal\/wp-content\/uploads\/2026\/07\/MODA-CINTURON-1536x1536.jpeg 1536w, https:\/\/losperiodistas.com.mx\/portal\/wp-content\/uploads\/2026\/07\/MODA-CINTURON-2048x2048.jpeg 2048w\" sizes=\"(max-width: 1024px) 100vw, 1024px\" \/><figcaption class=\"wp-element-caption\">Una modelo luce un dise\u00f1o de Doblas en la \u00faltima jornada de la 080 Barcelona Fashion, el pasado mes de abril EFE\/Alejandro Garc\u00eda <\/figcaption><\/figure>\n\n\n\n<p class=\"has-vivid-red-color has-text-color has-link-color has-medium-font-size wp-elements-0c80469cb3bf0dee239a750bcb9a3bbd\"><strong>Inmaculada Tapia \/ EFE<\/strong><\/p>\n\n\n\n<p>Madrid (EFE).- Un complemento tan \u00fatil como el cintur\u00f3n se ha transformado en un elemento cambiante; adem\u00e1s de ajustar el pantal\u00f3n, las tendencias lo han convertido en un accesorio que ha pasado a adornar la cadera, a situarse bajo el pecho, y la hebilla es el detalle perfecto para decorar un bolso o unos zapatos.&nbsp;<\/p>\n\n\n\n<p>El dise\u00f1o de Haider Ackerman para Tom Ford que luci\u00f3 Bella Hadid en el \u00faltimo Festival de Cannes lo deja claro, las cosas han cambiado: los cinturones son un complemento m\u00e1s con el que jugar con el estilismo y no solo un elemento \u00fatil del vestuario.&nbsp;<\/p>\n\n\n\n<p>La modelo luci\u00f3 un conjunto de pantal\u00f3n y blusa de cuello alto con corte inferior irregular que dejaba al descubierto la cintura, sobre la que luc\u00eda un fin\u00edsimo cintur\u00f3n sobre la piel.&nbsp;<\/p>\n\n\n\n<p>Las bragas de los bikinis con cintur\u00f3n y hebilla son habituales, un detalle que provoca un efecto \u00f3ptico de sujeci\u00f3n que no es real, pero resulta atractivo.&nbsp;<\/p>\n\n\n\n<p>Cinturones dobles, anchos o finos, ajustados a la cintura o ca\u00eddos hacia uno de los lados de la cadera, de cuero o de peque\u00f1as joyas pulidas con cristales y abalorios, todo es posible, incluso en bikini o ba\u00f1ador, donde los fin\u00edsimos de cristales potencian los reflejos del sol sobre la piel.<\/p>\n\n\n\n<h2 class=\"wp-block-heading\" id=\"h-amuleto-y-simbolo-de-estatus\">Amuleto y s\u00edmbolo de estatus<\/h2>\n\n\n\n<p>En su origen, el cintur\u00f3n era considerado un s\u00edmbolo de estatus para ajustar las prendas, un elemento est\u00e9tico pero tambi\u00e9n espiritual y cargado de simbolismo utilizado como amuleto y protector, con componentes tanto sagrados como paganos, como medallas, medias lunas, crucifijos, relicarios, bolsitas de tela, higas, cuentas de azabache, coral o vidrio, campanillas de plata o de esta\u00f1o, colmillos o patas de tej\u00f3n, entre otros muchos.&nbsp;<\/p>\n\n\n\n<figure class=\"wp-block-image\"><img decoding=\"async\" src=\"https:\/\/i0.wp.com\/efe.com\/wp-content\/uploads\/2026\/07\/MODA-CINTURON-2.webp?resize=980%2C829&amp;ssl=1\" alt=\"\" class=\"wp-image-2775580\"\/><figcaption class=\"wp-element-caption\">Un dise\u00f1o upcycling de la firma Santamarta, reutilizando pantalones de traje de lana y camisas de algod\u00f3n. EFE\/Santamarta<\/figcaption><\/figure>\n\n\n\n<p>Todos ellos se les ce\u00f1\u00edan especialmente a los ni\u00f1os para hacer frente a enfermedades y hechizos, desde los m\u00e1s costosos en plata a los m\u00e1s sencillos en tela, en funci\u00f3n de las posibilidades econ\u00f3micas de cada familia.<\/p>\n\n\n\n<p>Sin embargo, actualmente, bajar la cintura a un l\u00edmite excesivo ha llevado a convertirlo en una pieza necesaria en los dise\u00f1os de Tory Burch; incluso Chanel ha adornado sus minifaldas con \u00e9l en la cadera sin que resultara una necesidad para sujetarlas; Prada los cose directamente a esa altura y el accesorio pasa a formar parte del patr\u00f3n.&nbsp;<\/p>\n\n\n\n<p>En su \u00faltima colecci\u00f3n, Santamarta, la firma liderada por Alfredo Maestro y Marta Mat\u00e9 con prendas que buscan minimizar el impacto ambiental, ha presentado varias piezas donde el cintur\u00f3n aparece descontextualizado.<\/p>\n\n\n\n<p>En un vestido inspirado en el flamenco contempor\u00e1neo sit\u00faan la cintura con trabillas en el escote, y en una falda, que combinan con un top, lo colocan a la altura del muslo.<\/p>\n\n\n\n<figure class=\"wp-block-embed is-type-wp-embed is-provider-efe-noticias wp-block-embed-efe-noticias\"><div class=\"wp-block-embed__wrapper\">\n<blockquote class=\"wp-embedded-content\" data-secret=\"ORYNpka3jJ\"><a href=\"https:\/\/efe.com\/cultura\/2025-12-23\/tendencias-2026-apuntan-contrarrevolucion-todo-vuelve\/\">Las tendencias de 2026 apuntan a la contrarrevoluci\u00f3n, todo vuelve<\/a><\/blockquote><iframe class=\"wp-embedded-content\" sandbox=\"allow-scripts\" security=\"restricted\" style=\"position: absolute; visibility: hidden;\" title=\"\u00abLas tendencias de 2026 apuntan a la contrarrevoluci\u00f3n, todo vuelve\u00bb \u2014 EFE Noticias\" src=\"https:\/\/efe.com\/cultura\/2025-12-23\/tendencias-2026-apuntan-contrarrevolucion-todo-vuelve\/embed\/#?secret=ZC0Ab9ASDu#?secret=ORYNpka3jJ\" data-secret=\"ORYNpka3jJ\" width=\"500\" height=\"282\" frameborder=\"0\" marginwidth=\"0\" marginheight=\"0\" scrolling=\"no\"><\/iframe>\n<\/div><\/figure>\n\n\n\n<p>Los cinturones joya y los m\u00e1s armados van directamente a la cintura, para marcar y definir la silueta; son anchos y circundan el cuerpo con una lazada hacia adelante o bien en la espalda.<\/p>\n\n\n\n<h2 class=\"wp-block-heading\" id=\"h-accesorio-sobre-accesorio-nbsp\">Accesorio sobre accesorio&nbsp;<\/h2>\n\n\n\n<p>Los bolsos son otro de los&nbsp;<a href=\"https:\/\/efe.com\/cultura\/2025-12-23\/tendencias-2026-apuntan-contrarrevolucion-todo-vuelve\/\" target=\"_blank\" rel=\"noreferrer noopener\">complementos&nbsp;<\/a>donde los cinturones son la estrella. La creadora Angie Vasquez hace que uno de ellos abrace el contorno de un \u2018cluch\u2019 dorado, muy propio para las noches de fiesta.<\/p>\n\n\n\n<p>Balmain hace lo propio en su colecci\u00f3n para el pr\u00f3ximo oto\u00f1o- invierno ci\u00f1endo la forma y silueta de las diferentes versiones de su bolso Sphynx y con enorme hebilla abraza la estructura del mini bolso Anthem.&nbsp;<\/p>\n\n\n\n<p>Pero la firma francesa no se limita a ellos: botas, botines y sandalias tambi\u00e9n brillan con las hebillas de un cintur\u00f3n.<\/p>\n\n\n\n<p>Fuente: <a href=\"https:\/\/efe.com\/cultura\/2026-07-21\/cinturon-moda-tendencias\/\">https:\/\/efe.com\/cultura\/2026-07-21\/cinturon-moda-tendencias\/<\/a><\/p>\n","protected":false},"excerpt":{"rendered":"<p>Inmaculada Tapia \/ EFE Madrid (EFE).- Un complemento tan \u00fatil como el cintur\u00f3n se ha transformado en un elemento cambiante; [&hellip;]<\/p>\n","protected":false},"author":1,"featured_media":127019,"comment_status":"open","ping_status":"open","sticky":false,"template":"","format":"standard","meta":{"site-sidebar-layout":"default","site-content-layout":"","ast-site-content-layout":"default","site-content-style":"default","site-sidebar-style":"default","ast-global-header-display":"","ast-banner-title-visibility":"","ast-main-header-display":"","ast-hfb-above-header-display":"","ast-hfb-below-header-display":"","ast-hfb-mobile-header-display":"","site-post-title":"","ast-breadcrumbs-content":"","ast-featured-img":"","footer-sml-layout":"","theme-transparent-header-meta":"","adv-header-id-meta":"","stick-header-meta":"","header-above-stick-meta":"","header-main-stick-meta":"","header-below-stick-meta":"","astra-migrate-meta-layouts":"default","ast-page-background-enabled":"default","ast-page-background-meta":{"desktop":{"background-color":"var(--ast-global-color-4)","background-image":"","background-repeat":"repeat","background-position":"center center","background-size":"auto","background-attachment":"scroll","background-type":"","background-media":"","overlay-type":"","overlay-color":"","overlay-opacity":"","overlay-gradient":""},"tablet":{"background-color":"","background-image":"","background-repeat":"repeat","background-position":"center center","background-size":"auto","background-attachment":"scroll","background-type":"","background-media":"","overlay-type":"","overlay-color":"","overlay-opacity":"","overlay-gradient":""},"mobile":{"background-color":"","background-image":"","background-repeat":"repeat","background-position":"center center","background-size":"auto","background-attachment":"scroll","background-type":"","background-media":"","overlay-type":"","overlay-color":"","overlay-opacity":"","overlay-gradient":""}},"ast-content-background-meta":{"desktop":{"background-color":"var(--ast-global-color-5)","background-image":"","background-repeat":"repeat","background-position":"center center","background-size":"auto","background-attachment":"scroll","background-type":"","background-media":"","overlay-type":"","overlay-color":"","overlay-opacity":"","overlay-gradient":""},"tablet":{"background-color":"var(--ast-global-color-5)","background-image":"","background-repeat":"repeat","background-position":"center center","background-size":"auto","background-attachment":"scroll","background-type":"","background-media":"","overlay-type":"","overlay-color":"","overlay-opacity":"","overlay-gradient":""},"mobile":{"background-color":"var(--ast-global-color-5)","background-image":"","background-repeat":"repeat","background-position":"center center","background-size":"auto","background-attachment":"scroll","background-type":"","background-media":"","overlay-type":"","overlay-color":"","overlay-opacity":"","overlay-gradient":""}},"footnotes":""},"categories":[8],"tags":[51473,51474,2163],"class_list":["post-127018","post","type-post","status-publish","format-standard","has-post-thumbnail","hentry","category-noticias","tag-accesorios-femeninos","tag-cinturones","tag-moda"],"_links":{"self":[{"href":"https:\/\/losperiodistas.com.mx\/portal\/wp-json\/wp\/v2\/posts\/127018","targetHints":{"allow":["GET"]}}],"collection":[{"href":"https:\/\/losperiodistas.com.mx\/portal\/wp-json\/wp\/v2\/posts"}],"about":[{"href":"https:\/\/losperiodistas.com.mx\/portal\/wp-json\/wp\/v2\/types\/post"}],"author":[{"embeddable":true,"href":"https:\/\/losperiodistas.com.mx\/portal\/wp-json\/wp\/v2\/users\/1"}],"replies":[{"embeddable":true,"href":"https:\/\/losperiodistas.com.mx\/portal\/wp-json\/wp\/v2\/comments?post=127018"}],"version-history":[{"count":1,"href":"https:\/\/losperiodistas.com.mx\/portal\/wp-json\/wp\/v2\/posts\/127018\/revisions"}],"predecessor-version":[{"id":127020,"href":"https:\/\/losperiodistas.com.mx\/portal\/wp-json\/wp\/v2\/posts\/127018\/revisions\/127020"}],"wp:featuredmedia":[{"embeddable":true,"href":"https:\/\/losperiodistas.com.mx\/portal\/wp-json\/wp\/v2\/media\/127019"}],"wp:attachment":[{"href":"https:\/\/losperiodistas.com.mx\/portal\/wp-json\/wp\/v2\/media?parent=127018"}],"wp:term":[{"taxonomy":"category","embeddable":true,"href":"https:\/\/losperiodistas.com.mx\/portal\/wp-json\/wp\/v2\/categories?post=127018"},{"taxonomy":"post_tag","embeddable":true,"href":"https:\/\/losperiodistas.com.mx\/portal\/wp-json\/wp\/v2\/tags?post=127018"}],"curies":[{"name":"wp","href":"https:\/\/api.w.org\/{rel}","templated":true}]}}