{"id":126667,"date":"2026-07-16T22:10:22","date_gmt":"2026-07-17T04:10:22","guid":{"rendered":"https:\/\/losperiodistas.com.mx\/portal\/?p=126667"},"modified":"2026-07-16T22:10:24","modified_gmt":"2026-07-17T04:10:24","slug":"por-otros-medios","status":"publish","type":"post","link":"https:\/\/losperiodistas.com.mx\/portal\/por-otros-medios\/","title":{"rendered":"Por otros medios"},"content":{"rendered":"\n<figure class=\"wp-block-image size-full\"><img fetchpriority=\"high\" decoding=\"async\" width=\"658\" height=\"452\" src=\"https:\/\/losperiodistas.com.mx\/portal\/wp-content\/uploads\/2026\/07\/photo_2026-07-16_22-02-58.jpg\" alt=\"\" class=\"wp-image-126668\" srcset=\"https:\/\/losperiodistas.com.mx\/portal\/wp-content\/uploads\/2026\/07\/photo_2026-07-16_22-02-58.jpg 658w, https:\/\/losperiodistas.com.mx\/portal\/wp-content\/uploads\/2026\/07\/photo_2026-07-16_22-02-58-300x206.jpg 300w\" sizes=\"(max-width: 658px) 100vw, 658px\" \/><\/figure>\n\n\n\n<p class=\"has-vivid-red-color has-text-color has-link-color wp-elements-5a4fbe0edc937aa8cd96f55aa07b52be\"><em>Por Fidencio Aguilar V\u00edquez<\/em><\/p>\n\n\n\n<p>Para formar una ciudadan\u00eda responsable, es decir, consciente y libre, es preciso conocer las obligaciones y los derechos que conciernen a los ciudadanos. No basta, empero, conocer las leyes y el marco jur\u00eddico que sostiene el r\u00e9gimen, aunque sea indispensable, es necesario tener una conciencia cr\u00edtica y moral de quienes ejercen el poder. Conocer lo que ocurre a nivel nacional, local y hasta municipal es, adem\u00e1s, saludable. Los medios de comunicaci\u00f3n son sustanciales en esta tarea (in)formativa.<\/p>\n\n\n\n<p>A nivel nacional, si bien hay cr\u00edtica medi\u00e1tica, \u00e9sta no ha sido eficaz. La cr\u00edtica al poder y a quienes lo ejercen no tiene el resultado que tuvo en otros momentos: la moderaci\u00f3n, el recato y hasta la correcci\u00f3n. El r\u00e9gimen que actualmente gobierna, ante la cr\u00edtica, se obsesiona en sus posturas \u2014a veces m\u00e1s ideol\u00f3gicas que de gobierno\u2014, se envalentona, se coloca como juez, sentencia y condena a sus cr\u00edticos y opositores. No s\u00f3lo eso, los amenaza y los persigue hasta hacerlos desistir.<\/p>\n\n\n\n<p>En los sexenios previos al morenismo, la cr\u00edtica surt\u00eda sus efectos como contrapeso al poder. Bastaba la denuncia de que una toalla de la residencia presidencial costaba miles de pesos para que el gobierno inmediatamente se avergonzara y corrigiera, o al menos, el responsable no s\u00f3lo quedaba exhibido, sino era despedido. Quiz\u00e1 eran gobiernos m\u00e1s sensibles (o hipocritones, si usted, amable lector, lectora, quiere). Pero el acto denunciado era censurado y\/o castigado. Hoy hay, en cambio, cinismo.<\/p>\n\n\n\n<p>Tambi\u00e9n existe una inversi\u00f3n medi\u00e1tica. Medios y periodistas que en alg\u00fan momento fueron cr\u00edticos han sido seducidos, cooptados y\/o sometidos por el poder. Otros han surgido al amparo del poder, como publicistas o propagandistas: defienden a capa y espada al r\u00e9gimen, replicando el discurso de \u00e9ste, echan la culpa al pasado y elogian la \u201ccalidad moral\u201d del oficialismo, sin el m\u00ednimo rubor ni cr\u00edtica. No es que haya cambiado la din\u00e1mica medi\u00e1tica, sino el r\u00e9gimen mismo: hoy es autocr\u00e1tico.<\/p>\n\n\n\n<p>A nivel local la cosa no es distinta. Si a nivel federal la autocracia se ha traducido en varias formas de autoritarismo, a nivel local \u00e9ste es la forma cotidiana de gobernar. Ah\u00ed est\u00e1 el caso del Cableb\u00fas, la controversia en San Jos\u00e9 Chiapa por el llamado \u201cPolo de desarrollo econ\u00f3mico del bienestar\u201d, el estilo bravuc\u00f3n del gobierno estatal para reprender a periodistas cr\u00edticos \u2014y someterlos\u2014 y seducir o cooptar a periodistas, haci\u00e9ndolos promotores, publicistas y propagandistas del oficialismo local.<\/p>\n\n\n\n<p>El caso de e-consulta es sui generis. En buena medida el medio surgi\u00f3 con la personalidad y el talante \u2014y talento\u2014 de su fundador, Rodolfo Ru\u00edz Rodr\u00edguez, y de sus colaboradores. La experiencia previa de Rodolfo estaba avalada por sus incursiones en medios noticiosos y por El Universal Puebla. El equipo, con veteranos experimentados y con nuevas fuerzas, consolid\u00f3 un proyecto relevante en la regi\u00f3n. No s\u00f3lo se caracteriz\u00f3 por ser un medio cr\u00edtico en lo noticioso, sino en lo editorial.<\/p>\n\n\n\n<p>Con la noticia de la salida y el relevo de Ruiz, parece confirmarse lo que era un grito a voces desde hace algunos meses: el r\u00e9gimen local por v\u00eda indirecta hab\u00eda logrado su cometido. Varios colaboradores de la secci\u00f3n Opini\u00f3n y editorialistas al enterarse de esto, de forma p\u00fablica, abandonaron la p\u00e1gina editorial, como un gesto de solidaridad con Rodolfo y como protesta contra el r\u00e9gimen armentista por su grotesca y grosera forma de cooptar la libertad de expresi\u00f3n. Algunos se despidieron amablemente.<\/p>\n\n\n\n<p>Yo querr\u00eda tomar, entre los extremos, un punto intermedio, tratando de buscar un equilibrio virtuoso. S\u00e9 que hay momentos de definici\u00f3n, de tomar partido, postura clara, definitoria. La solidaridad con Rodolfo Ru\u00edz debe ser clara: este medio que fund\u00f3 acogi\u00f3 una pluralidad de intelectuales que enriqueci\u00f3 la cr\u00edtica informativa y noticiosa. Tambi\u00e9n debe ser clara la cr\u00edtica al poder, lo detente quien lo detente. Pero, por otro lado, la cr\u00edtica al poder debe permanecer, permear, continuar, incluso en este medio.<\/p>\n\n\n\n<p>En los a\u00f1os que tengo escribiendo, desde los lejanos a\u00f1os ochenta en El Sol de Tlaxcala (aunque haya sido uno o dos art\u00edculos), pasando por El Universal Puebla, hasta este momento en e-consulta, he aprendido y madurado una convicci\u00f3n: pensar ayuda tambi\u00e9n a formar ciudadan\u00eda. Pensar nos humaniza y nos ayuda a mantenernos humanos, nos ayuda a tomar nuestra existencia en nuestras propias manos y a ejercer nuestra libertad responsablemente. Siendo humanos exigiremos al poder servicio \u2014sobre todo a los m\u00e1s vulnerables\u2014, no arrogancia ni cinismo ni falsa calidad moral.<\/p>\n\n\n\n<p>Esta convicci\u00f3n es la que me hace expresar mi solidaridad con Rodolfo Ru\u00edz Rodr\u00edguez y mi determinaci\u00f3n a mantener la cr\u00edtica contra el r\u00e9gimen actual \u2014y contra los reg\u00edmenes que vengan\u2014, desde este espacio y desde los espacios que se puedan. Si e-consulta mantiene la pluralidad y la cr\u00edtica, continuar\u00e9 aqu\u00ed. Si no es posible esto, entonces, sin duda, lo har\u00e9 por otros medios. El pensamiento, como la poes\u00eda, es como un incendio, una vez prendido nadie lo puede detener. Pensar siempre ayuda.<\/p>\n\n\n\n<p>[Este art\u00edculo ya no fue publicado en e-consulta.]<\/p>\n","protected":false},"excerpt":{"rendered":"<p>Por Fidencio Aguilar V\u00edquez Para formar una ciudadan\u00eda responsable, es decir, consciente y libre, es preciso conocer las obligaciones y [&hellip;]<\/p>\n","protected":false},"author":1,"featured_media":126668,"comment_status":"open","ping_status":"open","sticky":false,"template":"","format":"standard","meta":{"site-sidebar-layout":"default","site-content-layout":"","ast-site-content-layout":"default","site-content-style":"default","site-sidebar-style":"default","ast-global-header-display":"","ast-banner-title-visibility":"","ast-main-header-display":"","ast-hfb-above-header-display":"","ast-hfb-below-header-display":"","ast-hfb-mobile-header-display":"","site-post-title":"","ast-breadcrumbs-content":"","ast-featured-img":"","footer-sml-layout":"","theme-transparent-header-meta":"","adv-header-id-meta":"","stick-header-meta":"","header-above-stick-meta":"","header-main-stick-meta":"","header-below-stick-meta":"","astra-migrate-meta-layouts":"default","ast-page-background-enabled":"default","ast-page-background-meta":{"desktop":{"background-color":"var(--ast-global-color-4)","background-image":"","background-repeat":"repeat","background-position":"center center","background-size":"auto","background-attachment":"scroll","background-type":"","background-media":"","overlay-type":"","overlay-color":"","overlay-opacity":"","overlay-gradient":""},"tablet":{"background-color":"","background-image":"","background-repeat":"repeat","background-position":"center center","background-size":"auto","background-attachment":"scroll","background-type":"","background-media":"","overlay-type":"","overlay-color":"","overlay-opacity":"","overlay-gradient":""},"mobile":{"background-color":"","background-image":"","background-repeat":"repeat","background-position":"center center","background-size":"auto","background-attachment":"scroll","background-type":"","background-media":"","overlay-type":"","overlay-color":"","overlay-opacity":"","overlay-gradient":""}},"ast-content-background-meta":{"desktop":{"background-color":"var(--ast-global-color-5)","background-image":"","background-repeat":"repeat","background-position":"center center","background-size":"auto","background-attachment":"scroll","background-type":"","background-media":"","overlay-type":"","overlay-color":"","overlay-opacity":"","overlay-gradient":""},"tablet":{"background-color":"var(--ast-global-color-5)","background-image":"","background-repeat":"repeat","background-position":"center center","background-size":"auto","background-attachment":"scroll","background-type":"","background-media":"","overlay-type":"","overlay-color":"","overlay-opacity":"","overlay-gradient":""},"mobile":{"background-color":"var(--ast-global-color-5)","background-image":"","background-repeat":"repeat","background-position":"center center","background-size":"auto","background-attachment":"scroll","background-type":"","background-media":"","overlay-type":"","overlay-color":"","overlay-opacity":"","overlay-gradient":""}},"footnotes":""},"categories":[8,22],"tags":[50494,51300,51301,51299,51302,15281],"class_list":["post-126667","post","type-post","status-publish","format-standard","has-post-thumbnail","hentry","category-noticias","category-opinion-invitada","tag-cablebus-2","tag-ciudadania-responsable","tag-conciencia-critica","tag-fidencio-aguilar","tag-rodolfo-ruiz-2","tag-san-jose-chiapa"],"_links":{"self":[{"href":"https:\/\/losperiodistas.com.mx\/portal\/wp-json\/wp\/v2\/posts\/126667","targetHints":{"allow":["GET"]}}],"collection":[{"href":"https:\/\/losperiodistas.com.mx\/portal\/wp-json\/wp\/v2\/posts"}],"about":[{"href":"https:\/\/losperiodistas.com.mx\/portal\/wp-json\/wp\/v2\/types\/post"}],"author":[{"embeddable":true,"href":"https:\/\/losperiodistas.com.mx\/portal\/wp-json\/wp\/v2\/users\/1"}],"replies":[{"embeddable":true,"href":"https:\/\/losperiodistas.com.mx\/portal\/wp-json\/wp\/v2\/comments?post=126667"}],"version-history":[{"count":1,"href":"https:\/\/losperiodistas.com.mx\/portal\/wp-json\/wp\/v2\/posts\/126667\/revisions"}],"predecessor-version":[{"id":126669,"href":"https:\/\/losperiodistas.com.mx\/portal\/wp-json\/wp\/v2\/posts\/126667\/revisions\/126669"}],"wp:featuredmedia":[{"embeddable":true,"href":"https:\/\/losperiodistas.com.mx\/portal\/wp-json\/wp\/v2\/media\/126668"}],"wp:attachment":[{"href":"https:\/\/losperiodistas.com.mx\/portal\/wp-json\/wp\/v2\/media?parent=126667"}],"wp:term":[{"taxonomy":"category","embeddable":true,"href":"https:\/\/losperiodistas.com.mx\/portal\/wp-json\/wp\/v2\/categories?post=126667"},{"taxonomy":"post_tag","embeddable":true,"href":"https:\/\/losperiodistas.com.mx\/portal\/wp-json\/wp\/v2\/tags?post=126667"}],"curies":[{"name":"wp","href":"https:\/\/api.w.org\/{rel}","templated":true}]}}