{"id":126610,"date":"2026-07-16T05:43:57","date_gmt":"2026-07-16T11:43:57","guid":{"rendered":"https:\/\/losperiodistas.com.mx\/portal\/?p=126610"},"modified":"2026-07-16T05:43:58","modified_gmt":"2026-07-16T11:43:58","slug":"hoy-celebramos-a-la-virgen-del-carmen-la-madre-que-nos-invita-a-orar-y-nos-libra-del-infierno-aci","status":"publish","type":"post","link":"https:\/\/losperiodistas.com.mx\/portal\/hoy-celebramos-a-la-virgen-del-carmen-la-madre-que-nos-invita-a-orar-y-nos-libra-del-infierno-aci\/","title":{"rendered":"Hoy celebramos a la Virgen del Carmen, la madre que nos invita a orar y nos libra del infierno | ACI"},"content":{"rendered":"\n<figure class=\"wp-block-image size-large\"><img fetchpriority=\"high\" decoding=\"async\" width=\"1024\" height=\"640\" src=\"https:\/\/losperiodistas.com.mx\/portal\/wp-content\/uploads\/2026\/07\/NuestraSenoradelCarmen_ekzfi3-1024x640.jpg\" alt=\"\" class=\"wp-image-126611\" srcset=\"https:\/\/losperiodistas.com.mx\/portal\/wp-content\/uploads\/2026\/07\/NuestraSenoradelCarmen_ekzfi3-1024x640.jpg 1024w, https:\/\/losperiodistas.com.mx\/portal\/wp-content\/uploads\/2026\/07\/NuestraSenoradelCarmen_ekzfi3-300x188.jpg 300w, https:\/\/losperiodistas.com.mx\/portal\/wp-content\/uploads\/2026\/07\/NuestraSenoradelCarmen_ekzfi3-768x480.jpg 768w, https:\/\/losperiodistas.com.mx\/portal\/wp-content\/uploads\/2026\/07\/NuestraSenoradelCarmen_ekzfi3-1536x960.jpg 1536w, https:\/\/losperiodistas.com.mx\/portal\/wp-content\/uploads\/2026\/07\/NuestraSenoradelCarmen_ekzfi3.jpg 1600w\" sizes=\"(max-width: 1024px) 100vw, 1024px\" \/><figcaption class=\"wp-element-caption\">Nuestra Se\u00f1ora del Carmen, 16 de julio \/ ACI Prensa<\/figcaption><\/figure>\n\n\n\n<p><a href=\"https:\/\/www.aciprensa.com\/autor\/64\/redaccion-central\"><\/a><\/p>\n\n\n\n<p class=\"has-medium-font-size\"><strong>Por\u00a0<a href=\"https:\/\/www.aciprensa.com\/autor\/64\/redaccion-central\">Redacci\u00f3n Central<\/a> \/ ACI Prensa<\/strong><\/p>\n\n\n\n<p><\/p>\n\n\n\n<p>Cada 16 de julio los fieles devotos celebran la memoria de la Virgen del Carmen -tambi\u00e9n, Nuestra Se\u00f1ora del Carmen o Santa Mar\u00eda del Monte Carmelo-, una de las advocaciones marianas m\u00e1s universales y antiguas de la Iglesia Cat\u00f3lica.<\/p>\n\n\n\n<h2 class=\"wp-block-heading\">Mar\u00eda, auxilio en la hora final y garante de la vida eterna<\/h2>\n\n\n\n<p>El 16 de julio de 1251, San Sim\u00f3n Stock, superior de la Orden de Nuestra Se\u00f1ora del Monte Carmelo (carmelitas de la antigua observancia), se encontraba en oraci\u00f3n, rogando a Dios que fortalezca a sus hermanos carmelitas que padec\u00edan persecuci\u00f3n. De pronto, la Virgen Mar\u00eda se le apareci\u00f3.<\/p>\n\n\n\n<p>Nuestra Se\u00f1ora se present\u00f3 vestida con el h\u00e1bito de la Orden (la t\u00fanica de color marr\u00f3n casta\u00f1o) y, dirigi\u00e9ndose al santo, le extendi\u00f3 la mano para entregarle el escapulario carmelita. La Virgen, entonces, le prometi\u00f3 que librar\u00eda del castigo eterno a todo aquel que lo llevase puesto y estuviera en gracia con Dios.<\/p>\n\n\n\n<p>Estos acontecimientos sucedieron en Aylesford (Inglaterra) y, tras ellos, se produjo un gran impulso a esta hermosa devoci\u00f3n, dedicada a la \u201cReina y Se\u00f1ora del Monte Carmelo\u201d. Desde entonces ha seguido extendi\u00e9ndose por todo el mundo a lo largo de los siglos sucesivos, con abundantes frutos de santidad.<\/p>\n\n\n\n<h2 class=\"wp-block-heading\">El escapulario<\/h2>\n\n\n\n<h4 class=\"wp-block-heading\"><\/h4>\n\n\n\n<p>El escapulario de la Virgen del Carmen recibi\u00f3 reconocimiento oficial gracias a la intervenci\u00f3n del Papa Sixto V en 1587, y su uso y difusi\u00f3n han sido respaldados posteriormente por otros pont\u00edfices. Es el signo m\u00e1ximo de la devoci\u00f3n a Nuestra Se\u00f1ora del Monte Carmelo.<\/p>\n\n\n\n<p>Gracias a la fuerza simb\u00f3lica del escapulario para evocar la gran promesa hecha por la Virgen a San Sim\u00f3n, los Carmelitas -tanto de la antigua observancia como los reformados (descalzos), y sus numerosas ramas espirituales- han dado fruto bueno y abundante: hoy los carmelitas -hombres y mujeres, religiosos y laicos, contemplativos e insertos en el mundo- tienen una importante presencia en los cinco continentes, herederos de una largu\u00edsima lista de santos y m\u00e1rtires, fieles devotos de la Virgen del Carmen.<\/p>\n\n\n\n<p>El escapulario, por \u00faltimo, encierra un hermoso simbolismo. Evoca el \u201cencuentro\u201d entre la Antigua y la Nueva Alianza, entre el Antiguo y el Nuevo Testamento, como se explica a continuaci\u00f3n.<\/p>\n\n\n\n<h2 class=\"wp-block-heading\">El monte santo<\/h2>\n\n\n\n<p>Fue en el monte Carmelo, ubicado cerca de Jerusal\u00e9n, la Ciudad Santa (Israel), donde los profetas El\u00edas y Eliseo se establecieron para vivir consagrados a la oraci\u00f3n de intercesi\u00f3n por el Pueblo escogido (ver: Isa\u00edas 35, 2). Y fue en ese mismo monte donde, a mediados del siglo XII d.C., San Bartolo construy\u00f3 la ermita que congregar\u00eda a decenas de sacerdotes de la Iglesia latina para trasladarse all\u00ed y empezar una vida como eremitas, en soledad y silencio. Estos devotos llegaron constituyeron la Orden de Nuestra Se\u00f1ora del Monte Carmelo (carmelitas),&nbsp;<em>Ordo Fratrum Beatissim\u00e6 Virginis Mari\u00e6 de Monte Carmelo<\/em>.<\/p>\n\n\n\n<p>El nombre \u201cCarmelo\u201d proviene del hebreo&nbsp;<em>Karm-El<\/em>&nbsp;que quiere decir \u2018jard\u00edn de Dios\u2019 o \u2018vi\u00f1a de Dios\u2019. El nombre recuerda la belleza del lugar -se le suele llamar tambi\u00e9n \u2018el jard\u00edn de Palestina\u2019- y evoca la riqueza espiritual de una larga tradici\u00f3n que nace con los Profetas del Antiguo Testamento.<\/p>\n\n\n\n<h2 class=\"wp-block-heading\">Los carmelitas<\/h2>\n\n\n\n<p>En 1205, San Alberto (Alberto Avogadro), patriarca de Jerusal\u00e9n, entreg\u00f3 a los eremitas del Carmelo una regla de vida, que ser\u00eda aprobada posteriormente por el Papa Honorio III en 1226. Los carmelitas, de acuerdo a dicha regla, deb\u00edan vivir \u2018a la manera\u2019 del Profeta El\u00edas y de Mar\u00eda Sant\u00edsima.<\/p>\n\n\n\n<p>Tambi\u00e9n en el siglo XIII, el Papa Inocencio IV concedi\u00f3 a los carmelitas el privilegio de ser incluidos entre las \u00f3rdenes mendicantes, junto a franciscanos y dominicos. Eso signific\u00f3 un cambio muy grande para la Orden, que, por lo dem\u00e1s, ser\u00eda reformada siglos m\u00e1s tarde por Santa Teresa de Jes\u00fas y San Juan de la Cruz (siglo XVI).<\/p>\n\n\n\n<h2 class=\"wp-block-heading\">Devoci\u00f3n<\/h2>\n\n\n\n<p>Es imposible enumerar los lugares dedicados a Nuestra Se\u00f1ora del Carmen, o hacer una lista con todos sus patronazgos. Solo en Espa\u00f1a, por ejemplo, la Virgen del Carmen es patrona de los marineros y pescadores, as\u00ed como de la Armada Espa\u00f1ola. Las ciudades que la celebran en la Pen\u00ednsula son pr\u00e1cticamente incontables.<\/p>\n\n\n\n<p>En Am\u00e9rica sucede algo similar. En Argentina, Bolivia, Colombia, Chile, Ecuador, Per\u00fa, Paraguay, Uruguay o Venezuela, el d\u00eda de la Virgen del Carmen es una aut\u00e9ntica fiesta: se realizan procesiones, se concluyen las novenas solemnemente, y los devotos perennizan su gratitud en una variedad de tradiciones populares. Como muestra de ello, en muchos lugares se realizan homenajes a todas las mujeres que se llaman \u201cCarmen\u201d o \u201cCarmela\u201d.<\/p>\n\n\n\n<p>Estas expresiones religiosas o culturales evidencian el profundo impacto que la espiritualidad carmelita ha logrado en el Pueblo de Dios, y que hoy sigue animando a millones de personas a amar y pedir la protecci\u00f3n de la Madre de Dios.<\/p>\n\n\n\n<p>\u00a1Nuestra Se\u00f1ora del Carmen, ruega por nosotros!<\/p>\n\n\n\n<p>\u2026<\/p>\n\n\n\n<p>Si quieres saber m\u00e1s sobre la Virgen del Carmen o sobre el escapulario, puedes leer los siguientes art\u00edculos de la Enciclopedia Cat\u00f3lica:<\/p>\n\n\n\n<p><a href=\"https:\/\/ec.aciprensa.com\/wiki\/Fiesta_de_Nuestra_Se\">https:\/\/ec.aciprensa.com\/wiki\/Fiesta_de_Nuestra_Se<\/a><a href=\"https:\/\/ec.aciprensa.com\/wiki\/Fiesta_de_Nuestra_Se%C3%B1ora_del_Carmen\">\u00f1ora_del_Carmen<\/a>,&nbsp;<a href=\"https:\/\/ec.aciprensa.com\/wiki\/Escapulario_de_Nuestra_Se\">https:\/\/ec.aciprensa.com\/wiki\/Escapulario_de_Nuestra_Se<\/a><a href=\"https:\/\/ec.aciprensa.com\/wiki\/Escapulario_de_Nuestra_Se%C3%B1ora_del_Carmen\">\u00f1ora_del_Carmen<\/a>.<\/p>\n\n\n\n<h2 class=\"wp-block-heading\">M\u00e1s informaci\u00f3n:<\/h2>\n\n\n\n<ul class=\"wp-block-list\">\n<li><a href=\"https:\/\/www.aciprensa.com\/recursos\/origen-de-la-devocion-a-la-virgen-del-carmen-y-el-monte-carmelo-1043\/\">Origen de la devoci\u00f3n a la Virgen del Carmen y el Monte Carmelo<\/a><\/li>\n\n\n\n<li><a href=\"https:\/\/www.aciprensa.com\/recursos\/el-escapulario-de-la-virgen-del-carmen-1048\/\">El Escapulario de la Virgen del Carmen<\/a><\/li>\n\n\n\n<li><a href=\"https:\/\/www.aciprensa.com\/recursos\/testimonios-sobre-el-escapulario-de-la-virgen-del-carmen-1049\/\">Testimonios sobre el Escapulario de la Virgen del Carmen<\/a><\/li>\n\n\n\n<li><a href=\"https:\/\/www.aciprensa.com\/recursos\/promesas-de-la-virgen-del-carmen-1047\/\">Promesas de la Virgen del Carmen<\/a><\/li>\n\n\n\n<li><a href=\"https:\/\/www.aciprensa.com\/recursos\/consagracion-a-la-virgen-del-carmen-1044\/\">Consagraci\u00f3n a la Virgen del Carmen<\/a><\/li>\n\n\n\n<li><a href=\"https:\/\/www.aciprensa.com\/recursos\/virgen-del-carmen-patrona-de-los-marineros-1050\/\">Virgen del Carmen: Patrona de los Marineros<\/a><\/li>\n\n\n\n<li><a href=\"https:\/\/www.aciprensa.com\/recursos\/la-orden-carmelita-1051\/\">La orden Carmelita<\/a><\/li>\n\n\n\n<li><a href=\"https:\/\/www.aciprensa.com\/recursos\/la-orden-carmelita-en-la-enciclopedia-catolica-2747\/\">La Orden Carmelita en la Enciclopedia Cat\u00f3lica<\/a><\/li>\n\n\n\n<li><a href=\"https:\/\/www.aciprensa.com\/recursos\/oraciones-a-la-virgen-del-carmen-1045\/\">Oraciones a la Virgen del Carmen<\/a><\/li>\n\n\n\n<li><a href=\"https:\/\/www.aciprensa.com\/recursos\/novena-a-la-virgen-del-carmen-2746\/\">Novena a la Virgen del Carmen<\/a><\/li>\n\n\n\n<li><a href=\"https:\/\/www.aciprensa.com\/recursos\/la-virgen-del-carmen-1042\/\"><strong>Especial de la Virgen del Carmen<\/strong><\/a><\/li>\n<\/ul>\n\n\n\n<p><\/p>\n\n\n\n<p>Fuente: <a href=\"https:\/\/www.aciprensa.com\/noticias\/56361\/hoy-celebramos-a-la-virgen-del-carmen-poderosa-intercesora-a-la-hora-de-la-muerte\">https:\/\/www.aciprensa.com\/noticias\/56361\/hoy-celebramos-a-la-virgen-del-carmen-poderosa-intercesora-a-la-hora-de-la-muerte<\/a><\/p>\n","protected":false},"excerpt":{"rendered":"<p>Por\u00a0Redacci\u00f3n Central \/ ACI Prensa Cada 16 de julio los fieles devotos celebran la memoria de la Virgen del Carmen [&hellip;]<\/p>\n","protected":false},"author":1,"featured_media":126611,"comment_status":"open","ping_status":"open","sticky":false,"template":"","format":"standard","meta":{"site-sidebar-layout":"default","site-content-layout":"","ast-site-content-layout":"default","site-content-style":"default","site-sidebar-style":"default","ast-global-header-display":"","ast-banner-title-visibility":"","ast-main-header-display":"","ast-hfb-above-header-display":"","ast-hfb-below-header-display":"","ast-hfb-mobile-header-display":"","site-post-title":"","ast-breadcrumbs-content":"","ast-featured-img":"","footer-sml-layout":"","theme-transparent-header-meta":"","adv-header-id-meta":"","stick-header-meta":"","header-above-stick-meta":"","header-main-stick-meta":"","header-below-stick-meta":"","astra-migrate-meta-layouts":"default","ast-page-background-enabled":"default","ast-page-background-meta":{"desktop":{"background-color":"var(--ast-global-color-4)","background-image":"","background-repeat":"repeat","background-position":"center center","background-size":"auto","background-attachment":"scroll","background-type":"","background-media":"","overlay-type":"","overlay-color":"","overlay-opacity":"","overlay-gradient":""},"tablet":{"background-color":"","background-image":"","background-repeat":"repeat","background-position":"center center","background-size":"auto","background-attachment":"scroll","background-type":"","background-media":"","overlay-type":"","overlay-color":"","overlay-opacity":"","overlay-gradient":""},"mobile":{"background-color":"","background-image":"","background-repeat":"repeat","background-position":"center center","background-size":"auto","background-attachment":"scroll","background-type":"","background-media":"","overlay-type":"","overlay-color":"","overlay-opacity":"","overlay-gradient":""}},"ast-content-background-meta":{"desktop":{"background-color":"var(--ast-global-color-5)","background-image":"","background-repeat":"repeat","background-position":"center center","background-size":"auto","background-attachment":"scroll","background-type":"","background-media":"","overlay-type":"","overlay-color":"","overlay-opacity":"","overlay-gradient":""},"tablet":{"background-color":"var(--ast-global-color-5)","background-image":"","background-repeat":"repeat","background-position":"center center","background-size":"auto","background-attachment":"scroll","background-type":"","background-media":"","overlay-type":"","overlay-color":"","overlay-opacity":"","overlay-gradient":""},"mobile":{"background-color":"var(--ast-global-color-5)","background-image":"","background-repeat":"repeat","background-position":"center center","background-size":"auto","background-attachment":"scroll","background-type":"","background-media":"","overlay-type":"","overlay-color":"","overlay-opacity":"","overlay-gradient":""}},"footnotes":""},"categories":[8],"tags":[51270,51268,51269],"class_list":["post-126610","post","type-post","status-publish","format-standard","has-post-thumbnail","hentry","category-noticias","tag-carmelitas","tag-nuestra-senora-del-carmen","tag-santa-maria-del-monte-carmelo"],"_links":{"self":[{"href":"https:\/\/losperiodistas.com.mx\/portal\/wp-json\/wp\/v2\/posts\/126610","targetHints":{"allow":["GET"]}}],"collection":[{"href":"https:\/\/losperiodistas.com.mx\/portal\/wp-json\/wp\/v2\/posts"}],"about":[{"href":"https:\/\/losperiodistas.com.mx\/portal\/wp-json\/wp\/v2\/types\/post"}],"author":[{"embeddable":true,"href":"https:\/\/losperiodistas.com.mx\/portal\/wp-json\/wp\/v2\/users\/1"}],"replies":[{"embeddable":true,"href":"https:\/\/losperiodistas.com.mx\/portal\/wp-json\/wp\/v2\/comments?post=126610"}],"version-history":[{"count":1,"href":"https:\/\/losperiodistas.com.mx\/portal\/wp-json\/wp\/v2\/posts\/126610\/revisions"}],"predecessor-version":[{"id":126612,"href":"https:\/\/losperiodistas.com.mx\/portal\/wp-json\/wp\/v2\/posts\/126610\/revisions\/126612"}],"wp:featuredmedia":[{"embeddable":true,"href":"https:\/\/losperiodistas.com.mx\/portal\/wp-json\/wp\/v2\/media\/126611"}],"wp:attachment":[{"href":"https:\/\/losperiodistas.com.mx\/portal\/wp-json\/wp\/v2\/media?parent=126610"}],"wp:term":[{"taxonomy":"category","embeddable":true,"href":"https:\/\/losperiodistas.com.mx\/portal\/wp-json\/wp\/v2\/categories?post=126610"},{"taxonomy":"post_tag","embeddable":true,"href":"https:\/\/losperiodistas.com.mx\/portal\/wp-json\/wp\/v2\/tags?post=126610"}],"curies":[{"name":"wp","href":"https:\/\/api.w.org\/{rel}","templated":true}]}}