{"id":126607,"date":"2026-07-16T05:36:25","date_gmt":"2026-07-16T11:36:25","guid":{"rendered":"https:\/\/losperiodistas.com.mx\/portal\/?p=126607"},"modified":"2026-07-16T05:36:27","modified_gmt":"2026-07-16T11:36:27","slug":"julian-lebaron-buscara-la-gubernatura-de-chihuahua-en-2027-con-somos-mx-pese-a-amenazas-de-muerte-infobae","status":"publish","type":"post","link":"https:\/\/losperiodistas.com.mx\/portal\/julian-lebaron-buscara-la-gubernatura-de-chihuahua-en-2027-con-somos-mx-pese-a-amenazas-de-muerte-infobae\/","title":{"rendered":"Juli\u00e1n LeBar\u00f3n buscar\u00e1 la gubernatura de Chihuahua en 2027 con Somos MX pese a amenazas de muerte | Infobae"},"content":{"rendered":"\n<h2 class=\"wp-block-heading has-medium-font-size\">El tambi\u00e9n activista afirm\u00f3 que no tendr\u00e1 que afiliarse al partido y su candidatura ser\u00e1 ciudadana<\/h2>\n\n\n\n<figure class=\"wp-block-image size-full\"><img fetchpriority=\"high\" decoding=\"async\" width=\"992\" height=\"558\" src=\"https:\/\/losperiodistas.com.mx\/portal\/wp-content\/uploads\/2026\/07\/WVOWANLBVBCHXGBDFSVS3B5NOQ.jpg\" alt=\"\" class=\"wp-image-126608\" srcset=\"https:\/\/losperiodistas.com.mx\/portal\/wp-content\/uploads\/2026\/07\/WVOWANLBVBCHXGBDFSVS3B5NOQ.jpg 992w, https:\/\/losperiodistas.com.mx\/portal\/wp-content\/uploads\/2026\/07\/WVOWANLBVBCHXGBDFSVS3B5NOQ-300x169.jpg 300w, https:\/\/losperiodistas.com.mx\/portal\/wp-content\/uploads\/2026\/07\/WVOWANLBVBCHXGBDFSVS3B5NOQ-768x432.jpg 768w\" sizes=\"(max-width: 992px) 100vw, 992px\" \/><figcaption class=\"wp-element-caption\">El activista entra a la disputa por la gubernatura de 2027 como candidato ciudadano del partido surgido de la marea rosa, en un estado donde el Verde ya condicion\u00f3 su coalici\u00f3n a que el candidato de Morena sea Cruz P\u00e9rez Cu\u00e9llar y no Andrea Ch\u00e1vez. (CUARTOSCURO)<\/figcaption><\/figure>\n\n\n\n<p><\/p>\n\n\n\n<p class=\"has-medium-font-size\"><strong>Por <a href=\"https:\/\/www.infobae.com\/autor\/anayeli-tapia-sandoval\/\">Anayeli Tapia Sandoval<\/a> \/ Infobae<\/strong><\/p>\n\n\n\n<p><strong>Juli\u00e1n LeBar\u00f3n<\/strong>&nbsp;buscar\u00e1 la&nbsp;<strong>gubernatura<\/strong>&nbsp;de&nbsp;<strong>Chihuahua<\/strong>&nbsp;en 2027 con el partido&nbsp;<strong>Somos MX<\/strong>&nbsp;pese a<strong>&nbsp;amenazas de muerte<\/strong>&nbsp;que obligaron a parte de su familia a salir del pa\u00eds.<\/p>\n\n\n\n<p><a href=\"https:\/\/www.infobae.com\/mexico\/2026\/07\/15\/vanessa-claudio-espera-sancion-a-pedro-sola-en-ventaneando-se-lo-dejo-a-los-jefes\/\" target=\"_blank\" rel=\"noreferrer noopener\"><\/a><\/p>\n\n\n\n<figure class=\"wp-block-image\"><a class=\"recommended-card recommended-card--infobae recommended-card--first\" href=\"https:\/\/www.infobae.com\/mexico\/2026\/07\/15\/vanessa-claudio-espera-sancion-a-pedro-sola-en-ventaneando-se-lo-dejo-a-los-jefes\/\" target=\"_blank\" rel=\"noreferrer noopener\"><img decoding=\"async\" src=\"https:\/\/www.infobae.com\/resizer\/v2\/BL4YM7QR4FGJHB574BQL6VA57A.png?auth=f3a3b9c85e897953ff04253080896cb6c3ba4d2d9fd10c9b8bcd1ae2778b30fe&amp;smart=true&amp;width=256&amp;height=140&amp;quality=85\" alt=\"Vanessa Claudio espera sanci\u00f3n a Pedro Sola en Ventaneando: \u201cSe lo dejo a los jefes\u201d\"\/><\/a><\/figure>\n\n\n\n<p><a href=\"https:\/\/www.infobae.com\/mexico\/2026\/07\/15\/vanessa-claudio-espera-sancion-a-pedro-sola-en-ventaneando-se-lo-dejo-a-los-jefes\/\" target=\"_blank\" rel=\"noreferrer noopener\">Te puede interesar:<strong>Vanessa Claudio espera sanci\u00f3n a Pedro Sola en Ventaneando: \u201cSe lo dejo a los jefes\u201d<\/strong><\/a><a href=\"https:\/\/www.infobae.com\/mexico\/2026\/07\/15\/vanessa-claudio-espera-sancion-a-pedro-sola-en-ventaneando-se-lo-dejo-a-los-jefes\/\" target=\"_blank\" rel=\"noreferrer noopener\"><\/a><\/p>\n\n\n\n<p>El activista, cuya familia fue v\u00edctima de una<strong>&nbsp;masacre del C\u00e1rtel de Ju\u00e1rez&nbsp;<\/strong>en 2019, confirm\u00f3 su candidatura ciudadana este 15 de julio en una conferencia de prensa en la Ciudad de M\u00e9xico, junto al presidente nacional de Somos MX,&nbsp;<strong>Guadalupe Acosta Naranjo<\/strong>.<\/p>\n\n\n\n<p><\/p>\n\n\n\n<p>LeBar\u00f3n entra a competir en un escenario donde<strong>&nbsp;Morena, el PAN y el PVEM&nbsp;<\/strong>ya libran sus propias disputas internas por la entidad.<\/p>\n\n\n\n<p><a href=\"https:\/\/www.infobae.com\/mexico\/2026\/07\/16\/enfermeras-de-elsa-aguirre-revelan-como-fueron-los-ultimos-momentos-de-la-diva-del-cine-de-oro\/\" target=\"_blank\" rel=\"noreferrer noopener\"><\/a><\/p>\n\n\n\n<figure class=\"wp-block-image\"><a class=\"recommended-card recommended-card--infobae recommended-card--first\" href=\"https:\/\/www.infobae.com\/mexico\/2026\/07\/16\/enfermeras-de-elsa-aguirre-revelan-como-fueron-los-ultimos-momentos-de-la-diva-del-cine-de-oro\/\" target=\"_blank\" rel=\"noreferrer noopener\"><img decoding=\"async\" src=\"https:\/\/www.infobae.com\/resizer\/v2\/UU57B3NQOND2XDIVP74NOOMYGM.jpg?auth=60909414fd600a4acde80730e2505cc122d4b978bdf2f2fabdc00933b221ed75&amp;smart=true&amp;width=256&amp;height=140&amp;quality=85\" alt=\"Enfermeras de Elsa Aguirre revelan c\u00f3mo fueron los \u00faltimos momentos de la diva del cine de oro\"\/><\/a><\/figure>\n\n\n\n<p><a href=\"https:\/\/www.infobae.com\/mexico\/2026\/07\/16\/enfermeras-de-elsa-aguirre-revelan-como-fueron-los-ultimos-momentos-de-la-diva-del-cine-de-oro\/\" target=\"_blank\" rel=\"noreferrer noopener\">Te puede interesar:<strong>Enfermeras de Elsa Aguirre revelan c\u00f3mo fueron los \u00faltimos momentos de la diva del cine de oro<\/strong><\/a><a href=\"https:\/\/www.infobae.com\/mexico\/2026\/07\/16\/enfermeras-de-elsa-aguirre-revelan-como-fueron-los-ultimos-momentos-de-la-diva-del-cine-de-oro\/\" target=\"_blank\" rel=\"noreferrer noopener\"><\/a><\/p>\n\n\n\n<p>El anuncio llega en medio de una fractura abierta en la alianza opositora a Morena en Chihuahua.&nbsp;<strong>Arturo Escobar<\/strong>, dirigente del PVEM, condicion\u00f3 p\u00fablicamente la coalici\u00f3n: \u201cSi no es Cu\u00e9llar, no vamos\u201d, en referencia a&nbsp;<strong>Cruz P\u00e9rez Cu\u00e9llar<\/strong>, alcalde con licencia de Ciudad Ju\u00e1rez. El&nbsp;<strong>PT<\/strong>, por su parte, declar\u00f3 que va con&nbsp;<strong>Andrea Ch\u00e1vez<\/strong>.<\/p>\n\n\n\n<p><\/p>\n\n\n\n<p><img decoding=\"async\" height=\"1226\" width=\"1920\" src=\"https:\/\/www.infobae.com\/resizer\/v2\/2SKEABJKVNGOTAPQZA5XN3NXG4.jpg?auth=ffcc0b3a17da304f154d40a512bb74c095ad4c29e9427d70847b83d86d3398db&amp;smart=true&amp;width=350&amp;height=223&amp;quality=85\" alt=\"CIUDAD DE M\u00c9XICO, 15JULIO2026.- Integrantes de Somos M\u00e9xico ofrecieron una rueda de prensa para anunciar la adhesi\u00f3n de Juli\u00e1n LeBar\u00f3n al proyecto pol\u00edtico, quien manifest\u00f3 su intenci\u00f3n de participar en el proceso por la gubernatura de Chihuahua. En la imagen: Juli\u00e1n LeBar\u00f3n, Guadalupe Acosta, presidente nacional de Somos M\u00e9xico; M\u00f3nica LeBar\u00f3n, Romeyno Guti\u00e9rrez, Alejandra Molina, secretaria de Inclusi\u00f3n; Marisol Proa\u00f1o Monarrez, V\u00edctor Vega y Johan Neufeld. FOTO: ESTRELLA JOSENTO\/CUARTOSCURO.COM\">CIUDAD DE M\u00c9XICO, 15JULIO2026.- Integrantes de Somos M\u00e9xico ofrecieron una rueda de prensa para anunciar la adhesi\u00f3n de Juli\u00e1n LeBar\u00f3n al proyecto pol\u00edtico, quien manifest\u00f3 su intenci\u00f3n de participar en el proceso por la gubernatura de Chihuahua. En la imagen: Juli\u00e1n LeBar\u00f3n, Guadalupe Acosta, presidente nacional de Somos M\u00e9xico; M\u00f3nica LeBar\u00f3n, Romeyno Guti\u00e9rrez, Alejandra Molina, secretaria de Inclusi\u00f3n; Marisol Proa\u00f1o Monarrez, V\u00edctor Vega y Johan Neufeld. FOTO: ESTRELLA JOSENTO\/CUARTOSCURO.COM<\/p>\n\n\n\n<p>La dirigente de&nbsp;<strong>Morena<\/strong>&nbsp;en el estado calific\u00f3 el momento de \u201cefervescencia electoral\u201d y asegur\u00f3 que el bloque se est\u00e1 poniendo de acuerdo. LeBar\u00f3n se perfila as\u00ed como una tercera opci\u00f3n en un mapa pol\u00edtico fragmentado.<\/p>\n\n\n\n<p><a href=\"https:\/\/www.infobae.com\/mexico\/2026\/07\/14\/era-empresario-del-ramo-farmaceutico-el-tirador-de-atlxcayotl-puebla\/\" target=\"_blank\" rel=\"noreferrer noopener\"><\/a><\/p>\n\n\n\n<figure class=\"wp-block-image\"><a class=\"recommended-card recommended-card--infobae recommended-card--first\" href=\"https:\/\/www.infobae.com\/mexico\/2026\/07\/14\/era-empresario-del-ramo-farmaceutico-el-tirador-de-atlxcayotl-puebla\/\" target=\"_blank\" rel=\"noreferrer noopener\"><img decoding=\"async\" src=\"https:\/\/www.infobae.com\/resizer\/v2\/N6DUHDM7NZFIFKMHKAJZRN5JEE.jpg?auth=27009da93e6281a32516550647cf79baecdf7c4fc2c1ffbdc4b2001a9c4eab74&amp;smart=true&amp;width=256&amp;height=140&amp;quality=85\" alt=\"Era empresario del ramo farmac\u00e9utico el tirador de Atlixc\u00e1yotl, Puebla\"\/><\/a><\/figure>\n\n\n\n<p><a href=\"https:\/\/www.infobae.com\/mexico\/2026\/07\/14\/era-empresario-del-ramo-farmaceutico-el-tirador-de-atlxcayotl-puebla\/\" target=\"_blank\" rel=\"noreferrer noopener\">Te puede interesar:<strong>Era empresario del ramo farmac\u00e9utico el tirador de Atlixc\u00e1yotl, Puebla<\/strong><\/a><a href=\"https:\/\/www.infobae.com\/mexico\/2026\/07\/14\/era-empresario-del-ramo-farmaceutico-el-tirador-de-atlxcayotl-puebla\/\" target=\"_blank\" rel=\"noreferrer noopener\"><\/a><\/p>\n\n\n\n<h2 class=\"wp-block-heading\" id=\"no-se-afiliara-al-partido\">No se afiliar\u00e1 al partido<\/h2>\n\n\n\n<p>Acosta Naranjo precis\u00f3 que la postulaci\u00f3n se formalizar\u00e1 \u201cen el momento procesal debido\u201d, conforme a los tiempos establecidos por la ley electoral. Subray\u00f3 que LeBar\u00f3n<strong>&nbsp;no deber\u00e1 afiliarse a la organizaci\u00f3n<\/strong>, pues se trata de una&nbsp;<strong>candidatura ciudadana&nbsp;<\/strong>con coincidencias ideol\u00f3gicas con el movimiento.<\/p>\n\n\n\n<p><\/p>\n\n\n\n<p>\u201cEste partido no es para nosotros, este partido es para ustedes\u201d, dijo Acosta Naranjo al presentar al activista. El dirigente sostuvo que Somos MX rechaza las campa\u00f1as anticipadas y actuar\u00e1 dentro del marco constitucional.<img decoding=\"async\" alt=\"CIUDAD DE M\u00c9XICO, 15JULIO2026.- Integrantes de Somos M\u00e9xico ofrecieron una rueda de prensa para anunciar la adhesi\u00f3n de Juli\u00e1n LeBar\u00f3n al proyecto pol\u00edtico, quien manifest\u00f3 su intenci\u00f3n de participar en el proceso por la gubernatura de Chihuahua. En la imagen: Juli\u00e1n LeBar\u00f3n, Guadalupe Acosta, presidente nacional de Somos M\u00e9xico; M\u00f3nica LeBar\u00f3n, Romeyno Guti\u00e9rrez, Alejandra Molina, secretaria de Inclusi\u00f3n; Marisol Proa\u00f1o Mon\u00e1rez, V\u00edctor Vega y Johan Neufeld. FOTO: ESTRELLA JOSENTO\/CUARTOSCURO.COM\" height=\"1809\" width=\"1920\" src=\"https:\/\/www.infobae.com\/resizer\/v2\/KEQF23HM7RDRFIMVOCVOKQHNDE.jpg?auth=2ea8b24c7e16b2a12f88d0d3a670257ab1378aa25f955ed02cecc093954fbbb5&amp;smart=true&amp;width=350&amp;height=330&amp;quality=85\">CIUDAD DE M\u00c9XICO, 15JULIO2026.- Integrantes de Somos M\u00e9xico ofrecieron una rueda de prensa para anunciar la adhesi\u00f3n de Juli\u00e1n LeBar\u00f3n al proyecto pol\u00edtico, quien manifest\u00f3 su intenci\u00f3n de participar en el proceso por la gubernatura de Chihuahua. En la imagen: Juli\u00e1n LeBar\u00f3n, Guadalupe Acosta, presidente nacional de Somos M\u00e9xico; M\u00f3nica LeBar\u00f3n, Romeyno Guti\u00e9rrez, Alejandra Molina, secretaria de Inclusi\u00f3n; Marisol Proa\u00f1o Mon\u00e1rez, V\u00edctor Vega y Johan Neufeld. FOTO: ESTRELLA JOSENTO\/CUARTOSCURO.COM<\/p>\n\n\n\n<p>LeBar\u00f3n explic\u00f3 su decisi\u00f3n de sumarse a un partido en lugar de ir como independiente en entrevista con Azucena Uresti:&nbsp;<strong>\u201cLos mexicanos odian a los pol\u00edticos, y por muy justa y muy buena raz\u00f3n. Nos han dejado en casi la total indefensi\u00f3n de la vida, de la libertad y la propiedad. Pero no hay nada sagrado en una candidatura independiente. Un independiente puede ser tan corrupto como cualquier pol\u00edtico\u201d.<\/strong>&nbsp;A\u00f1adi\u00f3 que ve a Somos MX \u201ccasi como un tanque de guerra, para no ir con una resortera\u201d.<\/p>\n\n\n\n<p><\/p>\n\n\n\n<p>El activista se\u00f1al\u00f3 que la decisi\u00f3n tambi\u00e9n tiene un componente familiar: su t\u00edo&nbsp;<strong>Adri\u00e1n LeBar\u00f3n<\/strong>&nbsp;forma parte de Somos MX, al igual que&nbsp;<strong>Emilio \u00c1lvarez Icaza<\/strong>, a quien describi\u00f3 como \u201cuno de mis grandes amigos de mil batallas, con el que caminamos por todo el pa\u00eds\u201d. Agradeci\u00f3 adem\u00e1s el respaldo de comunidades&nbsp;<strong>tarahumaras y menonitas<\/strong>, as\u00ed como de agricultores y transportistas. Ratific\u00f3 su respaldo a las Madres Buscadoras y a los colectivos de personas desaparecidas.<\/p>\n\n\n\n<h2 class=\"wp-block-heading\" id=\"amenazas-de-muerte-y-custodia-de-la-guardia-nacional\">Amenazas de muerte y custodia de la Guardia Nacional<\/h2>\n\n\n\n<p>LeBar\u00f3n revel\u00f3 durante la conferencia que ha recibido<strong>&nbsp;amenazas de muerte<\/strong>&nbsp;que obligaron a parte de su familia a abandonar el pa\u00eds. Inform\u00f3 que notific\u00f3 la situaci\u00f3n al secretario de Seguridad y Protecci\u00f3n Ciudadana,&nbsp;<strong>Omar Garc\u00eda Harfuch<\/strong>, quien orden\u00f3 que elementos de la&nbsp;<strong>Guardia Nacional<\/strong>&nbsp;reforzaran su protecci\u00f3n.<\/p>\n\n\n\n<p><img loading=\"lazy\" decoding=\"async\" height=\"1920\" width=\"1339\" src=\"https:\/\/www.infobae.com\/resizer\/v2\/D7OCCPMLYJHCDLR6MGD6KDNNBQ.jpg?auth=c9c4e634e8e5173a377dccb998184c2f85a4448481d21086b3109b64bc88ee70&amp;smart=true&amp;width=350&amp;height=502&amp;quality=85\" alt=\"CIUDAD DE M\u00c9XICO, 15JULIO2026.- Integrantes de Somos M\u00e9xico ofrecieron una rueda de prensa para anunciar la adhesi\u00f3n de Juli\u00e1n LeBar\u00f3n al proyecto pol\u00edtico, quien manifest\u00f3 su intenci\u00f3n de participar en el proceso por la gubernatura de Chihuahua. En la imagen: Juli\u00e1n LeBar\u00f3n. FOTO: ESTRELLA JOSENTO\/CUARTOSCURO.COM\">CIUDAD DE M\u00c9XICO, 15JULIO2026.- Integrantes de Somos M\u00e9xico ofrecieron una rueda de prensa para anunciar la adhesi\u00f3n de Juli\u00e1n LeBar\u00f3n al proyecto pol\u00edtico, quien manifest\u00f3 su intenci\u00f3n de participar en el proceso por la gubernatura de Chihuahua. En la imagen: Juli\u00e1n LeBar\u00f3n. FOTO: ESTRELLA JOSENTO\/CUARTOSCURO.COM<\/p>\n\n\n\n<p>El activista centr\u00f3 su agenda en la defensa de la vida, la libertad y la propiedad en los 67 municipios de Chihuahua.<\/p>\n\n\n\n<p>Sostuvo que, aunque mantiene comunicaci\u00f3n con la gobernadora&nbsp;<strong>Maru Campos<\/strong>, persisten problemas de seguridad que considera necesario atender con mayor firmeza.<\/p>\n\n\n\n<p>Se\u00f1al\u00f3 que en el estado \u201ces muy dif\u00edcil moverte de un lugar a otro por cuestiones de seguridad\u201d, y que no hay protecci\u00f3n suficiente ni siquiera para los ni\u00f1os.<\/p>\n\n\n\n<p><\/p>\n\n\n\n<h2 class=\"wp-block-heading\" id=\"familias-lebaron-piden-embargar-activos-de-el-mayo-zambada\">Familias LeBar\u00f3n piden embargar activos de El Mayo Zambada<\/h2>\n\n\n\n<p>En paralelo al anuncio pol\u00edtico, el despacho&nbsp;<strong>Motley Rice LLC<\/strong>&nbsp;present\u00f3 el 15 de julio ante el juez federal&nbsp;<strong>Brian M. Cogan<\/strong>, del Tribunal Federal del Distrito Este de Nueva York, una solicitud para que los activos bloqueados de&nbsp;<strong>Ismael \u201cEl Mayo\u201d Zambada<\/strong>&nbsp;respondan por la sentencia de 2022 que integrantes de la familia LeBar\u00f3n obtuvieron contra el C\u00e1rtel de Ju\u00e1rez.<img loading=\"lazy\" decoding=\"async\" alt=\"Ilustraci\u00f3n en acuarela de una sala de juicio con un hombre sentado a la izquierda y un juez a la derecha, con una bandera de EEUU al fondo.\" height=\"1536\" width=\"2752\" src=\"https:\/\/www.infobae.com\/resizer\/v2\/MKGEDNDZMNCI3CTKYY6FH2EHDQ.png?auth=1f9a8ad8a2cd1404263f9cc185d6ad44c5e863f877bdb74e43bd31131d569113&amp;smart=true&amp;width=350&amp;height=195&amp;quality=85\">Una ilustraci\u00f3n en acuarela muestra a Ismael \u00abEl Mayo\u00bb Zambada sentado en el lado izquierdo de una sala de juicio de EEUU, mientras el juez Brian Cogan preside desde el estrado con una bandera estadounidense de fondo. (Imagen Ilustrativa Infobae)<\/p>\n\n\n\n<p>La petici\u00f3n se apoya en la Ley de Seguro contra Riesgos del Terrorismo de 2002 (TRIA), que permite a v\u00edctimas de terrorismo ejecutar sentencias contra bienes congelados de organizaciones sancionadas. El acuerdo de culpabilidad de Zambada incluye la confiscaci\u00f3n de 15,000 millones de d\u00f3lares.<\/p>\n\n\n\n<p><\/p>\n\n\n\n<p>El despacho acus\u00f3 que el gobierno de Estados Unidos present\u00f3 el 13 de julio una propuesta de Orden de Decomiso que dirigir\u00eda todos los pagos directamente a la Secci\u00f3n de Decomiso de Activos de la Oficina del Fiscal Federal para el Distrito Este de Nueva York, excluyendo a las familias. El abogado&nbsp;<strong>John M. Eubanks<\/strong>&nbsp;se\u00f1al\u00f3 que esa propuesta \u201cprecisamente eliminar\u00eda la oportunidad\u201d que el propio juez Cogan hab\u00eda garantizado a las v\u00edctimas.<\/p>\n\n\n\n<p>Las familias formularon&nbsp;<strong>cinco peticiones al juez<\/strong>: una orden preliminar de decomiso antes del 20 de julio; acceso al estado financiero de Zambada requerido por su acuerdo de culpabilidad; una copia de ese documento; la garant\u00eda de que sus derechos bajo la TRIA no se ver\u00edan afectados; y notificaci\u00f3n oportuna sobre cualquier pago recibido o bien identificado para cubrir la sentencia.<\/p>\n\n\n\n<p><\/p>\n\n\n\n<p>La masacre del&nbsp;<strong>4 de noviembre de 2019<\/strong>&nbsp;\u2014atribuida a La L\u00ednea, brazo armado del C\u00e1rtel de Ju\u00e1rez\u2014 dej\u00f3 nueve muertos: las mujeres Christina Marie Langford Johnson, Dawna Ray Langford y Rhonita Maria Miller, y seis menores de edad. Ese crimen marc\u00f3 el inicio del activismo p\u00fablico de Juli\u00e1n LeBar\u00f3n y de su familia en los movimientos de v\u00edctimas de la violencia en M\u00e9xico.<\/p>\n\n\n\n<p>Fuente: <a href=\"https:\/\/www.infobae.com\/mexico\/2026\/07\/16\/julian-lebaron-buscara-la-gubernatura-de-chihuahua-en-2027-con-somos-mx-pese-a-amenazas-de-muerte\/\">https:\/\/www.infobae.com\/mexico\/2026\/07\/16\/julian-lebaron-buscara-la-gubernatura-de-chihuahua-en-2027-con-somos-mx-pese-a-amenazas-de-muerte\/<\/a><\/p>\n","protected":false},"excerpt":{"rendered":"<p>El tambi\u00e9n activista afirm\u00f3 que no tendr\u00e1 que afiliarse al partido y su candidatura ser\u00e1 ciudadana Por Anayeli Tapia Sandoval [&hellip;]<\/p>\n","protected":false},"author":1,"featured_media":126608,"comment_status":"open","ping_status":"open","sticky":false,"template":"","format":"standard","meta":{"site-sidebar-layout":"default","site-content-layout":"","ast-site-content-layout":"default","site-content-style":"default","site-sidebar-style":"default","ast-global-header-display":"","ast-banner-title-visibility":"","ast-main-header-display":"","ast-hfb-above-header-display":"","ast-hfb-below-header-display":"","ast-hfb-mobile-header-display":"","site-post-title":"","ast-breadcrumbs-content":"","ast-featured-img":"","footer-sml-layout":"","theme-transparent-header-meta":"","adv-header-id-meta":"","stick-header-meta":"","header-above-stick-meta":"","header-main-stick-meta":"","header-below-stick-meta":"","astra-migrate-meta-layouts":"default","ast-page-background-enabled":"default","ast-page-background-meta":{"desktop":{"background-color":"var(--ast-global-color-4)","background-image":"","background-repeat":"repeat","background-position":"center center","background-size":"auto","background-attachment":"scroll","background-type":"","background-media":"","overlay-type":"","overlay-color":"","overlay-opacity":"","overlay-gradient":""},"tablet":{"background-color":"","background-image":"","background-repeat":"repeat","background-position":"center center","background-size":"auto","background-attachment":"scroll","background-type":"","background-media":"","overlay-type":"","overlay-color":"","overlay-opacity":"","overlay-gradient":""},"mobile":{"background-color":"","background-image":"","background-repeat":"repeat","background-position":"center center","background-size":"auto","background-attachment":"scroll","background-type":"","background-media":"","overlay-type":"","overlay-color":"","overlay-opacity":"","overlay-gradient":""}},"ast-content-background-meta":{"desktop":{"background-color":"var(--ast-global-color-5)","background-image":"","background-repeat":"repeat","background-position":"center center","background-size":"auto","background-attachment":"scroll","background-type":"","background-media":"","overlay-type":"","overlay-color":"","overlay-opacity":"","overlay-gradient":""},"tablet":{"background-color":"var(--ast-global-color-5)","background-image":"","background-repeat":"repeat","background-position":"center center","background-size":"auto","background-attachment":"scroll","background-type":"","background-media":"","overlay-type":"","overlay-color":"","overlay-opacity":"","overlay-gradient":""},"mobile":{"background-color":"var(--ast-global-color-5)","background-image":"","background-repeat":"repeat","background-position":"center center","background-size":"auto","background-attachment":"scroll","background-type":"","background-media":"","overlay-type":"","overlay-color":"","overlay-opacity":"","overlay-gradient":""}},"footnotes":""},"categories":[8],"tags":[51266,51267,50673],"class_list":["post-126607","post","type-post","status-publish","format-standard","has-post-thumbnail","hentry","category-noticias","tag-elecciones-chihuahua","tag-julian-lebaron","tag-somos-mx"],"_links":{"self":[{"href":"https:\/\/losperiodistas.com.mx\/portal\/wp-json\/wp\/v2\/posts\/126607","targetHints":{"allow":["GET"]}}],"collection":[{"href":"https:\/\/losperiodistas.com.mx\/portal\/wp-json\/wp\/v2\/posts"}],"about":[{"href":"https:\/\/losperiodistas.com.mx\/portal\/wp-json\/wp\/v2\/types\/post"}],"author":[{"embeddable":true,"href":"https:\/\/losperiodistas.com.mx\/portal\/wp-json\/wp\/v2\/users\/1"}],"replies":[{"embeddable":true,"href":"https:\/\/losperiodistas.com.mx\/portal\/wp-json\/wp\/v2\/comments?post=126607"}],"version-history":[{"count":1,"href":"https:\/\/losperiodistas.com.mx\/portal\/wp-json\/wp\/v2\/posts\/126607\/revisions"}],"predecessor-version":[{"id":126609,"href":"https:\/\/losperiodistas.com.mx\/portal\/wp-json\/wp\/v2\/posts\/126607\/revisions\/126609"}],"wp:featuredmedia":[{"embeddable":true,"href":"https:\/\/losperiodistas.com.mx\/portal\/wp-json\/wp\/v2\/media\/126608"}],"wp:attachment":[{"href":"https:\/\/losperiodistas.com.mx\/portal\/wp-json\/wp\/v2\/media?parent=126607"}],"wp:term":[{"taxonomy":"category","embeddable":true,"href":"https:\/\/losperiodistas.com.mx\/portal\/wp-json\/wp\/v2\/categories?post=126607"},{"taxonomy":"post_tag","embeddable":true,"href":"https:\/\/losperiodistas.com.mx\/portal\/wp-json\/wp\/v2\/tags?post=126607"}],"curies":[{"name":"wp","href":"https:\/\/api.w.org\/{rel}","templated":true}]}}