{"id":126601,"date":"2026-07-15T23:23:08","date_gmt":"2026-07-16T05:23:08","guid":{"rendered":"https:\/\/losperiodistas.com.mx\/portal\/?p=126601"},"modified":"2026-07-15T23:23:10","modified_gmt":"2026-07-16T05:23:10","slug":"tren-interoceanico-vuelve-a-descarrilar-en-oaxaca-el-pais","status":"publish","type":"post","link":"https:\/\/losperiodistas.com.mx\/portal\/tren-interoceanico-vuelve-a-descarrilar-en-oaxaca-el-pais\/","title":{"rendered":"Tren Interoce\u00e1nico vuelve a descarrilar en Oaxaca | El Pa\u00eds"},"content":{"rendered":"\n<p>Las autoridades informan de que ninguna persona ha resultado lesionada en el accidente en Asunci\u00f3n Ixtaltepec, en el mismo tramo donde otro tren se sali\u00f3 de las v\u00edas hace medio a\u00f1o dejando 14 muertos y un centenar de heridos<\/p>\n\n\n\n<figure class=\"wp-block-image size-large\"><img fetchpriority=\"high\" decoding=\"async\" width=\"1024\" height=\"576\" src=\"https:\/\/losperiodistas.com.mx\/portal\/wp-content\/uploads\/2026\/07\/TrenInteroceanico-1024x576.png\" alt=\"\" class=\"wp-image-126602\" srcset=\"https:\/\/losperiodistas.com.mx\/portal\/wp-content\/uploads\/2026\/07\/TrenInteroceanico-1024x576.png 1024w, https:\/\/losperiodistas.com.mx\/portal\/wp-content\/uploads\/2026\/07\/TrenInteroceanico-300x169.png 300w, https:\/\/losperiodistas.com.mx\/portal\/wp-content\/uploads\/2026\/07\/TrenInteroceanico-768x432.png 768w, https:\/\/losperiodistas.com.mx\/portal\/wp-content\/uploads\/2026\/07\/TrenInteroceanico.png 1358w\" sizes=\"(max-width: 1024px) 100vw, 1024px\" \/><figcaption class=\"wp-element-caption\">Tren Interoce\u00e1nico descarrila en Oaxaca, la noche de este martes.<\/figcaption><\/figure>\n\n\n\n<p class=\"has-vivid-red-color has-text-color has-link-color wp-elements-d83a31a54114fb3b7a2ac46766891efb\">Rodrigo Soriano \/ El Pa\u00eds<\/p>\n\n\n\n<p>El Tren Interoce\u00e1nico que recorre el\u00a0Istmo de Tehuantepec descarril\u00f3\u00a0de nuevo en la noche del martes cerca del municipio de Asunci\u00f3n Ixtaltepec, en el sureste del Estado de Oaxaca, ha informado este mi\u00e9rcoles la Secretar\u00eda de Marina en un comunicado. \u201cEl evento no dej\u00f3 personas lesionadas ni afectaciones a la poblaci\u00f3n\u201d, ha indicado la autoridad, que ha asegurado que iniciaron los protocolos de seguridad de manera inmediata.<\/p>\n\n\n\n<p>Lo ocurrido reabre la herida del descarrilamiento que el mismo tren tuvo en el mismo tramo a finales del pasado mes de diciembre, hace poco m\u00e1s de seis meses y que dej\u00f3\u00a0al menos 14 personas fallecidas y m\u00e1s de un centenar de heridos.<\/p>\n\n\n\n<p>La Marina recalca en su comunicado que las locomotoras y el resto del convoy ya han sido retirados de la zona del accidente \u201cde manera segura\u201d. \u201cEl Ferrocarril del Istmo de Tehuantepec realiza la revisi\u00f3n t\u00e9cnica correspondiente para determinar las causas; la operaci\u00f3n contin\u00faa con normalidad\u201d, sentencia la nota. Una de las im\u00e1genes difundidas en redes muestra uno de los vagones tumbado y con los ejes separados; otra de ellas refleja el descarrilamiento de otro de los vagones.<\/p>\n\n\n\n<p>El descarrilamiento de diciembre ocurri\u00f3 tambi\u00e9n en esa zona monta\u00f1osa entre las comunidades de Nizanda y Chivela. Uno de los cuatro vagones de pasajeros cay\u00f3 por un barranco de seis metros, mientras que el otro qued\u00f3 semisuspendido. Hab\u00eda 250 personas a bordo del ferrocarril en aquel momento, fueron 14 de ellas las que perdieron la vida.<\/p>\n\n\n\n<p>Las autoridades detuvieron un mes despu\u00e9s al maquinista y al jefe de despachadores del veh\u00edculo \u2014encargado de supervisar el movimiento de los trenes\u2014. La Fiscal\u00eda General de la Rep\u00fablica (FGR) atribuy\u00f3 el accidente al exceso de velocidad, el ferrocarril viajaba a 65 kil\u00f3metros por hora, 15 por encima del l\u00edmite permitido en ese punto del recorrido, y se\u00f1al\u00f3 a algunos trabajadores como presuntos responsables al no tener sus licencias ferroviarias vigentes. Los supervivientes contaron en las semanas posteriores que sintieron que el tren \u201ciba muy fuerte\u201d.<\/p>\n\n\n\n<p>El Corredor Interoce\u00e1nico del Istmo de Tehuantepec naci\u00f3 como uno de los megaproyectos del expresidente Andr\u00e9s Manuel L\u00f3pez Obrador (2018-2024). La estructura ferroviaria ten\u00eda una vocaci\u00f3n concreta, la de disputar\u00a0el mercado del transporte de mercanc\u00edas entre el oc\u00e9ano Atl\u00e1ntico y el Pac\u00edfico con el Canal de Panam\u00e1.<\/p>\n\n\n\n<p>El descarrilamiento de este mi\u00e9rcoles, al igual que el accidente de diciembre, ha ocurrido en la l\u00ednea Z, la l\u00ednea principal de las tres rehabilitadas, que, con un total de 308 kil\u00f3metros, une a Coatzacoalcos, en Veracruz, con Salina Cruz, en Oaxaca.<\/p>\n\n\n\n<p>Fuente: <a href=\"https:\/\/elpais.com\/mexico\/2026-07-15\/el-tren-interoceanico-vuelve-a-descarrilar-en-oaxaca.html\" target=\"_blank\" rel=\"noreferrer noopener\">El Pa\u00eds<\/a><\/p>\n","protected":false},"excerpt":{"rendered":"<p>Las autoridades informan de que ninguna persona ha resultado lesionada en el accidente en Asunci\u00f3n Ixtaltepec, en el mismo tramo donde otro tren se sali\u00f3 de las v\u00edas hace medio a\u00f1o dejando 14 muertos y un centenar de heridos<\/p>\n","protected":false},"author":1,"featured_media":126602,"comment_status":"open","ping_status":"open","sticky":false,"template":"","format":"standard","meta":{"site-sidebar-layout":"default","site-content-layout":"","ast-site-content-layout":"default","site-content-style":"default","site-sidebar-style":"default","ast-global-header-display":"","ast-banner-title-visibility":"","ast-main-header-display":"","ast-hfb-above-header-display":"","ast-hfb-below-header-display":"","ast-hfb-mobile-header-display":"","site-post-title":"","ast-breadcrumbs-content":"","ast-featured-img":"","footer-sml-layout":"","theme-transparent-header-meta":"","adv-header-id-meta":"","stick-header-meta":"","header-above-stick-meta":"","header-main-stick-meta":"","header-below-stick-meta":"","astra-migrate-meta-layouts":"default","ast-page-background-enabled":"default","ast-page-background-meta":{"desktop":{"background-color":"var(--ast-global-color-4)","background-image":"","background-repeat":"repeat","background-position":"center center","background-size":"auto","background-attachment":"scroll","background-type":"","background-media":"","overlay-type":"","overlay-color":"","overlay-opacity":"","overlay-gradient":""},"tablet":{"background-color":"","background-image":"","background-repeat":"repeat","background-position":"center center","background-size":"auto","background-attachment":"scroll","background-type":"","background-media":"","overlay-type":"","overlay-color":"","overlay-opacity":"","overlay-gradient":""},"mobile":{"background-color":"","background-image":"","background-repeat":"repeat","background-position":"center center","background-size":"auto","background-attachment":"scroll","background-type":"","background-media":"","overlay-type":"","overlay-color":"","overlay-opacity":"","overlay-gradient":""}},"ast-content-background-meta":{"desktop":{"background-color":"var(--ast-global-color-5)","background-image":"","background-repeat":"repeat","background-position":"center center","background-size":"auto","background-attachment":"scroll","background-type":"","background-media":"","overlay-type":"","overlay-color":"","overlay-opacity":"","overlay-gradient":""},"tablet":{"background-color":"var(--ast-global-color-5)","background-image":"","background-repeat":"repeat","background-position":"center center","background-size":"auto","background-attachment":"scroll","background-type":"","background-media":"","overlay-type":"","overlay-color":"","overlay-opacity":"","overlay-gradient":""},"mobile":{"background-color":"var(--ast-global-color-5)","background-image":"","background-repeat":"repeat","background-position":"center center","background-size":"auto","background-attachment":"scroll","background-type":"","background-media":"","overlay-type":"","overlay-color":"","overlay-opacity":"","overlay-gradient":""}},"footnotes":""},"categories":[8],"tags":[51265,51264,6297,18078],"class_list":["post-126601","post","type-post","status-publish","format-standard","has-post-thumbnail","hentry","category-noticias","tag-asuncion-ixtaltepec","tag-descarrila","tag-oaxaca","tag-tren-interoceanico"],"_links":{"self":[{"href":"https:\/\/losperiodistas.com.mx\/portal\/wp-json\/wp\/v2\/posts\/126601","targetHints":{"allow":["GET"]}}],"collection":[{"href":"https:\/\/losperiodistas.com.mx\/portal\/wp-json\/wp\/v2\/posts"}],"about":[{"href":"https:\/\/losperiodistas.com.mx\/portal\/wp-json\/wp\/v2\/types\/post"}],"author":[{"embeddable":true,"href":"https:\/\/losperiodistas.com.mx\/portal\/wp-json\/wp\/v2\/users\/1"}],"replies":[{"embeddable":true,"href":"https:\/\/losperiodistas.com.mx\/portal\/wp-json\/wp\/v2\/comments?post=126601"}],"version-history":[{"count":1,"href":"https:\/\/losperiodistas.com.mx\/portal\/wp-json\/wp\/v2\/posts\/126601\/revisions"}],"predecessor-version":[{"id":126603,"href":"https:\/\/losperiodistas.com.mx\/portal\/wp-json\/wp\/v2\/posts\/126601\/revisions\/126603"}],"wp:featuredmedia":[{"embeddable":true,"href":"https:\/\/losperiodistas.com.mx\/portal\/wp-json\/wp\/v2\/media\/126602"}],"wp:attachment":[{"href":"https:\/\/losperiodistas.com.mx\/portal\/wp-json\/wp\/v2\/media?parent=126601"}],"wp:term":[{"taxonomy":"category","embeddable":true,"href":"https:\/\/losperiodistas.com.mx\/portal\/wp-json\/wp\/v2\/categories?post=126601"},{"taxonomy":"post_tag","embeddable":true,"href":"https:\/\/losperiodistas.com.mx\/portal\/wp-json\/wp\/v2\/tags?post=126601"}],"curies":[{"name":"wp","href":"https:\/\/api.w.org\/{rel}","templated":true}]}}