{"id":126594,"date":"2026-07-15T21:44:54","date_gmt":"2026-07-16T03:44:54","guid":{"rendered":"https:\/\/losperiodistas.com.mx\/portal\/?p=126594"},"modified":"2026-07-17T05:26:02","modified_gmt":"2026-07-17T11:26:02","slug":"un-gran-operativo-y-2-mil-horas-de-trabajo-para-la-captura-del-tirador-de-la-atlixcayotl-en-pueblan-reporteindigo","status":"publish","type":"post","link":"https:\/\/losperiodistas.com.mx\/portal\/un-gran-operativo-y-2-mil-horas-de-trabajo-para-la-captura-del-tirador-de-la-atlixcayotl-en-pueblan-reporteindigo\/","title":{"rendered":"Un gran operativo y 2 mil horas de trabajo para la captura del tirador de la Atlixc\u00e1yotl en Pueblan | ReporteIndigo"},"content":{"rendered":"\n<p>Durante la detenci\u00f3n de Rafael \u201cN\u201d, los elementos de seguridad p\u00fablica fueron recibidos con tiros, pero el trabajo oportuno permiti\u00f3 que no hubiera derramamiento de sangre<\/p>\n\n\n\n<figure class=\"wp-block-image size-full\"><img fetchpriority=\"high\" decoding=\"async\" width=\"650\" height=\"90\" src=\"https:\/\/losperiodistas.com.mx\/portal\/wp-content\/uploads\/2026\/07\/Anuncio-CGCYAD-1_650x90-CGCYAD-1.jpg\" alt=\"\" class=\"wp-image-126686\" srcset=\"https:\/\/losperiodistas.com.mx\/portal\/wp-content\/uploads\/2026\/07\/Anuncio-CGCYAD-1_650x90-CGCYAD-1.jpg 650w, https:\/\/losperiodistas.com.mx\/portal\/wp-content\/uploads\/2026\/07\/Anuncio-CGCYAD-1_650x90-CGCYAD-1-300x42.jpg 300w\" sizes=\"(max-width: 650px) 100vw, 650px\" \/><\/figure>\n\n\n\n<figure class=\"wp-block-image size-large\"><img decoding=\"async\" width=\"1024\" height=\"644\" src=\"https:\/\/losperiodistas.com.mx\/portal\/wp-content\/uploads\/2026\/07\/ArmentaEsfuerzoCoordinado-1024x644.jpeg\" alt=\"\" class=\"wp-image-126595\" srcset=\"https:\/\/losperiodistas.com.mx\/portal\/wp-content\/uploads\/2026\/07\/ArmentaEsfuerzoCoordinado-1024x644.jpeg 1024w, https:\/\/losperiodistas.com.mx\/portal\/wp-content\/uploads\/2026\/07\/ArmentaEsfuerzoCoordinado-300x189.jpeg 300w, https:\/\/losperiodistas.com.mx\/portal\/wp-content\/uploads\/2026\/07\/ArmentaEsfuerzoCoordinado-768x483.jpeg 768w, https:\/\/losperiodistas.com.mx\/portal\/wp-content\/uploads\/2026\/07\/ArmentaEsfuerzoCoordinado.jpeg 1280w\" sizes=\"(max-width: 1024px) 100vw, 1024px\" \/><figcaption class=\"wp-element-caption\">El gobernador de Puebla asegur\u00f3 que ning\u00fan delito quedar\u00e1 impune y que se realiz\u00f3 un gran operativo para detener a Rafael \u00abN\u00bb<\/figcaption><\/figure>\n\n\n\n<p class=\"has-vivid-red-color has-text-color has-link-color wp-elements-261c43e91f32a185b3f648d84dac76e0\">\u00c1ngela Ch\u00e1vez \/ Reporte \u00cdndigo<\/p>\n\n\n\n<p>El gobierno de Puebla dio detalles de la detenci\u00f3n de <strong>Rafael \u201cN\u201d, presunto tirador de la v\u00eda Atlixc\u00e1yotl<\/strong>, una de las principales v\u00edas del estado, en una conferencia realizada en las oficinas estatales en Ciudad de M\u00e9xico en la que se detall\u00f3 que trabajaron 2 mil horas. El vicealmirante Francisco S\u00e1nchez Gonz\u00e1lez, secretario de Seguridad P\u00fablica, detall\u00f3 que <strong>los ataques comenzaron desde abril e inmediatamente empezaron las investigaciones.<\/strong><\/p>\n\n\n\n<p>\u201cEn abril comenzamos a tener reportes de una persona que disparaba a veh\u00edculos sobre la avenida Atlixc\u00e1yotl, y empezamos a implementar <strong>un operativo importante en el que participaron los tres \u00f3rdenes de gobierno<\/strong>, autoridades federales, como Marina, Sedena, Guardia Nacional, polic\u00eda estatal y las polic\u00edas municipales\u2026 Utilizamos binomios tierra-aire y tecnolog\u00eda de punta\u201d, se\u00f1al\u00f3 el funcionario.<\/p>\n\n\n\n<p>El vicealmirante tambi\u00e9n detall\u00f3 que se hizo una recopilaci\u00f3n de la informaci\u00f3n para dar con el responsable de los ataques, <strong>c\u00f3mo el patr\u00f3n de conducta, el armamento que utilizaba as\u00ed como la identidad que ten\u00edan que confirmar. Al mismo tiempo reconoci\u00f3 el trabajo de la Fiscal\u00eda<\/strong> y de los elementos de la Secretar\u00eda de Seguridad P\u00fablica, sobre todo del \u00e1rea de inteligencia.<\/p>\n\n\n\n<p>El funcionario resalt\u00f3 que durante la detenci\u00f3n <strong>los elementos de seguridad p\u00fablica fueron recibidos con tiros<\/strong>, pero que el trabajo oportuno permiti\u00f3 que no hubiera derramamiento de sangre.<\/p>\n\n\n\n<p>Por su parte el gobernador, Alejandro Armenta destac\u00f3 el trabajo realizado para la detenci\u00f3n del tirador<strong>: \u201cSe trabaj\u00f3 con pulcritud, servicios de inteligencia especializados<\/strong>, es la diferencia de tener equipos profesionales altamente capacitados, tenemos el binomio de helic\u00f3pteros y tierra\u201d.<\/p>\n\n\n\n<p>Resalt\u00f3 que en estos 600 d\u00edas de gobierno se han hecho aseguramientos, desmantelamientos, centros de extracci\u00f3n de combustible, se ha acompa\u00f1ado las labores de seguridad en la autopista, entre otros.<\/p>\n\n\n\n<p>El gobernador Armenta tambi\u00e9n afirm\u00f3 que en <strong>la entidad se aplica la ley con rigor<\/strong> y que quien cometa un delito enfrentar\u00e1 las consecuencias frente a la ley \u201csea quien sea\u201d.<\/p>\n\n\n\n<p>Por otro lado, <strong>Idamis Pastor Betancourt, Fiscal General del estado<\/strong>, dijo en su intervenci\u00f3n que la Fiscal\u00eda general del estado en coordinaci\u00f3n con la inteligencia de seguridad p\u00fablica del estado se logr\u00f3 la identificaci\u00f3n y detenci\u00f3n de Rafael \u201cN\u201d, presunto tirador de la v\u00eda Atlixc\u00e1yotl.<\/p>\n\n\n\n<p>En la investigaci\u00f3n cient\u00edfica se cont\u00f3 con la <strong>reconstrucci\u00f3n de los hechos, an\u00e1lisis integral de informaci\u00f3n, inspecci\u00f3n criminal\u00edstica, reconstrucci\u00f3n pericial 3D e inteligencia criminal <\/strong>y ejecuci\u00f3n de los mandamientos judiciales.<\/p>\n\n\n\n<p>La fiscal general tambi\u00e9n detall\u00f3 que la detenci\u00f3n de Rafael \u201cN\u201d se logr\u00f3 durante un operativo coordinado por la FGE, con participaci\u00f3n de la SSP y el apoyo de la Secretar\u00eda de Defensa Nacional para cumplimentar una orden de aprehensi\u00f3n y ejecutar la orden de cateo autorizada por la autoridad judicial en un inmueble ubicado en el <strong>fraccionamiento Santa Fe, en San Andr\u00e9s Cholula.<\/strong><\/p>\n\n\n\n<p>Pastor Betancourt detall\u00f3 que trabajaron <strong>alrededor de 2 mil horas<\/strong> para que no quedara impune el delito que se estaba cometiendo contra los poblanos.<\/p>\n\n\n\n<p>Fuente: <a href=\"https:\/\/www.reporteindigo.com\/nacional\/un-gran-operativo-y-2-mil-horas-de-trabajo-para-la-captura-del-tirador-de-la-avenida-atlixcayotl-en-puebla-20260715-0096.html\" target=\"_blank\" rel=\"noreferrer noopener\">Reporte \u00cdndigo<\/a><\/p>\n\n\n\n<p><\/p>\n","protected":false},"excerpt":{"rendered":"<p>Durante la detenci\u00f3n de Rafael \u201cN\u201d, los elementos de seguridad p\u00fablica fueron recibidos con tiros, pero el trabajo oportuno permiti\u00f3 [&hellip;]<\/p>\n","protected":false},"author":1,"featured_media":126595,"comment_status":"open","ping_status":"open","sticky":false,"template":"","format":"standard","meta":{"site-sidebar-layout":"default","site-content-layout":"","ast-site-content-layout":"default","site-content-style":"default","site-sidebar-style":"default","ast-global-header-display":"","ast-banner-title-visibility":"","ast-main-header-display":"","ast-hfb-above-header-display":"","ast-hfb-below-header-display":"","ast-hfb-mobile-header-display":"","site-post-title":"","ast-breadcrumbs-content":"","ast-featured-img":"","footer-sml-layout":"","theme-transparent-header-meta":"","adv-header-id-meta":"","stick-header-meta":"","header-above-stick-meta":"","header-main-stick-meta":"","header-below-stick-meta":"","astra-migrate-meta-layouts":"default","ast-page-background-enabled":"default","ast-page-background-meta":{"desktop":{"background-color":"var(--ast-global-color-4)","background-image":"","background-repeat":"repeat","background-position":"center center","background-size":"auto","background-attachment":"scroll","background-type":"","background-media":"","overlay-type":"","overlay-color":"","overlay-opacity":"","overlay-gradient":""},"tablet":{"background-color":"","background-image":"","background-repeat":"repeat","background-position":"center center","background-size":"auto","background-attachment":"scroll","background-type":"","background-media":"","overlay-type":"","overlay-color":"","overlay-opacity":"","overlay-gradient":""},"mobile":{"background-color":"","background-image":"","background-repeat":"repeat","background-position":"center center","background-size":"auto","background-attachment":"scroll","background-type":"","background-media":"","overlay-type":"","overlay-color":"","overlay-opacity":"","overlay-gradient":""}},"ast-content-background-meta":{"desktop":{"background-color":"var(--ast-global-color-5)","background-image":"","background-repeat":"repeat","background-position":"center center","background-size":"auto","background-attachment":"scroll","background-type":"","background-media":"","overlay-type":"","overlay-color":"","overlay-opacity":"","overlay-gradient":""},"tablet":{"background-color":"var(--ast-global-color-5)","background-image":"","background-repeat":"repeat","background-position":"center center","background-size":"auto","background-attachment":"scroll","background-type":"","background-media":"","overlay-type":"","overlay-color":"","overlay-opacity":"","overlay-gradient":""},"mobile":{"background-color":"var(--ast-global-color-5)","background-image":"","background-repeat":"repeat","background-position":"center center","background-size":"auto","background-attachment":"scroll","background-type":"","background-media":"","overlay-type":"","overlay-color":"","overlay-opacity":"","overlay-gradient":""}},"footnotes":""},"categories":[8],"tags":[51258,2127,6367,51259,3262,50582],"class_list":["post-126594","post","type-post","status-publish","format-standard","has-post-thumbnail","hentry","category-noticias","tag-gran-operativo","tag-guardia-nacional","tag-marina","tag-rafael-n","tag-sedena","tag-tirador-de-la-atlixcayotl"],"_links":{"self":[{"href":"https:\/\/losperiodistas.com.mx\/portal\/wp-json\/wp\/v2\/posts\/126594","targetHints":{"allow":["GET"]}}],"collection":[{"href":"https:\/\/losperiodistas.com.mx\/portal\/wp-json\/wp\/v2\/posts"}],"about":[{"href":"https:\/\/losperiodistas.com.mx\/portal\/wp-json\/wp\/v2\/types\/post"}],"author":[{"embeddable":true,"href":"https:\/\/losperiodistas.com.mx\/portal\/wp-json\/wp\/v2\/users\/1"}],"replies":[{"embeddable":true,"href":"https:\/\/losperiodistas.com.mx\/portal\/wp-json\/wp\/v2\/comments?post=126594"}],"version-history":[{"count":2,"href":"https:\/\/losperiodistas.com.mx\/portal\/wp-json\/wp\/v2\/posts\/126594\/revisions"}],"predecessor-version":[{"id":126687,"href":"https:\/\/losperiodistas.com.mx\/portal\/wp-json\/wp\/v2\/posts\/126594\/revisions\/126687"}],"wp:featuredmedia":[{"embeddable":true,"href":"https:\/\/losperiodistas.com.mx\/portal\/wp-json\/wp\/v2\/media\/126595"}],"wp:attachment":[{"href":"https:\/\/losperiodistas.com.mx\/portal\/wp-json\/wp\/v2\/media?parent=126594"}],"wp:term":[{"taxonomy":"category","embeddable":true,"href":"https:\/\/losperiodistas.com.mx\/portal\/wp-json\/wp\/v2\/categories?post=126594"},{"taxonomy":"post_tag","embeddable":true,"href":"https:\/\/losperiodistas.com.mx\/portal\/wp-json\/wp\/v2\/tags?post=126594"}],"curies":[{"name":"wp","href":"https:\/\/api.w.org\/{rel}","templated":true}]}}