{"id":126591,"date":"2026-07-15T21:28:23","date_gmt":"2026-07-16T03:28:23","guid":{"rendered":"https:\/\/losperiodistas.com.mx\/portal\/?p=126591"},"modified":"2026-07-15T21:28:25","modified_gmt":"2026-07-16T03:28:25","slug":"eeuu-lanzo-nueva-oleada-de-90-minutos-de-ataques-contra-iran-dw","status":"publish","type":"post","link":"https:\/\/losperiodistas.com.mx\/portal\/eeuu-lanzo-nueva-oleada-de-90-minutos-de-ataques-contra-iran-dw\/","title":{"rendered":"EEUU lanz\u00f3 nueva oleada de 90 minutos de ataques contra Ir\u00e1n | DW"},"content":{"rendered":"\n<p>Entre los objetivos hab\u00eda plataformas costeras y de lanzamiento de misiles, sistemas de defensa y dep\u00f3sitos, inform\u00f3 el Comando Central estadounidense.<\/p>\n\n\n\n<figure class=\"wp-block-image size-large\"><img fetchpriority=\"high\" decoding=\"async\" width=\"1024\" height=\"489\" src=\"https:\/\/losperiodistas.com.mx\/portal\/wp-content\/uploads\/2026\/07\/Cazas-1024x489.png\" alt=\"\" class=\"wp-image-126592\" srcset=\"https:\/\/losperiodistas.com.mx\/portal\/wp-content\/uploads\/2026\/07\/Cazas-1024x489.png 1024w, https:\/\/losperiodistas.com.mx\/portal\/wp-content\/uploads\/2026\/07\/Cazas-300x143.png 300w, https:\/\/losperiodistas.com.mx\/portal\/wp-content\/uploads\/2026\/07\/Cazas-768x367.png 768w, https:\/\/losperiodistas.com.mx\/portal\/wp-content\/uploads\/2026\/07\/Cazas.png 1497w\" sizes=\"(max-width: 1024px) 100vw, 1024px\" \/><figcaption class=\"wp-element-caption\">Imagen referencial. Dos aviones F-35C estadounidenses.<br>Imagen: Lockheed Martin\/ZUMA\/IMAGO<\/figcaption><\/figure>\n\n\n\n<p class=\"has-vivid-red-color has-text-color has-link-color wp-elements-b353f099e52a59452ef59849fe0503a0\">Redacci\u00f3n \/ DW<\/p>\n\n\n\n<p>Las Fuerzas Armadas de Estados Unidos informaron este mi\u00e9rcoles (15.07.2026) que llevaron\u00a0a cabo una nueva serie de bombardeos contra objetivos militares iran\u00edes que \u00abmermaron a\u00fan m\u00e1s la capacidad\u00bb de Ir\u00e1n para atacar el estrecho de Ormuz, por donde transita cerca del 25 por ciento del comercio mar\u00edtimo mundial de petr\u00f3leo. La operaci\u00f3n se extendi\u00f3 por 90 minutos, seg\u00fan el Comando Central de Estados Unidos.<\/p>\n\n\n\n<p>Durante la ofensiva, las fuerzas estadounidenses emplearon municiones de precisi\u00f3n contra sistemas de defensa costera y dep\u00f3sitos y plataformas de lanzamiento de misiles de crucero ubicados en la isla de Gran Tunb (Greater Tunb), en el golfo P\u00e9rsico. \u00abLos ataques mermaron a\u00fan m\u00e1s la capacidad de Ir\u00e1n para atacar el tr\u00e1fico mar\u00edtimo comercial en el estrecho de Ormuz\u00bb, detall\u00f3 el Centcom.<\/p>\n\n\n\n<p>Los ataques se producen tras la intensificaci\u00f3n del conflicto desde la semana pasada, cuando el presidente estadounidense, Donald Trump, dio por terminado el acuerdo marco de alto al fuego firmado el 17 de junio con la Rep\u00fablica Isl\u00e1mica, al acusar a Teher\u00e1n de mantener los ataques contra embarcaciones en Ormuz. Trump incluso amenaz\u00f3 con destruir infraestructura civil.<\/p>\n\n\n\n<h2 class=\"wp-block-heading\">Empuja al caos<\/h2>\n\n\n\n<p>La prensa iran\u00ed report\u00f3 explosiones cerca del puerto de Bandar Abbas, en la isla de Qeshm, y en Bandar Imam Khomeini. Tambi\u00e9n hubo ataques contra la ciudad de Bushehr, donde se encuentra la \u00fanica planta nuclear civil del pa\u00eds.<\/p>\n\n\n\n<p>Como respuesta a los ataques de las \u00faltima horas, la Guardia Revolucionaria iran\u00ed declar\u00f3 esta misma jornada que hab\u00eda atacado objetivos militares estadounidenses en la regi\u00f3n, entre ellos en Bahr\u00e9in, Kuwait y Jordania. Asimismo, amenaz\u00f3 con bloquear m\u00e1s exportaciones energ\u00e9ticas de la regi\u00f3n, afirmando que Estados Unidos \u00abdebe prepararse para el cierre de todos los dem\u00e1s corredores de exportaci\u00f3n\u201d.<\/p>\n\n\n\n<p>En tanto, el Consejo de Cooperaci\u00f3n del Golfo (CCG) acus\u00f3 a Ir\u00e1n de arrastrar a todo Medio Oriente al caos. Los pa\u00edses miembros de esta alianza -Arabia Saudita, Qatar, Kuwait, Emiratos \u00c1rabes Unidos, Bahr\u00e9in y Om\u00e1n-, son todos aliados de EE.UU. y acogen en su territorio o aguas bases o presencia militar estadounidense, y algunos de ellos tienen firmados acuerdos de defensa con Washington.<\/p>\n\n\n\n<p>Fuente: <a href=\"https:\/\/www.dw.com\/es\/eeuu-lanz%C3%B3-nueva-oleada-de-90-minutos-de-ataques-contra-ir%C3%A1n\/a-77973209\" target=\"_blank\" rel=\"noreferrer noopener\">DW<\/a><\/p>\n","protected":false},"excerpt":{"rendered":"<p>Entre los objetivos hab\u00eda plataformas costeras y de lanzamiento de misiles, sistemas de defensa y dep\u00f3sitos, inform\u00f3 el Comando Central estadounidense. <\/p>\n","protected":false},"author":1,"featured_media":126592,"comment_status":"open","ping_status":"open","sticky":false,"template":"","format":"standard","meta":{"site-sidebar-layout":"default","site-content-layout":"","ast-site-content-layout":"default","site-content-style":"default","site-sidebar-style":"default","ast-global-header-display":"","ast-banner-title-visibility":"","ast-main-header-display":"","ast-hfb-above-header-display":"","ast-hfb-below-header-display":"","ast-hfb-mobile-header-display":"","site-post-title":"","ast-breadcrumbs-content":"","ast-featured-img":"","footer-sml-layout":"","theme-transparent-header-meta":"","adv-header-id-meta":"","stick-header-meta":"","header-above-stick-meta":"","header-main-stick-meta":"","header-below-stick-meta":"","astra-migrate-meta-layouts":"default","ast-page-background-enabled":"default","ast-page-background-meta":{"desktop":{"background-color":"var(--ast-global-color-4)","background-image":"","background-repeat":"repeat","background-position":"center center","background-size":"auto","background-attachment":"scroll","background-type":"","background-media":"","overlay-type":"","overlay-color":"","overlay-opacity":"","overlay-gradient":""},"tablet":{"background-color":"","background-image":"","background-repeat":"repeat","background-position":"center center","background-size":"auto","background-attachment":"scroll","background-type":"","background-media":"","overlay-type":"","overlay-color":"","overlay-opacity":"","overlay-gradient":""},"mobile":{"background-color":"","background-image":"","background-repeat":"repeat","background-position":"center center","background-size":"auto","background-attachment":"scroll","background-type":"","background-media":"","overlay-type":"","overlay-color":"","overlay-opacity":"","overlay-gradient":""}},"ast-content-background-meta":{"desktop":{"background-color":"var(--ast-global-color-5)","background-image":"","background-repeat":"repeat","background-position":"center center","background-size":"auto","background-attachment":"scroll","background-type":"","background-media":"","overlay-type":"","overlay-color":"","overlay-opacity":"","overlay-gradient":""},"tablet":{"background-color":"var(--ast-global-color-5)","background-image":"","background-repeat":"repeat","background-position":"center center","background-size":"auto","background-attachment":"scroll","background-type":"","background-media":"","overlay-type":"","overlay-color":"","overlay-opacity":"","overlay-gradient":""},"mobile":{"background-color":"var(--ast-global-color-5)","background-image":"","background-repeat":"repeat","background-position":"center center","background-size":"auto","background-attachment":"scroll","background-type":"","background-media":"","overlay-type":"","overlay-color":"","overlay-opacity":"","overlay-gradient":""}},"footnotes":""},"categories":[8],"tags":[51255,2997,22173,51257,51256],"class_list":["post-126591","post","type-post","status-publish","format-standard","has-post-thumbnail","hentry","category-noticias","tag-ataques-a-iran","tag-eeuu","tag-estrecho-de-ormuz","tag-lanzamiento-de-misiles","tag-plataformas-costeras"],"_links":{"self":[{"href":"https:\/\/losperiodistas.com.mx\/portal\/wp-json\/wp\/v2\/posts\/126591","targetHints":{"allow":["GET"]}}],"collection":[{"href":"https:\/\/losperiodistas.com.mx\/portal\/wp-json\/wp\/v2\/posts"}],"about":[{"href":"https:\/\/losperiodistas.com.mx\/portal\/wp-json\/wp\/v2\/types\/post"}],"author":[{"embeddable":true,"href":"https:\/\/losperiodistas.com.mx\/portal\/wp-json\/wp\/v2\/users\/1"}],"replies":[{"embeddable":true,"href":"https:\/\/losperiodistas.com.mx\/portal\/wp-json\/wp\/v2\/comments?post=126591"}],"version-history":[{"count":1,"href":"https:\/\/losperiodistas.com.mx\/portal\/wp-json\/wp\/v2\/posts\/126591\/revisions"}],"predecessor-version":[{"id":126593,"href":"https:\/\/losperiodistas.com.mx\/portal\/wp-json\/wp\/v2\/posts\/126591\/revisions\/126593"}],"wp:featuredmedia":[{"embeddable":true,"href":"https:\/\/losperiodistas.com.mx\/portal\/wp-json\/wp\/v2\/media\/126592"}],"wp:attachment":[{"href":"https:\/\/losperiodistas.com.mx\/portal\/wp-json\/wp\/v2\/media?parent=126591"}],"wp:term":[{"taxonomy":"category","embeddable":true,"href":"https:\/\/losperiodistas.com.mx\/portal\/wp-json\/wp\/v2\/categories?post=126591"},{"taxonomy":"post_tag","embeddable":true,"href":"https:\/\/losperiodistas.com.mx\/portal\/wp-json\/wp\/v2\/tags?post=126591"}],"curies":[{"name":"wp","href":"https:\/\/api.w.org\/{rel}","templated":true}]}}