{"id":126586,"date":"2026-07-15T18:51:56","date_gmt":"2026-07-16T00:51:56","guid":{"rendered":"https:\/\/losperiodistas.com.mx\/portal\/?p=126586"},"modified":"2026-07-15T18:51:57","modified_gmt":"2026-07-16T00:51:57","slug":"lluvia-de-estrellas-en-mexico-cuando-y-donde-ver-el-doble-fenomeno-que-llegara-en-julio-el-universal","status":"publish","type":"post","link":"https:\/\/losperiodistas.com.mx\/portal\/lluvia-de-estrellas-en-mexico-cuando-y-donde-ver-el-doble-fenomeno-que-llegara-en-julio-el-universal\/","title":{"rendered":"Lluvia de estrellas en M\u00e9xico; \u00bfcu\u00e1ndo y d\u00f3nde ver el doble fen\u00f3meno que llegar\u00e1 en julio? | El Universal"},"content":{"rendered":"\n<p>El firmamento nacional recibe un espect\u00e1culo astron\u00f3mico simult\u00e1neo<\/p>\n\n\n\n<figure class=\"wp-block-image size-large\"><img fetchpriority=\"high\" decoding=\"async\" width=\"1024\" height=\"631\" src=\"https:\/\/losperiodistas.com.mx\/portal\/wp-content\/uploads\/2026\/07\/LluviaEstrellasJulio-1024x631.png\" alt=\"\" class=\"wp-image-126587\" srcset=\"https:\/\/losperiodistas.com.mx\/portal\/wp-content\/uploads\/2026\/07\/LluviaEstrellasJulio-1024x631.png 1024w, https:\/\/losperiodistas.com.mx\/portal\/wp-content\/uploads\/2026\/07\/LluviaEstrellasJulio-300x185.png 300w, https:\/\/losperiodistas.com.mx\/portal\/wp-content\/uploads\/2026\/07\/LluviaEstrellasJulio-768x473.png 768w, https:\/\/losperiodistas.com.mx\/portal\/wp-content\/uploads\/2026\/07\/LluviaEstrellasJulio.png 1351w\" sizes=\"(max-width: 1024px) 100vw, 1024px\" \/><figcaption class=\"wp-element-caption\">El cielo nocturno del territorio mexicano ofrece m\u00faltiples espect\u00e1culos visuales durante el mes de julio de 2026. Foto: Creada con IA (ChatGPT)<\/figcaption><\/figure>\n\n\n\n<p class=\"has-vivid-red-color has-text-color has-link-color wp-elements-a9f14b7181aab96aaceeef9e711de1b4\">Andrea Oliva \/ El Universal<\/p>\n\n\n\n<p>El cielo nocturno del territorio mexicano ofrece m\u00faltiples <strong>espect\u00e1culos <\/strong>visuales durante el mes de julio de 2026. Los entusiastas de la observaci\u00f3n astron\u00f3mica tienen la oportunidad de presenciar una serie de<strong>lluvias de meteoros <\/strong>que alcanzan su punto de mayor actividad de manera consecutiva.<\/p>\n\n\n\n<p>Aunque eventos menores como las Peg\u00e1sidas de julio (con su pico m\u00e1ximo el 9 y 10 de julio) y <strong>las Gamma Drac\u00f3nidas<\/strong> (el 28 de julio) abren el calendario de observaci\u00f3n, el principal atractivo es el doble fen\u00f3meno astron\u00f3mico que se suscita en el cierre del mes.<\/p>\n\n\n\n<figure class=\"wp-block-image size-full\"><img decoding=\"async\" width=\"1006\" height=\"620\" src=\"https:\/\/losperiodistas.com.mx\/portal\/wp-content\/uploads\/2026\/07\/imagen-44.png\" alt=\"\" class=\"wp-image-126588\" srcset=\"https:\/\/losperiodistas.com.mx\/portal\/wp-content\/uploads\/2026\/07\/imagen-44.png 1006w, https:\/\/losperiodistas.com.mx\/portal\/wp-content\/uploads\/2026\/07\/imagen-44-300x185.png 300w, https:\/\/losperiodistas.com.mx\/portal\/wp-content\/uploads\/2026\/07\/imagen-44-768x473.png 768w\" sizes=\"(max-width: 1006px) 100vw, 1006px\" \/><figcaption class=\"wp-element-caption\">La Eta Acu\u00e1ridas parecen originarse en la constelaci\u00f3n de Acuario, desde un punto cerca de la estrella Eta Acuarii, que da nombre a esta lluvia. Foto: Star Walk<\/figcaption><\/figure>\n\n\n\n<h2 class=\"wp-block-heading\">\u00bfCu\u00e1ndo y d\u00f3nde ver el doble espect\u00e1culo astron\u00f3mico?<\/h2>\n\n\n\n<p>De acuerdo con el calendario especializado de la <em>Sociedad Americana de Meteoros<\/em> (AMS, por sus siglas en ingl\u00e9s), el mejor evento mete\u00f3rico del periodo se produce durante las noches del <strong>30 y 31 de julio de 2026.<\/strong><\/p>\n\n\n\n<p>Esta coincidencia celestial es protagonizada por las<strong> Delta Acu\u00e1ridas del Sur y las Alfa Capric\u00f3rnidas<\/strong>, las cuales alcanzan su actividad m\u00e1xima de manera simult\u00e1nea. La organizaci\u00f3n cient\u00edfica internacional se\u00f1ala que, aunque la presencia de una Luna brillante <strong>puede opacar <\/strong>el destello de los meteoros m\u00e1s d\u00e9biles, el espect\u00e1culo es <strong>perceptible <\/strong>a simple vista bajo condiciones atmosf\u00e9ricas <strong>\u00f3ptimas<\/strong>. <em>\u00abLa observaci\u00f3n resulta m\u00e1s favorable durante las horas previas al amanecer, cuando el radiante de ambas lluvias se encuentra en su punto m\u00e1s alto en el firmamento\u00bb,<\/em> detalla el organismo especializado.<\/p>\n\n\n\n<p>Por su parte, las directrices de <strong>divulgaci\u00f3n <\/strong>de la Administraci\u00f3n Nacional de Aeron\u00e1utica y el Espacio (<strong>NASA<\/strong>) explican que para optimizar la experiencia es fundamental alejarse de los grandes <strong>n\u00facleos <\/strong>urbanos. La agencia espacial <strong>estadounidense <\/strong>recomienda realizar adaptaciones visuales previas: los ojos humanos requieren de un tiempo estimado de entre 20 y 30 minutos de oscuridad total para adaptarse por completo y percibir los destellos m\u00e1s sutiles en la b\u00f3veda celeste.<\/p>\n\n\n\n<figure class=\"wp-block-image size-full\"><img decoding=\"async\" width=\"930\" height=\"620\" src=\"https:\/\/losperiodistas.com.mx\/portal\/wp-content\/uploads\/2026\/07\/imagen-45.png\" alt=\"\" class=\"wp-image-126589\" srcset=\"https:\/\/losperiodistas.com.mx\/portal\/wp-content\/uploads\/2026\/07\/imagen-45.png 930w, https:\/\/losperiodistas.com.mx\/portal\/wp-content\/uploads\/2026\/07\/imagen-45-300x200.png 300w, https:\/\/losperiodistas.com.mx\/portal\/wp-content\/uploads\/2026\/07\/imagen-45-768x512.png 768w\" sizes=\"(max-width: 930px) 100vw, 930px\" \/><figcaption class=\"wp-element-caption\">La lluvia de estrellas de las Cuadr\u00e1ntidas.<\/figcaption><\/figure>\n\n\n\n<h2 class=\"wp-block-heading\">Gu\u00eda de localizaci\u00f3n y horarios para el avistamiento<\/h2>\n\n\n\n<p>Para ubicar con <strong>precisi\u00f3n <\/strong>el doble fen\u00f3meno en el cielo nocturno mexicano, los observadores deben dirigir su mirada hacia las constelaciones de origen de estos meteoros. La Asociaci\u00f3n Astron\u00f3mica de Espa\u00f1a (organismo de divulgaci\u00f3n especializado en la observaci\u00f3n del firmamento) comparte pautas espec\u00edficas de orientaci\u00f3n espacial para facilitar la <strong>localizaci\u00f3n <\/strong>de los radiantes (los puntos imaginarios en la b\u00f3veda celeste de donde parecen surgir los destellos):<\/p>\n\n\n\n<ul class=\"wp-block-list\">\n<li><strong>Localizaci\u00f3n de las Delta Acu\u00e1ridas:<\/strong> Se debe mirar en direcci\u00f3n a la constelaci\u00f3n de Acuario, que se posiciona en el hemisferio sur celeste. Un punto de referencia sencillo es identificar primero la estrella Fomalhaut (la m\u00e1s brillante de la constelaci\u00f3n vecina de Piscis Austrinus), ubicada justo debajo del radiante de la lluvia de meteoros.<\/li>\n\n\n\n<li><strong>Localizaci\u00f3n de las Alfa Capric\u00f3rnidas:<\/strong> Su radiante se sit\u00faa en la constelaci\u00f3n de Capricornio, un poco m\u00e1s al oeste de Acuario. Es una zona del firmamento conocida por producir \u00abbolas de fuego\u00bb (meteoros notablemente brillantes y lentos que cruzan el cielo de manera espectacular).<\/li>\n\n\n\n<li><strong>El horario de observaci\u00f3n \u00f3ptimo:<\/strong> Aunque el fen\u00f3meno inicia desde que oscurece por completo, la hora exacta de mayor visibilidad en el territorio mexicano ocurre entre las 02:00 y las 04:30 horas (tiempo del centro de M\u00e9xico) de la madrugada del viernes 31 de julio de 2026. En este intervalo, la Luna se encuentra m\u00e1s cerca del horizonte, lo que reduce su interferencia luminosa, y las constelaciones mencionadas alcanzan su punto m\u00e1s elevado sobre el firmamento.<\/li>\n<\/ul>\n\n\n\n<h2 class=\"wp-block-heading\"><strong>Los mejores sitios en M\u00e9xico para la observaci\u00f3n celeste<\/strong><\/h2>\n\n\n\n<p>Para capturar este doble fen\u00f3meno <strong>astron\u00f3mico <\/strong>sin las interferencias de la iluminaci\u00f3n urbana, la geograf\u00eda mexicana cuenta con reservas naturales y \u00e1reas <strong>protegidas <\/strong>que destacan por la calidad de sus cielos nocturnos. Con base en las recomendaciones de la Comisi\u00f3n Nacional de \u00c1reas Naturales Protegidas (<strong>CONANP<\/strong>) del Gobierno de M\u00e9xico, los sitios m\u00e1s destacados para la observaci\u00f3n cient\u00edfica y recreativa son los siguientes:<\/p>\n\n\n\n<ul class=\"wp-block-list\">\n<li><strong>Parque Nacional San Pedro M\u00e1rtir (Baja California):<\/strong> Alberga el Observatorio Astron\u00f3mico Nacional y posee cielos excepcionalmente oscuros catalogados en el nivel m\u00e1s \u00f3ptimo de la escala de Bortle.<\/li>\n\n\n\n<li><strong>Zona del Silencio (Chihuahua, Durango y Coahuila):<\/strong> Una planicie des\u00e9rtica aislada que ofrece un horizonte completamente limpio de contaminaci\u00f3n artificial.<\/li>\n\n\n\n<li><strong>Reserva de la Bi\u00f3sfera Sierra Gorda (Quer\u00e9taro): <\/strong>Zona natural protegida con diversos campamentos ecotur\u00edsticos a gran altura.<\/li>\n\n\n\n<li><strong>El Pinacate y Gran Desierto de Altar (Sonora):<\/strong> Un entorno de cr\u00e1teres volc\u00e1nicos con cielos despejados e inigualables condiciones de baja humedad.<\/li>\n\n\n\n<li><strong>Real de Catorce y el Desierto de Wirikuta (San Luis Potos\u00ed):<\/strong> Espacio de gran altitud geogr\u00e1fica y aire seco que facilita el uso de lentes \u00f3pticos.<\/li>\n\n\n\n<li>Zonas cercanas al centro del pa\u00eds: Para los habitantes del Valle de M\u00e9xico, el Parque <strong>Nacional Izta-Popo, el Parque Nacional El Chico (Hidalgo)<\/strong> y el municipio de Acambay (Estado de M\u00e9xico) representan las alternativas m\u00e1s viables gracias a su altitud y cobertura forestal.<\/li>\n<\/ul>\n\n\n\n<p>Fuente: <a href=\"https:\/\/www.eluniversal.com.mx\/tendencias\/lluvia-de-estrellas-en-mexico-cuando-y-donde-ver-el-doble-fenomeno-que-llegara-en-julio\/\" target=\"_blank\" rel=\"noreferrer noopener\">El Universal<\/a><\/p>\n","protected":false},"excerpt":{"rendered":"<p>El firmamento nacional recibe un espect\u00e1culo astron\u00f3mico simult\u00e1neo<\/p>\n","protected":false},"author":1,"featured_media":126587,"comment_status":"open","ping_status":"open","sticky":false,"template":"","format":"standard","meta":{"site-sidebar-layout":"default","site-content-layout":"","ast-site-content-layout":"default","site-content-style":"default","site-sidebar-style":"default","ast-global-header-display":"","ast-banner-title-visibility":"","ast-main-header-display":"","ast-hfb-above-header-display":"","ast-hfb-below-header-display":"","ast-hfb-mobile-header-display":"","site-post-title":"","ast-breadcrumbs-content":"","ast-featured-img":"","footer-sml-layout":"","theme-transparent-header-meta":"","adv-header-id-meta":"","stick-header-meta":"","header-above-stick-meta":"","header-main-stick-meta":"","header-below-stick-meta":"","astra-migrate-meta-layouts":"default","ast-page-background-enabled":"default","ast-page-background-meta":{"desktop":{"background-color":"var(--ast-global-color-4)","background-image":"","background-repeat":"repeat","background-position":"center center","background-size":"auto","background-attachment":"scroll","background-type":"","background-media":"","overlay-type":"","overlay-color":"","overlay-opacity":"","overlay-gradient":""},"tablet":{"background-color":"","background-image":"","background-repeat":"repeat","background-position":"center center","background-size":"auto","background-attachment":"scroll","background-type":"","background-media":"","overlay-type":"","overlay-color":"","overlay-opacity":"","overlay-gradient":""},"mobile":{"background-color":"","background-image":"","background-repeat":"repeat","background-position":"center center","background-size":"auto","background-attachment":"scroll","background-type":"","background-media":"","overlay-type":"","overlay-color":"","overlay-opacity":"","overlay-gradient":""}},"ast-content-background-meta":{"desktop":{"background-color":"var(--ast-global-color-5)","background-image":"","background-repeat":"repeat","background-position":"center center","background-size":"auto","background-attachment":"scroll","background-type":"","background-media":"","overlay-type":"","overlay-color":"","overlay-opacity":"","overlay-gradient":""},"tablet":{"background-color":"var(--ast-global-color-5)","background-image":"","background-repeat":"repeat","background-position":"center center","background-size":"auto","background-attachment":"scroll","background-type":"","background-media":"","overlay-type":"","overlay-color":"","overlay-opacity":"","overlay-gradient":""},"mobile":{"background-color":"var(--ast-global-color-5)","background-image":"","background-repeat":"repeat","background-position":"center center","background-size":"auto","background-attachment":"scroll","background-type":"","background-media":"","overlay-type":"","overlay-color":"","overlay-opacity":"","overlay-gradient":""}},"footnotes":""},"categories":[8],"tags":[51254,28222,51253],"class_list":["post-126586","post","type-post","status-publish","format-standard","has-post-thumbnail","hentry","category-noticias","tag-gamma-draconidas","tag-lluvia-de-estrellas","tag-pegasidas"],"_links":{"self":[{"href":"https:\/\/losperiodistas.com.mx\/portal\/wp-json\/wp\/v2\/posts\/126586","targetHints":{"allow":["GET"]}}],"collection":[{"href":"https:\/\/losperiodistas.com.mx\/portal\/wp-json\/wp\/v2\/posts"}],"about":[{"href":"https:\/\/losperiodistas.com.mx\/portal\/wp-json\/wp\/v2\/types\/post"}],"author":[{"embeddable":true,"href":"https:\/\/losperiodistas.com.mx\/portal\/wp-json\/wp\/v2\/users\/1"}],"replies":[{"embeddable":true,"href":"https:\/\/losperiodistas.com.mx\/portal\/wp-json\/wp\/v2\/comments?post=126586"}],"version-history":[{"count":1,"href":"https:\/\/losperiodistas.com.mx\/portal\/wp-json\/wp\/v2\/posts\/126586\/revisions"}],"predecessor-version":[{"id":126590,"href":"https:\/\/losperiodistas.com.mx\/portal\/wp-json\/wp\/v2\/posts\/126586\/revisions\/126590"}],"wp:featuredmedia":[{"embeddable":true,"href":"https:\/\/losperiodistas.com.mx\/portal\/wp-json\/wp\/v2\/media\/126587"}],"wp:attachment":[{"href":"https:\/\/losperiodistas.com.mx\/portal\/wp-json\/wp\/v2\/media?parent=126586"}],"wp:term":[{"taxonomy":"category","embeddable":true,"href":"https:\/\/losperiodistas.com.mx\/portal\/wp-json\/wp\/v2\/categories?post=126586"},{"taxonomy":"post_tag","embeddable":true,"href":"https:\/\/losperiodistas.com.mx\/portal\/wp-json\/wp\/v2\/tags?post=126586"}],"curies":[{"name":"wp","href":"https:\/\/api.w.org\/{rel}","templated":true}]}}