{"id":126463,"date":"2026-07-13T23:14:16","date_gmt":"2026-07-14T05:14:16","guid":{"rendered":"https:\/\/losperiodistas.com.mx\/portal\/?p=126463"},"modified":"2026-07-13T23:14:17","modified_gmt":"2026-07-14T05:14:17","slug":"cadena-perpetua-para-el-mayo-zambada-y-decomiso-de-15-mil-mdd-pide-departamento-de-justicia-de-eu-la-jornada","status":"publish","type":"post","link":"https:\/\/losperiodistas.com.mx\/portal\/cadena-perpetua-para-el-mayo-zambada-y-decomiso-de-15-mil-mdd-pide-departamento-de-justicia-de-eu-la-jornada\/","title":{"rendered":"Cadena perpetua para &#8216;El Mayo&#8217; Zambada y decomiso de 15 mil mdd, pide Departamento de Justicia de EU | La Jornada"},"content":{"rendered":"\n<figure class=\"wp-block-image size-large\"><img fetchpriority=\"high\" decoding=\"async\" width=\"1024\" height=\"636\" src=\"https:\/\/losperiodistas.com.mx\/portal\/wp-content\/uploads\/2026\/07\/cadena-perpetua-para-el-mayo-zambada-1024x636.png\" alt=\"\" class=\"wp-image-126464\" srcset=\"https:\/\/losperiodistas.com.mx\/portal\/wp-content\/uploads\/2026\/07\/cadena-perpetua-para-el-mayo-zambada-1024x636.png 1024w, https:\/\/losperiodistas.com.mx\/portal\/wp-content\/uploads\/2026\/07\/cadena-perpetua-para-el-mayo-zambada-300x186.png 300w, https:\/\/losperiodistas.com.mx\/portal\/wp-content\/uploads\/2026\/07\/cadena-perpetua-para-el-mayo-zambada-768x477.png 768w, https:\/\/losperiodistas.com.mx\/portal\/wp-content\/uploads\/2026\/07\/cadena-perpetua-para-el-mayo-zambada.png 1413w\" sizes=\"(max-width: 1024px) 100vw, 1024px\" \/><figcaption class=\"wp-element-caption\">Ismael \u00abEl Mayo\u00bb Zambada podr\u00eda obtener una condena de cadena perpetura a petici\u00f3n de fiscales de Estados Unidos donde se encuentra procesado. Foto Difundida en redes sociales<\/figcaption><\/figure>\n\n\n\n<p class=\"has-vivid-red-color has-text-color has-link-color wp-elements-ec9178c6888fb9d155878f08a84ec227\">David Brooks \/ Jim Cason \/ La Jornada<\/p>\n\n\n\n<p>El Departamento de Justicia entreg\u00f3 a un juez federal su recomendaci\u00f3n para la sentencia de Ismael Zambada Garc\u00eda, <em>El<\/em> <em>Mayo<\/em>, reiterando lo previamente acordado en la declaraci\u00f3n de culpabilidad del acusado: cadena perpetua y 15 mil millones de d\u00f3lares en recursos confiscables.<\/p>\n\n\n\n<p>La carta resume la trayectoria delictiva de <em>El<\/em> <em>Mayo<\/em>, subrayando que \u201cpor d\u00e9cadas, el acusado fue uno -y tal vez el mayor- de los narcotraficantes m\u00e1s prol\u00edficos y poderosos en el mundo\u201d, y resalta los millones de d\u00f3lares en sobornos pagados por el c\u00e1rtel de Sinaloa bajo \u00f3rdenes del acusado \u201ca todos los niveles del gobierno mexicano -polic\u00eda, militares y pol\u00edticos- para asegurar que el c\u00e1rtel pudiera operar sin interferencia\u201d, destacando entre los ejemplos al caso del ex secretario de Seguridad P\u00fablica, Genaro Garc\u00eda Luna, (enjuiciado ante el mismo juez en este tribunal en Brooklyn).&nbsp;<\/p>\n\n\n\n<p>M\u00e1s all\u00e1 de detallar el uso de violencia en sus actividades criminales de narcotr\u00e1fico, la carta recuerda que bajo \u00f3rdenes de <em>El<\/em> <em>Mayo<\/em>, el c\u00e1rtel de Sinaloa \u201cincrement\u00f3 los sobornos a polic\u00eda, comandantes militares y pol\u00edticos para proteger al c\u00e1rtel de interferencia gubernamental, y que se \u201cgast\u00f3 millones de d\u00f3lares cada a\u00f1o\u201d en ese rubro.&nbsp;<\/p>\n\n\n\n<p>Indic\u00f3 que varios testigos en los juicios de Joaqu\u00edn <em>El<\/em> <em>Chapo<\/em> Guzm\u00e1n Loera y de Garc\u00eda Luna \u201cdeclararon que la corrupci\u00f3n a todos los niveles era necesaria para permitir que el c\u00e1rtel funcionara tan efectivamente en tal escala tan grande\u201d.&nbsp;<\/p>\n\n\n\n<p>Al resumir el caso en la carta al juez federal Brian Cogan, encargado del caso, el fiscal federal, Joseph Nocella, se\u00f1ala que <em>El<\/em> <em>Mayo<\/em> fue arrestado el 25 de junio de 2024 en el Aeropuerto de Santa Teresa en el Condado Do\u00f1a Ana en Nuevo M\u00e9xico.&nbsp;<\/p>\n\n\n\n<p>Despu\u00e9s de que el caso fue trasladado de Texas a Nueva York, el acusado decidi\u00f3 declararse culpable el 25 de agosto de 2025 y con ello descartar su derecho a un juicio. Argumenta que bajo las gu\u00edas establecidas para determinar una condena, recomienda que el juez dicte una sentencia de cadena perpetua y la confiscaci\u00f3n de 15 mil millones de d\u00f3lares en fondos (algo que es m\u00e1s simb\u00f3lico que real en casos como este).&nbsp;<\/p>\n\n\n\n<p>En torno a la solicitud de los abogados defensores en su carta sobre la recomendaci\u00f3n de condena entregada hace una semana -en la cual repiten que su cliente acepta su culpabilidad ante los cargos junto con la condena [<a href=\"https:\/\/www.jornada.com.mx\/2026\/07\/07\/politica\/003n2pol\">https:\/\/www.jornada.com.mx\/2026\/07\/07\/politica\/003n2pol<\/a>]- de asignar a <em>El<\/em> <em>Mayo<\/em> a una prisi\u00f3n equipada para tratar las condiciones m\u00e9dicas del acusado, los fiscales comentan que no tienen objeci\u00f3n a que el juez tome eso en consideraci\u00f3n.<\/p>\n\n\n\n<p>Sin embargo, recomiendan que se reconozcan, a la vez, \u201clos riesgos de seguridad\u201d que representa el acusado.&nbsp;<\/p>\n\n\n\n<p>Subrayan que \u201cel acusado es el cofundador de una de las organizaciones criminales m\u00e1s violentas del mundo\u2026. Varios integrantes del c\u00e1rtel permanecen leales al acusado, incluyendo uno de los hijos del acusado\u2026 Por lo tanto, la causa sustancial de preocupaci\u00f3n de que, si le es permitido hacerlo, el acusado podr\u00eda continuar dirigiendo el c\u00e1rtel desde la prisi\u00f3n\u201d, y recuerda que ese c\u00e1rtel \u201cahora est\u00e1 designado por el secretario de Estado como una organizaci\u00f3n terrorista extranjera\u201d.&nbsp;<\/p>\n\n\n\n<p>Por lo tanto, concluye, algunas de las instalaciones que la defensa ha recomendado \u201cpodr\u00edan ser no apropiadas\u201d para el encarcelamiento de <em>El<\/em> <em>Mayo<\/em>.<\/p>\n\n\n\n<p>La cita para dictaminar la condena de <em>El<\/em> <em>Mayo<\/em> est\u00e1 programada para el pr\u00f3ximo lunes, 20 de julio, en el Tribunal Federal de Distrito Este de Nueva York, en Brooklyn.<\/p>\n\n\n\n<p>Fuente:<a href=\"https:\/\/www.jornada.com.mx\/noticia\/2026\/07\/13\/mundo\/cadena-perpetua-para-el-mayo-zambada-piden-fiscales-de-eu-a-tribunales\" target=\"_blank\" rel=\"noreferrer noopener\"> La Jornada<\/a><\/p>\n","protected":false},"excerpt":{"rendered":"<p>David Brooks \/ Jim Cason \/ La Jornada El Departamento de Justicia entreg\u00f3 a un juez federal su recomendaci\u00f3n para [&hellip;]<\/p>\n","protected":false},"author":1,"featured_media":126464,"comment_status":"open","ping_status":"open","sticky":false,"template":"","format":"standard","meta":{"site-sidebar-layout":"default","site-content-layout":"","ast-site-content-layout":"default","site-content-style":"default","site-sidebar-style":"default","ast-global-header-display":"","ast-banner-title-visibility":"","ast-main-header-display":"","ast-hfb-above-header-display":"","ast-hfb-below-header-display":"","ast-hfb-mobile-header-display":"","site-post-title":"","ast-breadcrumbs-content":"","ast-featured-img":"","footer-sml-layout":"","theme-transparent-header-meta":"","adv-header-id-meta":"","stick-header-meta":"","header-above-stick-meta":"","header-main-stick-meta":"","header-below-stick-meta":"","astra-migrate-meta-layouts":"default","ast-page-background-enabled":"default","ast-page-background-meta":{"desktop":{"background-color":"var(--ast-global-color-4)","background-image":"","background-repeat":"repeat","background-position":"center center","background-size":"auto","background-attachment":"scroll","background-type":"","background-media":"","overlay-type":"","overlay-color":"","overlay-opacity":"","overlay-gradient":""},"tablet":{"background-color":"","background-image":"","background-repeat":"repeat","background-position":"center center","background-size":"auto","background-attachment":"scroll","background-type":"","background-media":"","overlay-type":"","overlay-color":"","overlay-opacity":"","overlay-gradient":""},"mobile":{"background-color":"","background-image":"","background-repeat":"repeat","background-position":"center center","background-size":"auto","background-attachment":"scroll","background-type":"","background-media":"","overlay-type":"","overlay-color":"","overlay-opacity":"","overlay-gradient":""}},"ast-content-background-meta":{"desktop":{"background-color":"var(--ast-global-color-5)","background-image":"","background-repeat":"repeat","background-position":"center center","background-size":"auto","background-attachment":"scroll","background-type":"","background-media":"","overlay-type":"","overlay-color":"","overlay-opacity":"","overlay-gradient":""},"tablet":{"background-color":"var(--ast-global-color-5)","background-image":"","background-repeat":"repeat","background-position":"center center","background-size":"auto","background-attachment":"scroll","background-type":"","background-media":"","overlay-type":"","overlay-color":"","overlay-opacity":"","overlay-gradient":""},"mobile":{"background-color":"var(--ast-global-color-5)","background-image":"","background-repeat":"repeat","background-position":"center center","background-size":"auto","background-attachment":"scroll","background-type":"","background-media":"","overlay-type":"","overlay-color":"","overlay-opacity":"","overlay-gradient":""}},"footnotes":""},"categories":[8],"tags":[51196,30368,1278,33813,51197,7016],"class_list":["post-126463","post","type-post","status-publish","format-standard","has-post-thumbnail","hentry","category-noticias","tag-15-mil-mdd","tag-cadena-perpetua","tag-cartel-de-sinaloa","tag-decomiso","tag-departamento-de-justicia-de-eu","tag-el-mayo-zambada"],"_links":{"self":[{"href":"https:\/\/losperiodistas.com.mx\/portal\/wp-json\/wp\/v2\/posts\/126463","targetHints":{"allow":["GET"]}}],"collection":[{"href":"https:\/\/losperiodistas.com.mx\/portal\/wp-json\/wp\/v2\/posts"}],"about":[{"href":"https:\/\/losperiodistas.com.mx\/portal\/wp-json\/wp\/v2\/types\/post"}],"author":[{"embeddable":true,"href":"https:\/\/losperiodistas.com.mx\/portal\/wp-json\/wp\/v2\/users\/1"}],"replies":[{"embeddable":true,"href":"https:\/\/losperiodistas.com.mx\/portal\/wp-json\/wp\/v2\/comments?post=126463"}],"version-history":[{"count":1,"href":"https:\/\/losperiodistas.com.mx\/portal\/wp-json\/wp\/v2\/posts\/126463\/revisions"}],"predecessor-version":[{"id":126465,"href":"https:\/\/losperiodistas.com.mx\/portal\/wp-json\/wp\/v2\/posts\/126463\/revisions\/126465"}],"wp:featuredmedia":[{"embeddable":true,"href":"https:\/\/losperiodistas.com.mx\/portal\/wp-json\/wp\/v2\/media\/126464"}],"wp:attachment":[{"href":"https:\/\/losperiodistas.com.mx\/portal\/wp-json\/wp\/v2\/media?parent=126463"}],"wp:term":[{"taxonomy":"category","embeddable":true,"href":"https:\/\/losperiodistas.com.mx\/portal\/wp-json\/wp\/v2\/categories?post=126463"},{"taxonomy":"post_tag","embeddable":true,"href":"https:\/\/losperiodistas.com.mx\/portal\/wp-json\/wp\/v2\/tags?post=126463"}],"curies":[{"name":"wp","href":"https:\/\/api.w.org\/{rel}","templated":true}]}}