{"id":126403,"date":"2026-07-13T06:50:27","date_gmt":"2026-07-13T12:50:27","guid":{"rendered":"https:\/\/losperiodistas.com.mx\/portal\/?p=126403"},"modified":"2026-07-13T06:50:28","modified_gmt":"2026-07-13T12:50:28","slug":"un-dia-como-hoy-la-virgen-de-fatima-permitio-ver-el-infierno-a-los-tres-pastorcitos-aci","status":"publish","type":"post","link":"https:\/\/losperiodistas.com.mx\/portal\/un-dia-como-hoy-la-virgen-de-fatima-permitio-ver-el-infierno-a-los-tres-pastorcitos-aci\/","title":{"rendered":"Un d\u00eda como hoy la Virgen de F\u00e1tima permiti\u00f3 ver el infierno a los tres pastorcitos | ACI"},"content":{"rendered":"\n<figure class=\"wp-block-image size-large\"><img fetchpriority=\"high\" decoding=\"async\" width=\"1024\" height=\"640\" src=\"https:\/\/losperiodistas.com.mx\/portal\/wp-content\/uploads\/2026\/07\/infierno_tres_pastorcitos_a27ar3-1024x640.jpg\" alt=\"\" class=\"wp-image-126404\" srcset=\"https:\/\/losperiodistas.com.mx\/portal\/wp-content\/uploads\/2026\/07\/infierno_tres_pastorcitos_a27ar3-1024x640.jpg 1024w, https:\/\/losperiodistas.com.mx\/portal\/wp-content\/uploads\/2026\/07\/infierno_tres_pastorcitos_a27ar3-300x188.jpg 300w, https:\/\/losperiodistas.com.mx\/portal\/wp-content\/uploads\/2026\/07\/infierno_tres_pastorcitos_a27ar3-768x480.jpg 768w, https:\/\/losperiodistas.com.mx\/portal\/wp-content\/uploads\/2026\/07\/infierno_tres_pastorcitos_a27ar3-1536x960.jpg 1536w, https:\/\/losperiodistas.com.mx\/portal\/wp-content\/uploads\/2026\/07\/infierno_tres_pastorcitos_a27ar3.jpg 1600w\" sizes=\"(max-width: 1024px) 100vw, 1024px\" \/><figcaption class=\"wp-element-caption\">Imagen referencial del infierno y retrato de los tres pastorcitos. Cr\u00e9dito: Wikimedia Commons (izq.).<\/figcaption><\/figure>\n\n\n\n<p class=\"has-vivid-red-color has-text-color has-link-color has-medium-font-size wp-elements-6b14f75c251a0a7471a5643ad0b82d60\"><strong>REDACCI\u00d3N ACI PRENSA<\/strong><\/p>\n\n\n\n<p>Un d\u00eda como hoy, la Virgen de F\u00e1tima les mostr\u00f3 c\u00f3mo es el infierno a los tres ni\u00f1os pastorcitos Luc\u00eda, Francisco y Jacinta, en la Cova da Iria, en F\u00e1tima (Portugal).<\/p>\n\n\n\n<p>El 13 de julio de 1917, en la tercera de sus apariciones, la Virgen Mar\u00eda permiti\u00f3 que los ni\u00f1os tuvieran una visi\u00f3n del infierno para que comunicaran lo que les espera en el mundo invisible a las personas que no se convierten ni arrepienten de sus pecados mortales antes de morir.<\/p>\n\n\n\n<p>Seg\u00fan narra la historia, ese d\u00eda la Madre de Dios les revel\u00f3 un secreto en tres partes a los pastorcitos. En la primera parte, la Virgen les mostr\u00f3 el infierno y les explic\u00f3 c\u00f3mo ayudar a los dem\u00e1s para que no se condenen.<\/p>\n\n\n\n<p>\u201cHagan sacrificios por los pecadores, y digan seguido, especialmente cuando hagan un sacrificio: Oh Jes\u00fas, esto es por amor a Ti, por la conversi\u00f3n de los pecadores, y en reparaci\u00f3n por las ofensas cometidas contra el Inmaculado Coraz\u00f3n de Mar\u00eda\u201d, les indic\u00f3 la Virgen.<\/p>\n\n\n\n<h2 class=\"wp-block-heading\">Una visi\u00f3n aterradora<\/h2>\n\n\n\n<p>En el libro\u00a0<em>La verdadera historia de F\u00e1tima<\/em>\u00a0del P. John de Marchi, se relata c\u00f3mo Ti Marto, el padre de la pastorcita Jacinta, presenci\u00f3 lo ocurrido.<\/p>\n\n\n\n<p>Record\u00f3 que \u201cLuc\u00eda jade\u00f3 de repente horrorizada, que su rostro estaba blanco como la muerte y que todos los que estaban all\u00ed la oyeron gritar de terror frente a la Virgen Madre, a quien llamaba por su nombre. Los ni\u00f1os miraban a su Se\u00f1ora aterrorizados, sin palabras, e incapaces de pedir socorro por la escena que hab\u00edan presenciado\u201d.<\/p>\n\n\n\n<p>Tiempo despu\u00e9s, a petici\u00f3n del entonces Obispo de Leiria, Luc\u00eda describi\u00f3 la visi\u00f3n en sus&nbsp;<a href=\"http:\/\/www.corazones.org\/maria\/fatima\/memorias_de_lucia.pdf\"><em>Memorias<\/em><\/a>: \u201cMientras Nuestra Se\u00f1ora dec\u00eda estas palabras, abri\u00f3 sus manos una vez m\u00e1s, como lo hab\u00eda hecho en los dos meses anteriores. Los rayos de luz parec\u00edan penetrar la tierra, y vimos como si fuera un mar de fuego\u201d, escribi\u00f3.<\/p>\n\n\n\n<p>\u201cSumergidos en este fuego estaban demonios y almas en forma humana, como tizones transparentes en llamas, todos negros o color bronce quemado, flotando en el fuego, ahora levantadas en el aire por las llamas que sal\u00edan de ellos mismos junto a grandes nubes de humo, se ca\u00edan por todos lados como chispas entre enormes fuegos, sin peso o equilibrio, entre chillidos y gemidos de dolor y desesperaci\u00f3n, que nos horrorizaron y nos hicieron temblar de miedo (debe de haber sido esta visi\u00f3n la que hizo que yo gritara, como dice la gente que hice)\u201d, agreg\u00f3.<\/p>\n\n\n\n<p>\u201cLos demonios pod\u00edan distinguirse por su similitud aterradora y repugnante a miedosos animales desconocidos, negros y transparentes como carbones en llamas. Horrorizados y como pidiendo auxilio, miramos hacia Nuestra Se\u00f1ora, quien nos dijo, tan amablemente y tan tristemente: \u2018Ustedes han visto el infierno, donde van las almas de los pobres pecadores. Es para salvarlos que Dios quiere establecer en el mundo una devoci\u00f3n a mi Inmaculado Coraz\u00f3n. Si ustedes hacen lo que yo les diga, muchas almas se salvar\u00e1n, y habr\u00e1 paz\u2019\u201d, concluy\u00f3.<\/p>\n\n\n\n<p>Despu\u00e9s de la visi\u00f3n, cont\u00f3 que la Virgen Mar\u00eda les pidi\u00f3 que rezaran esta oraci\u00f3n para ayudar a los pecadores: \u201cCuando ustedes recen el Rosario, digan despu\u00e9s de cada misterio: Oh Jes\u00fas m\u00edo, perdona nuestros pecados, l\u00edbranos del fuego del infierno, lleva al cielo a todas las almas, especialmente a las m\u00e1s necesitadas de tu infinita misericordia\u201d.<\/p>\n\n\n\n<p>El P. De Marchi se\u00f1al\u00f3 en su libro que los ni\u00f1os comprendieron por qu\u00e9 la Virgen de F\u00e1tima pidi\u00f3 orar y hacer sacrificios por los pecadores. \u201cHaz esto\u201d, dec\u00eda la Se\u00f1ora, \u201ces una cosa grande, buena y amorosa, y agradar\u00e1 a Dios que es Amor\u201d, indic\u00f3.<\/p>\n\n\n\n<p>\u201cLa visi\u00f3n del infierno que hab\u00edan visto en julio no se borr\u00f3 de sus mentes. Oraron incesantemente. Ellos buscaban nuevos sacrificios. Rezando el Rosario, nunca se olvidaron de incluir la oraci\u00f3n que Nuestra Se\u00f1ora les ense\u00f1\u00f3 a decir despu\u00e9s de cada decena\u201d, agreg\u00f3.<\/p>\n\n\n\n<p>Adem\u00e1s de la visi\u00f3n del infierno del 13 de julio de 1917, el mensaje de la Virgen de F\u00e1tima indica que se debe rezar el Rosario todos los d\u00edas, hacer sacrificios y orar por los pecadores, practicar la devoci\u00f3n de los 5 primeros s\u00e1bados de mes en honor del Inmaculado Coraz\u00f3n de Mar\u00eda, y la consagraci\u00f3n personal a su Inmaculado Coraz\u00f3n.<\/p>\n\n\n\n<p>Para leer el mensaje completo puede ingresar<a href=\"https:\/\/www.aciprensa.com\/recursos\/aparicion-del-13-julio-de-1917-2203\/\">&nbsp;AQU\u00cd<\/a>.<\/p>\n\n\n\n<p>Fuente: <a href=\"https:\/\/www.aciprensa.com\/noticias\/65631\/un-dia-como-hoy-la-virgen-de-fatima-permitio-ver-el-infierno-a-los-tres-pastorcitos\">https:\/\/www.aciprensa.com\/noticias\/65631\/un-dia-como-hoy-la-virgen-de-fatima-permitio-ver-el-infierno-a-los-tres-pastorcitos<\/a><\/p>\n","protected":false},"excerpt":{"rendered":"<p>REDACCI\u00d3N ACI PRENSA Un d\u00eda como hoy, la Virgen de F\u00e1tima les mostr\u00f3 c\u00f3mo es el infierno a los tres [&hellip;]<\/p>\n","protected":false},"author":1,"featured_media":126404,"comment_status":"open","ping_status":"open","sticky":false,"template":"","format":"standard","meta":{"site-sidebar-layout":"default","site-content-layout":"","ast-site-content-layout":"default","site-content-style":"default","site-sidebar-style":"default","ast-global-header-display":"","ast-banner-title-visibility":"","ast-main-header-display":"","ast-hfb-above-header-display":"","ast-hfb-below-header-display":"","ast-hfb-mobile-header-display":"","site-post-title":"","ast-breadcrumbs-content":"","ast-featured-img":"","footer-sml-layout":"","theme-transparent-header-meta":"","adv-header-id-meta":"","stick-header-meta":"","header-above-stick-meta":"","header-main-stick-meta":"","header-below-stick-meta":"","astra-migrate-meta-layouts":"default","ast-page-background-enabled":"default","ast-page-background-meta":{"desktop":{"background-color":"var(--ast-global-color-4)","background-image":"","background-repeat":"repeat","background-position":"center center","background-size":"auto","background-attachment":"scroll","background-type":"","background-media":"","overlay-type":"","overlay-color":"","overlay-opacity":"","overlay-gradient":""},"tablet":{"background-color":"","background-image":"","background-repeat":"repeat","background-position":"center center","background-size":"auto","background-attachment":"scroll","background-type":"","background-media":"","overlay-type":"","overlay-color":"","overlay-opacity":"","overlay-gradient":""},"mobile":{"background-color":"","background-image":"","background-repeat":"repeat","background-position":"center center","background-size":"auto","background-attachment":"scroll","background-type":"","background-media":"","overlay-type":"","overlay-color":"","overlay-opacity":"","overlay-gradient":""}},"ast-content-background-meta":{"desktop":{"background-color":"var(--ast-global-color-5)","background-image":"","background-repeat":"repeat","background-position":"center center","background-size":"auto","background-attachment":"scroll","background-type":"","background-media":"","overlay-type":"","overlay-color":"","overlay-opacity":"","overlay-gradient":""},"tablet":{"background-color":"var(--ast-global-color-5)","background-image":"","background-repeat":"repeat","background-position":"center center","background-size":"auto","background-attachment":"scroll","background-type":"","background-media":"","overlay-type":"","overlay-color":"","overlay-opacity":"","overlay-gradient":""},"mobile":{"background-color":"var(--ast-global-color-5)","background-image":"","background-repeat":"repeat","background-position":"center center","background-size":"auto","background-attachment":"scroll","background-type":"","background-media":"","overlay-type":"","overlay-color":"","overlay-opacity":"","overlay-gradient":""}},"footnotes":""},"categories":[8],"tags":[51149,51148,51147,3386],"class_list":["post-126403","post","type-post","status-publish","format-standard","has-post-thumbnail","hentry","category-noticias","tag-aparciones-marianas","tag-mensaje-de-fatima","tag-pastorcitos-de-fatima","tag-virgen-de-fatima"],"_links":{"self":[{"href":"https:\/\/losperiodistas.com.mx\/portal\/wp-json\/wp\/v2\/posts\/126403","targetHints":{"allow":["GET"]}}],"collection":[{"href":"https:\/\/losperiodistas.com.mx\/portal\/wp-json\/wp\/v2\/posts"}],"about":[{"href":"https:\/\/losperiodistas.com.mx\/portal\/wp-json\/wp\/v2\/types\/post"}],"author":[{"embeddable":true,"href":"https:\/\/losperiodistas.com.mx\/portal\/wp-json\/wp\/v2\/users\/1"}],"replies":[{"embeddable":true,"href":"https:\/\/losperiodistas.com.mx\/portal\/wp-json\/wp\/v2\/comments?post=126403"}],"version-history":[{"count":1,"href":"https:\/\/losperiodistas.com.mx\/portal\/wp-json\/wp\/v2\/posts\/126403\/revisions"}],"predecessor-version":[{"id":126405,"href":"https:\/\/losperiodistas.com.mx\/portal\/wp-json\/wp\/v2\/posts\/126403\/revisions\/126405"}],"wp:featuredmedia":[{"embeddable":true,"href":"https:\/\/losperiodistas.com.mx\/portal\/wp-json\/wp\/v2\/media\/126404"}],"wp:attachment":[{"href":"https:\/\/losperiodistas.com.mx\/portal\/wp-json\/wp\/v2\/media?parent=126403"}],"wp:term":[{"taxonomy":"category","embeddable":true,"href":"https:\/\/losperiodistas.com.mx\/portal\/wp-json\/wp\/v2\/categories?post=126403"},{"taxonomy":"post_tag","embeddable":true,"href":"https:\/\/losperiodistas.com.mx\/portal\/wp-json\/wp\/v2\/tags?post=126403"}],"curies":[{"name":"wp","href":"https:\/\/api.w.org\/{rel}","templated":true}]}}