{"id":126397,"date":"2026-07-13T06:32:15","date_gmt":"2026-07-13T12:32:15","guid":{"rendered":"https:\/\/losperiodistas.com.mx\/portal\/?p=126397"},"modified":"2026-07-13T06:32:16","modified_gmt":"2026-07-13T12:32:16","slug":"dia-internacional-del-trastorno-por-deficit-de-atencion-e-hiperactividad-did","status":"publish","type":"post","link":"https:\/\/losperiodistas.com.mx\/portal\/dia-internacional-del-trastorno-por-deficit-de-atencion-e-hiperactividad-did\/","title":{"rendered":"D\u00eda Internacional del Trastorno por D\u00e9ficit de Atenci\u00f3n e Hiperactividad | DID"},"content":{"rendered":"\n<figure class=\"wp-block-image aligncenter size-full is-resized\"><img fetchpriority=\"high\" decoding=\"async\" width=\"305\" height=\"203\" src=\"https:\/\/losperiodistas.com.mx\/portal\/wp-content\/uploads\/2026\/07\/07-13_dia-internacional-tda.jpg\" alt=\"\" class=\"wp-image-126398\" style=\"width:461px;height:auto\" srcset=\"https:\/\/losperiodistas.com.mx\/portal\/wp-content\/uploads\/2026\/07\/07-13_dia-internacional-tda.jpg 305w, https:\/\/losperiodistas.com.mx\/portal\/wp-content\/uploads\/2026\/07\/07-13_dia-internacional-tda-300x200.jpg 300w\" sizes=\"(max-width: 305px) 100vw, 305px\" \/><\/figure>\n\n\n\n<p class=\"has-vivid-red-color has-text-color has-link-color has-medium-font-size wp-elements-3aa118b0468398fc8c867f42a873ef01\"><strong>REDACCI\u00d3N D\u00cdA INTERNACIONAL DE<\/strong><\/p>\n\n\n\n<p>Cada 13 de julio conmemoramos uno de los trastornos m\u00e1s comunes de la infancia, que afecta a nivel mundial a 1 de cada 10 ni\u00f1os o j\u00f3venes en edad escolar.&nbsp;<strong>Se celebra el D\u00eda Internacional del Trastorno por D\u00e9ficit de Atenci\u00f3n e Hiperactividad.<\/strong><\/p>\n\n\n\n<p>Con esta efem\u00e9ride se pretende sensibilizar y concienciar a la poblaci\u00f3n mundial acerca de este trastorno cr\u00f3nico del desarrollo neurocognitivo, as\u00ed como apoyar a las personas que lo padecen y sus familiares.<\/p>\n\n\n\n<h2 class=\"wp-block-heading\" id=\"resTit_1\">\u00bfQu\u00e9 es el Trastorno por D\u00e9ficit de Atenci\u00f3n e Hiperactividad?<\/h2>\n\n\n\n<p>El&nbsp;<strong>Trastorno por D\u00e9ficit de Atenci\u00f3n e Hiperactividad (TDAH)<\/strong>&nbsp;es un trastorno del neurodesarrollo vinculado a factores gen\u00e9ticos que afecta el desarrollo emocional, cognitivo, conductual y social de ni\u00f1os y j\u00f3venes hasta la edad adulta. Genera alteraciones en su conducta, caracterizadas por los siguientes aspectos:<\/p>\n\n\n\n<ul class=\"wp-block-list\">\n<li><strong>Hiperactividad:<\/strong>\u00a0presenta un nivel superior de actividad, dada su edad.<\/li>\n\n\n\n<li><strong>Impulsividad:\u00a0<\/strong>dificultad para controlar su conducta, emociones y pensamientos.<\/li>\n\n\n\n<li><strong>Inatenci\u00f3n:<\/strong>\u00a0dificultad o incapacidad para concentrarse y prestar atenci\u00f3n.<\/li>\n<\/ul>\n\n\n\n<p>Uno de los rasgos caracter\u00edsticos de este trastorno se reconoce durante la etapa escolar debido a las dificultades en el rendimiento escolar, as\u00ed como la manifestaci\u00f3n de disfunciones sociales. Otros rasgos predominantes son los siguientes:<\/p>\n\n\n\n<ul class=\"wp-block-list\">\n<li>Falta de concentraci\u00f3n.<\/li>\n\n\n\n<li>Actividad inmoderada y constante.<\/li>\n\n\n\n<li>Desobediencia a reglas e instrucciones.<\/li>\n\n\n\n<li>Conducta agresiva.<\/li>\n<\/ul>\n\n\n\n<p>Por otra parte, las personas que padecen TDAH presentan aspectos positivos, tales como:<\/p>\n\n\n\n<ul class=\"wp-block-list\">\n<li>Generaci\u00f3n de ideas novedosas y soluciones originales.<\/li>\n\n\n\n<li>Curiosidad innata.<\/li>\n\n\n\n<li>Empat\u00eda.<\/li>\n\n\n\n<li>Habilidad al hablar.<\/li>\n\n\n\n<li>Sentido del humor.<\/li>\n\n\n\n<li>Memoria visual.<\/li>\n\n\n\n<li>Espontaneidad y creatividad.<\/li>\n<\/ul>\n\n\n\n<p>Al no ser diagnosticado y tratado a tiempo el TDAH puede ocasionar en las personas que lo padecen:<\/p>\n\n\n\n<ul class=\"wp-block-list\">\n<li>Da\u00f1os en la personalidad.<\/li>\n\n\n\n<li>Baja autoestima.<\/li>\n\n\n\n<li>Dificultades en las relaciones interpersonales.<\/li>\n\n\n\n<li>Dificultades en la escuela o en el trabajo.<\/li>\n<\/ul>\n\n\n\n<h2 class=\"wp-block-heading\" id=\"resTit_2\">Recomendaciones para el manejo del TDAH<\/h2>\n\n\n\n<p>Algunos consejos para el manejo del TDAH son los siguientes, siendo altamente recomendable la orientaci\u00f3n terap\u00e9utica y multidisciplinaria:<\/p>\n\n\n\n<ul class=\"wp-block-list\">\n<li>Dividir las tareas.<\/li>\n\n\n\n<li>Establecer un espacio espec\u00edfico sin distracciones.<\/li>\n\n\n\n<li>Fijar un tiempo para cada tarea.<\/li>\n\n\n\n<li>Crear una rutina.<\/li>\n\n\n\n<li>Hacer ejercicio f\u00edsico diario.<\/li>\n\n\n\n<li>Centrarse en una sola actividad.<\/li>\n\n\n\n<li>Premiar cuando se hayan cumplido los objetivos o tareas pautadas.<\/li>\n\n\n\n<li>Evitar el uso de ingredientes artificiales en la preparaci\u00f3n de alimentos.<\/li>\n\n\n\n<li>Disminuir o eliminar la ingesta de az\u00facares refinadas.<\/li>\n\n\n\n<li>Incrementar el consumo de prote\u00ednas y carbohidratos complejos, como granos enteros y vegetales.<\/li>\n<\/ul>\n\n\n\n<h2 class=\"wp-block-heading\" id=\"resTit_3\">\u00bfC\u00f3mo se celebra este d\u00eda internacional?<\/h2>\n\n\n\n<p>En la celebraci\u00f3n de esta efem\u00e9ride algunas edificaciones p\u00fablicas se iluminan de color naranja, para visibilizar y sensibilizar sobre el TDAH.<\/p>\n\n\n\n<p>Asimismo, se llevan a cabo talleres y conferencias, con la participaci\u00f3n de profesionales vinculados con esta tem\u00e1tica.<\/p>\n\n\n\n<p>Comparte informaci\u00f3n \u00fatil e interesante sobre el&nbsp;<strong>D\u00eda Internacional del Trastorno por D\u00e9ficit de Atenci\u00f3n e Hiperactividad<\/strong>&nbsp;en las redes sociales. Utiliza los hashtags&nbsp;<strong><em>#TDAH #DiaInternacionalTDAH<\/em><\/strong><\/p>\n\n\n\n<p>Fuente: <a href=\"https:\/\/www.diainternacionalde.com\/ficha\/dia-internacional-trastorno-deficit-atencion-hiperactividad\">https:\/\/www.diainternacionalde.com\/ficha\/dia-internacional-trastorno-deficit-atencion-hiperactividad<\/a><\/p>\n","protected":false},"excerpt":{"rendered":"<p>REDACCI\u00d3N D\u00cdA INTERNACIONAL DE Cada 13 de julio conmemoramos uno de los trastornos m\u00e1s comunes de la infancia, que afecta [&hellip;]<\/p>\n","protected":false},"author":1,"featured_media":126398,"comment_status":"open","ping_status":"open","sticky":false,"template":"","format":"standard","meta":{"site-sidebar-layout":"default","site-content-layout":"","ast-site-content-layout":"default","site-content-style":"default","site-sidebar-style":"default","ast-global-header-display":"","ast-banner-title-visibility":"","ast-main-header-display":"","ast-hfb-above-header-display":"","ast-hfb-below-header-display":"","ast-hfb-mobile-header-display":"","site-post-title":"","ast-breadcrumbs-content":"","ast-featured-img":"","footer-sml-layout":"","theme-transparent-header-meta":"","adv-header-id-meta":"","stick-header-meta":"","header-above-stick-meta":"","header-main-stick-meta":"","header-below-stick-meta":"","astra-migrate-meta-layouts":"default","ast-page-background-enabled":"default","ast-page-background-meta":{"desktop":{"background-color":"var(--ast-global-color-4)","background-image":"","background-repeat":"repeat","background-position":"center center","background-size":"auto","background-attachment":"scroll","background-type":"","background-media":"","overlay-type":"","overlay-color":"","overlay-opacity":"","overlay-gradient":""},"tablet":{"background-color":"","background-image":"","background-repeat":"repeat","background-position":"center center","background-size":"auto","background-attachment":"scroll","background-type":"","background-media":"","overlay-type":"","overlay-color":"","overlay-opacity":"","overlay-gradient":""},"mobile":{"background-color":"","background-image":"","background-repeat":"repeat","background-position":"center center","background-size":"auto","background-attachment":"scroll","background-type":"","background-media":"","overlay-type":"","overlay-color":"","overlay-opacity":"","overlay-gradient":""}},"ast-content-background-meta":{"desktop":{"background-color":"var(--ast-global-color-5)","background-image":"","background-repeat":"repeat","background-position":"center center","background-size":"auto","background-attachment":"scroll","background-type":"","background-media":"","overlay-type":"","overlay-color":"","overlay-opacity":"","overlay-gradient":""},"tablet":{"background-color":"var(--ast-global-color-5)","background-image":"","background-repeat":"repeat","background-position":"center center","background-size":"auto","background-attachment":"scroll","background-type":"","background-media":"","overlay-type":"","overlay-color":"","overlay-opacity":"","overlay-gradient":""},"mobile":{"background-color":"var(--ast-global-color-5)","background-image":"","background-repeat":"repeat","background-position":"center center","background-size":"auto","background-attachment":"scroll","background-type":"","background-media":"","overlay-type":"","overlay-color":"","overlay-opacity":"","overlay-gradient":""}},"footnotes":""},"categories":[8],"tags":[51146],"class_list":["post-126397","post","type-post","status-publish","format-standard","has-post-thumbnail","hentry","category-noticias","tag-dia-internacional-del-trastorno-por-deficit-de-atencion-e-hiperactividad"],"_links":{"self":[{"href":"https:\/\/losperiodistas.com.mx\/portal\/wp-json\/wp\/v2\/posts\/126397","targetHints":{"allow":["GET"]}}],"collection":[{"href":"https:\/\/losperiodistas.com.mx\/portal\/wp-json\/wp\/v2\/posts"}],"about":[{"href":"https:\/\/losperiodistas.com.mx\/portal\/wp-json\/wp\/v2\/types\/post"}],"author":[{"embeddable":true,"href":"https:\/\/losperiodistas.com.mx\/portal\/wp-json\/wp\/v2\/users\/1"}],"replies":[{"embeddable":true,"href":"https:\/\/losperiodistas.com.mx\/portal\/wp-json\/wp\/v2\/comments?post=126397"}],"version-history":[{"count":1,"href":"https:\/\/losperiodistas.com.mx\/portal\/wp-json\/wp\/v2\/posts\/126397\/revisions"}],"predecessor-version":[{"id":126399,"href":"https:\/\/losperiodistas.com.mx\/portal\/wp-json\/wp\/v2\/posts\/126397\/revisions\/126399"}],"wp:featuredmedia":[{"embeddable":true,"href":"https:\/\/losperiodistas.com.mx\/portal\/wp-json\/wp\/v2\/media\/126398"}],"wp:attachment":[{"href":"https:\/\/losperiodistas.com.mx\/portal\/wp-json\/wp\/v2\/media?parent=126397"}],"wp:term":[{"taxonomy":"category","embeddable":true,"href":"https:\/\/losperiodistas.com.mx\/portal\/wp-json\/wp\/v2\/categories?post=126397"},{"taxonomy":"post_tag","embeddable":true,"href":"https:\/\/losperiodistas.com.mx\/portal\/wp-json\/wp\/v2\/tags?post=126397"}],"curies":[{"name":"wp","href":"https:\/\/api.w.org\/{rel}","templated":true}]}}