{"id":126389,"date":"2026-07-12T22:06:15","date_gmt":"2026-07-13T04:06:15","guid":{"rendered":"https:\/\/losperiodistas.com.mx\/portal\/?p=126389"},"modified":"2026-07-12T22:06:17","modified_gmt":"2026-07-13T04:06:17","slug":"al-menos-10-muertos-tras-choque-multiple-en-autopista-de-mexico-hay-varios-estadounidenses-heridos-cnn","status":"publish","type":"post","link":"https:\/\/losperiodistas.com.mx\/portal\/al-menos-10-muertos-tras-choque-multiple-en-autopista-de-mexico-hay-varios-estadounidenses-heridos-cnn\/","title":{"rendered":"Al menos 10 muertos tras choque m\u00faltiple en autopista de M\u00e9xico, hay varios estadounidenses heridos | CNN"},"content":{"rendered":"\n<figure class=\"wp-block-image size-large\"><img fetchpriority=\"high\" decoding=\"async\" width=\"1024\" height=\"637\" src=\"https:\/\/losperiodistas.com.mx\/portal\/wp-content\/uploads\/2026\/07\/AccidenteJalisco-1024x637.png\" alt=\"\" class=\"wp-image-126390\" srcset=\"https:\/\/losperiodistas.com.mx\/portal\/wp-content\/uploads\/2026\/07\/AccidenteJalisco-1024x637.png 1024w, https:\/\/losperiodistas.com.mx\/portal\/wp-content\/uploads\/2026\/07\/AccidenteJalisco-300x187.png 300w, https:\/\/losperiodistas.com.mx\/portal\/wp-content\/uploads\/2026\/07\/AccidenteJalisco-768x478.png 768w, https:\/\/losperiodistas.com.mx\/portal\/wp-content\/uploads\/2026\/07\/AccidenteJalisco.png 1311w\" sizes=\"(max-width: 1024px) 100vw, 1024px\" \/><figcaption class=\"wp-element-caption\"> Un veh\u00edculo qued\u00f3 calcinado tras el choque m\u00faltiple registrado en la carretera Federal 15D Tepic-Guadalajara, en Jalisco. Secretar\u00eda de Seguridad y Protecci\u00f3n Ciudadana de Nayarit<\/figcaption><\/figure>\n\n\n\n<p class=\"has-vivid-red-color has-text-color has-link-color wp-elements-f60f9a0adf9260652b22237972082dbd\">Roc\u00edo Mu\u00f1oz-Ledo \/ CNN<\/p>\n\n\n\n<p>Un choque m\u00faltiple que desat\u00f3 un incendio dej\u00f3 al menos 10 personas muertas y 10 heridas, incluidos cuatro ciudadanos estadounidenses, en una importante carretera del occidente de M\u00e9xico, informaron autoridades estatales.<\/p>\n\n\n\n<p>La Secretar\u00eda de Seguridad y Protecci\u00f3n Ciudadana de Nayarit inform\u00f3 que el accidente ocurri\u00f3 en la carretera Federal 15D Tepic-Guadalajara, en las inmediaciones del municipio de Magdalena, Jalisco, cuando un tercer tractocami\u00f3n impact\u00f3 la zona donde elementos de emergencia atend\u00edan un choque previo entre veh\u00edculos de carga. El nuevo golpe desat\u00f3 un incendio que calcin\u00f3 varios veh\u00edculos.<\/p>\n\n\n\n<p>\u201cComo consecuencia de este segundo impacto, tres veh\u00edculos particulares y dos tractocamiones fueron consumidos en su totalidad por el fuego\u201d, se\u00f1al\u00f3 la dependencia en un comunicado.<\/p>\n\n\n\n<figure class=\"wp-block-image size-large\"><img decoding=\"async\" width=\"1024\" height=\"768\" src=\"https:\/\/losperiodistas.com.mx\/portal\/wp-content\/uploads\/2026\/07\/imagen-35-1024x768.png\" alt=\"\" class=\"wp-image-126391\" srcset=\"https:\/\/losperiodistas.com.mx\/portal\/wp-content\/uploads\/2026\/07\/imagen-35-1024x768.png 1024w, https:\/\/losperiodistas.com.mx\/portal\/wp-content\/uploads\/2026\/07\/imagen-35-300x225.png 300w, https:\/\/losperiodistas.com.mx\/portal\/wp-content\/uploads\/2026\/07\/imagen-35-768x576.png 768w, https:\/\/losperiodistas.com.mx\/portal\/wp-content\/uploads\/2026\/07\/imagen-35.png 1160w\" sizes=\"(max-width: 1024px) 100vw, 1024px\" \/><figcaption class=\"wp-element-caption\">Bombero trabaja para apagar las llamas tras choque m\u00faltiple en la carretera Federal 15D Tepic-Guadalajara, en Jalisco, donde un incendio consumi\u00f3 varios veh\u00edculos y dej\u00f3 al menos nueve personas muertas y 10 heridas.  Secretar\u00eda de Seguridad y Protecci\u00f3n Ciudadana de Nayarit<\/figcaption><\/figure>\n\n\n\n<p>Videos compartidos en redes sociales mostraron veh\u00edculos completamente calcinados sobre la carretera, una ruta utilizada por transporte de carga, pasajeros y turistas que conecta la ciudad de Guadalajara con Tepic, en el estado de Nayarit.<\/p>\n\n\n\n<p>La Unidad Estatal de Protecci\u00f3n Civil y Bomberos de Jalisco inform\u00f3, seg\u00fan Reuters, que entre los fallecidos hay dos menores de edad y que dos elementos de la Guardia Nacional resultaron heridos de gravedad. La dependencia agreg\u00f3 que cuatro ciudadanos estadounidenses fueron trasladados en condici\u00f3n leve a un hospital privado de Guadalajara.<\/p>\n\n\n\n<p>\u201cCuatro pacientes en condici\u00f3n leve, todos ciudadanos estadounidenses, fueron trasladados al Hospital Arboledas en Guadalajara por una ambulancia privada desde la autopista\u201d, dijo la Unidad Estatal de Protecci\u00f3n Civil y Bomberos de Jalisco.<\/p>\n\n\n\n<figure class=\"wp-block-image size-large\"><img decoding=\"async\" width=\"1024\" height=\"768\" src=\"https:\/\/losperiodistas.com.mx\/portal\/wp-content\/uploads\/2026\/07\/imagen-36-1024x768.png\" alt=\"\" class=\"wp-image-126392\" srcset=\"https:\/\/losperiodistas.com.mx\/portal\/wp-content\/uploads\/2026\/07\/imagen-36-1024x768.png 1024w, https:\/\/losperiodistas.com.mx\/portal\/wp-content\/uploads\/2026\/07\/imagen-36-300x225.png 300w, https:\/\/losperiodistas.com.mx\/portal\/wp-content\/uploads\/2026\/07\/imagen-36-768x576.png 768w, https:\/\/losperiodistas.com.mx\/portal\/wp-content\/uploads\/2026\/07\/imagen-36.png 1160w\" sizes=\"(max-width: 1024px) 100vw, 1024px\" \/><figcaption class=\"wp-element-caption\"> Una unidad de la Guardia Nacional result\u00f3 da\u00f1ada tras el choque m\u00faltiple registrado en la carretera Federal 15D Tepic-Guadalajara, en Jalisco, donde un incendio consumi\u00f3 varios veh\u00edculos y dej\u00f3 al menos nueve personas muertas y 10 heridas.  Secretar\u00eda de Seguridad y Protecci\u00f3n Ciudadana de Nayarit<\/figcaption><\/figure>\n\n\n\n<p>El gobernador de Jalisco, Pablo Lemus, dijo que los equipos de emergencia continuaban trabajando en la atenci\u00f3n de las v\u00edctimas y coordinando las labores de rescate junto con la Guardia Nacional, Protecci\u00f3n Civil y el Sistema de Atenci\u00f3n M\u00e9dica de Urgencias (SAMU).<\/p>\n\n\n\n<p>\u201cDe verdad es una gran tragedia que enluta a Jalisco y Nayarit\u201d, escribi\u00f3 Lemus en su cuenta de X. El gobernador asegur\u00f3 que su administraci\u00f3n estaba trasladando a los heridos a hospitales p\u00fablicos y privados y que brindar\u00eda apoyo a las familias afectadas.<\/p>\n\n\n\n<p>\u201cDaremos todo nuestro apoyo sin l\u00edmites; es algo que nos tiene muy conmovidos y comprometidos con las familias v\u00edctimas de este accidente\u201d, agreg\u00f3.<\/p>\n\n\n\n<p>Lemus tambi\u00e9n inform\u00f3 que manten\u00eda comunicaci\u00f3n directa con las autoridades de emergencia y que se hab\u00edan puesto a disposici\u00f3n helic\u00f3pteros, ambulancias y otros medios de transporte para apoyar la atenci\u00f3n de los heridos.<\/p>\n\n\n\n<p>La carretera Federal 15D Tepic-Guadalajara forma parte de un corredor importante del occidente de M\u00e9xico. La v\u00eda conecta Guadalajara con Tepic y es utilizada por transporte de carga y pasajeros, adem\u00e1s de viajeros que se desplazan hacia destinos tur\u00edsticos del Pac\u00edfico.<\/p>\n\n\n\n<p>La circulaci\u00f3n permanec\u00eda cerrada mientras las autoridades realizaban las diligencias correspondientes y trabajaban para determinar las causas del accidente.<\/p>\n\n\n\n<p>Hasta el momento, las autoridades no han dado a conocer la identidad de las personas fallecidas ni han establecido una causa definitiva del incidente.<\/p>\n\n\n\n<p>Fuente: <a href=\"https:\/\/cnnespanol.cnn.com\/2026\/07\/12\/mexico\/accidente-autopista-guadalajara-tepic-muertos-heridos-orix\" target=\"_blank\" rel=\"noreferrer noopener\">CNN<\/a><\/p>\n\n\n\n<p><\/p>\n","protected":false},"excerpt":{"rendered":"<p>Roc\u00edo Mu\u00f1oz-Ledo \/ CNN Un choque m\u00faltiple que desat\u00f3 un incendio dej\u00f3 al menos 10 personas muertas y 10 heridas, [&hellip;]<\/p>\n","protected":false},"author":1,"featured_media":126390,"comment_status":"open","ping_status":"open","sticky":false,"template":"","format":"standard","meta":{"site-sidebar-layout":"default","site-content-layout":"","ast-site-content-layout":"default","site-content-style":"default","site-sidebar-style":"default","ast-global-header-display":"","ast-banner-title-visibility":"","ast-main-header-display":"","ast-hfb-above-header-display":"","ast-hfb-below-header-display":"","ast-hfb-mobile-header-display":"","site-post-title":"","ast-breadcrumbs-content":"","ast-featured-img":"","footer-sml-layout":"","theme-transparent-header-meta":"","adv-header-id-meta":"","stick-header-meta":"","header-above-stick-meta":"","header-main-stick-meta":"","header-below-stick-meta":"","astra-migrate-meta-layouts":"default","ast-page-background-enabled":"default","ast-page-background-meta":{"desktop":{"background-color":"var(--ast-global-color-4)","background-image":"","background-repeat":"repeat","background-position":"center center","background-size":"auto","background-attachment":"scroll","background-type":"","background-media":"","overlay-type":"","overlay-color":"","overlay-opacity":"","overlay-gradient":""},"tablet":{"background-color":"","background-image":"","background-repeat":"repeat","background-position":"center center","background-size":"auto","background-attachment":"scroll","background-type":"","background-media":"","overlay-type":"","overlay-color":"","overlay-opacity":"","overlay-gradient":""},"mobile":{"background-color":"","background-image":"","background-repeat":"repeat","background-position":"center center","background-size":"auto","background-attachment":"scroll","background-type":"","background-media":"","overlay-type":"","overlay-color":"","overlay-opacity":"","overlay-gradient":""}},"ast-content-background-meta":{"desktop":{"background-color":"var(--ast-global-color-5)","background-image":"","background-repeat":"repeat","background-position":"center center","background-size":"auto","background-attachment":"scroll","background-type":"","background-media":"","overlay-type":"","overlay-color":"","overlay-opacity":"","overlay-gradient":""},"tablet":{"background-color":"var(--ast-global-color-5)","background-image":"","background-repeat":"repeat","background-position":"center center","background-size":"auto","background-attachment":"scroll","background-type":"","background-media":"","overlay-type":"","overlay-color":"","overlay-opacity":"","overlay-gradient":""},"mobile":{"background-color":"var(--ast-global-color-5)","background-image":"","background-repeat":"repeat","background-position":"center center","background-size":"auto","background-attachment":"scroll","background-type":"","background-media":"","overlay-type":"","overlay-color":"","overlay-opacity":"","overlay-gradient":""}},"footnotes":""},"categories":[8],"tags":[14583,51142,41335,28580,17315,51143,51141],"class_list":["post-126389","post","type-post","status-publish","format-standard","has-post-thumbnail","hentry","category-noticias","tag-accidente","tag-carretera-federal-15d-tepic-guadalajara","tag-choque-multiple","tag-guadalajara","tag-nayarit","tag-samu","tag-secretaria-de-seguridad-y-proteccion-ciudadana"],"_links":{"self":[{"href":"https:\/\/losperiodistas.com.mx\/portal\/wp-json\/wp\/v2\/posts\/126389","targetHints":{"allow":["GET"]}}],"collection":[{"href":"https:\/\/losperiodistas.com.mx\/portal\/wp-json\/wp\/v2\/posts"}],"about":[{"href":"https:\/\/losperiodistas.com.mx\/portal\/wp-json\/wp\/v2\/types\/post"}],"author":[{"embeddable":true,"href":"https:\/\/losperiodistas.com.mx\/portal\/wp-json\/wp\/v2\/users\/1"}],"replies":[{"embeddable":true,"href":"https:\/\/losperiodistas.com.mx\/portal\/wp-json\/wp\/v2\/comments?post=126389"}],"version-history":[{"count":1,"href":"https:\/\/losperiodistas.com.mx\/portal\/wp-json\/wp\/v2\/posts\/126389\/revisions"}],"predecessor-version":[{"id":126393,"href":"https:\/\/losperiodistas.com.mx\/portal\/wp-json\/wp\/v2\/posts\/126389\/revisions\/126393"}],"wp:featuredmedia":[{"embeddable":true,"href":"https:\/\/losperiodistas.com.mx\/portal\/wp-json\/wp\/v2\/media\/126390"}],"wp:attachment":[{"href":"https:\/\/losperiodistas.com.mx\/portal\/wp-json\/wp\/v2\/media?parent=126389"}],"wp:term":[{"taxonomy":"category","embeddable":true,"href":"https:\/\/losperiodistas.com.mx\/portal\/wp-json\/wp\/v2\/categories?post=126389"},{"taxonomy":"post_tag","embeddable":true,"href":"https:\/\/losperiodistas.com.mx\/portal\/wp-json\/wp\/v2\/tags?post=126389"}],"curies":[{"name":"wp","href":"https:\/\/api.w.org\/{rel}","templated":true}]}}