{"id":12505,"date":"2021-09-01T18:35:31","date_gmt":"2021-09-01T23:35:31","guid":{"rendered":"http:\/\/losperiodistas.com.mx\/portal\/?p=12505"},"modified":"2021-09-01T18:35:32","modified_gmt":"2021-09-01T23:35:32","slug":"marko-cortes-se-separa-de-la-dirigencia-del-pan-para-contender-por-la-reeleccion-proceso","status":"publish","type":"post","link":"https:\/\/losperiodistas.com.mx\/portal\/marko-cortes-se-separa-de-la-dirigencia-del-pan-para-contender-por-la-reeleccion-proceso\/","title":{"rendered":"Marko Cort\u00e9s se separa de la dirigencia del PAN para contender por la reelecci\u00f3n | Proceso"},"content":{"rendered":"\n<p style=\"font-size:18px\"><em>\u00abQuiero informar que el d\u00eda de hoy presentar\u00e9 mi licencia para refrendarme como presidente nacional del PAN y as\u00ed enfrentar con la mayor fortaleza el 2024\u00bb, anunci\u00f3 en redes sociales.<\/em><\/p>\n\n\n\n<p><\/p>\n\n\n\n<figure class=\"wp-block-image size-large\"><img fetchpriority=\"high\" decoding=\"async\" width=\"1024\" height=\"574\" src=\"https:\/\/losperiodistas.com.mx\/portal\/wp-content\/uploads\/2021\/09\/Captura-de-Pantalla-2021-09-01-a-las-18.32.54-1024x574.jpg\" alt=\"\" class=\"wp-image-12506\" srcset=\"https:\/\/losperiodistas.com.mx\/portal\/wp-content\/uploads\/2021\/09\/Captura-de-Pantalla-2021-09-01-a-las-18.32.54-1024x574.jpg 1024w, https:\/\/losperiodistas.com.mx\/portal\/wp-content\/uploads\/2021\/09\/Captura-de-Pantalla-2021-09-01-a-las-18.32.54-300x168.jpg 300w, https:\/\/losperiodistas.com.mx\/portal\/wp-content\/uploads\/2021\/09\/Captura-de-Pantalla-2021-09-01-a-las-18.32.54-768x430.jpg 768w, https:\/\/losperiodistas.com.mx\/portal\/wp-content\/uploads\/2021\/09\/Captura-de-Pantalla-2021-09-01-a-las-18.32.54.jpg 1478w\" sizes=\"(max-width: 1024px) 100vw, 1024px\" \/><\/figure>\n\n\n\n<p class=\"has-vivid-cyan-blue-color has-text-color has-medium-font-size\">REDACCI\u00d3N PROCESO<\/p>\n\n\n\n<p>CIUDAD DE M\u00c9XICO (apro).- Marko Cort\u00e9s, actual dirigente nacional del PAN, anunci\u00f3 este mi\u00e9rcoles que se separa de su cargo para buscar la reelecci\u00f3n en el blanquiazul.<\/p>\n\n\n\n<p>\u201cQuiero informar que el d\u00eda de hoy presentar\u00e9 mi licencia para refrendarme como presidente nacional del PAN y as\u00ed enfrentar con la mayor fortaleza el 2024, continuar creciendo, avanzando y poder corregir el rumbo del pa\u00eds\u201d, anunci\u00f3 en un mensaje en redes sociales.<\/p>\n\n\n\n<p>Cort\u00e9s se\u00f1al\u00f3 que se inscribir\u00e1 al proceso interno del PAN, que inicia en septiembre, y comenzar\u00e1 su campa\u00f1a para contender por el cargo el pr\u00f3ximo 24 de octubre para un nuevo periodo de tres a\u00f1os.<\/p>\n\n\n\n<figure class=\"wp-block-embed is-type-rich is-provider-twitter wp-block-embed-twitter\"><div class=\"wp-block-embed__wrapper\">\n<blockquote class=\"twitter-tweet\" data-width=\"500\" data-dnt=\"true\"><p lang=\"es\" dir=\"ltr\">Quiero informar que el d\u00eda de hoy presentar\u00e9 mi licencia para refrendarme como presidente nacional del PAN y as\u00ed enfrentar con la mayor fortaleza el 2024, continuar creciendo, avanzando y poder corregir el rumbo del pa\u00eds.<\/p>&mdash; Marko Cort\u00e9s (@MarkoCortes) <a href=\"https:\/\/twitter.com\/MarkoCortes\/status\/1433101704426409991?ref_src=twsrc%5Etfw\">September 1, 2021<\/a><\/blockquote><script async src=\"https:\/\/platform.twitter.com\/widgets.js\" charset=\"utf-8\"><\/script>\n<\/div><\/figure>\n\n\n\n<p>Desde hace un mes los otros dos aspirantes a dirigir el PAN, Adriana D\u00e1vila y Gerardo Priego, pidieron la renuncia de Marko Cort\u00e9s si es que deseaba reelegirse en el cargo.<\/p>\n\n\n\n<p>Quien quiera que quede en la dirigencia tendr\u00e1 que enfrentar una crisis en la baja de militantes lo que pone en riesgo su registro.<\/p>\n\n\n\n<p>Actualmente el PAN tiene 270 mil 799 militantes que representan el 0.28% del Padr\u00f3n Electoral Federal y de acuerdo a la Ley General de Partido Pol\u00edticos establece que el n\u00famero de militantes no puede ser inferior al 0.26 por ciento.<\/p>\n\n\n\n<p>Fuente: https:\/\/www.proceso.com.mx\/nacional\/politica\/2021\/9\/1\/marko-cortes-se-separa-de-la-dirigencia-del-pan-para-contender-por-la-reeleccion-271076.html<\/p>\n","protected":false},"excerpt":{"rendered":"<p>\u00abQuiero informar que el d\u00eda de hoy presentar\u00e9 mi licencia para refrendarme como presidente nacional del PAN y as\u00ed enfrentar [&hellip;]<\/p>\n","protected":false},"author":1,"featured_media":12506,"comment_status":"open","ping_status":"open","sticky":false,"template":"","format":"standard","meta":{"site-sidebar-layout":"default","site-content-layout":"","ast-site-content-layout":"default","site-content-style":"default","site-sidebar-style":"default","ast-global-header-display":"","ast-banner-title-visibility":"","ast-main-header-display":"","ast-hfb-above-header-display":"","ast-hfb-below-header-display":"","ast-hfb-mobile-header-display":"","site-post-title":"","ast-breadcrumbs-content":"","ast-featured-img":"","footer-sml-layout":"","theme-transparent-header-meta":"","adv-header-id-meta":"","stick-header-meta":"","header-above-stick-meta":"","header-main-stick-meta":"","header-below-stick-meta":"","astra-migrate-meta-layouts":"default","ast-page-background-enabled":"default","ast-page-background-meta":{"desktop":{"background-color":"var(--ast-global-color-4)","background-image":"","background-repeat":"repeat","background-position":"center center","background-size":"auto","background-attachment":"scroll","background-type":"","background-media":"","overlay-type":"","overlay-color":"","overlay-opacity":"","overlay-gradient":""},"tablet":{"background-color":"","background-image":"","background-repeat":"repeat","background-position":"center center","background-size":"auto","background-attachment":"scroll","background-type":"","background-media":"","overlay-type":"","overlay-color":"","overlay-opacity":"","overlay-gradient":""},"mobile":{"background-color":"","background-image":"","background-repeat":"repeat","background-position":"center center","background-size":"auto","background-attachment":"scroll","background-type":"","background-media":"","overlay-type":"","overlay-color":"","overlay-opacity":"","overlay-gradient":""}},"ast-content-background-meta":{"desktop":{"background-color":"var(--ast-global-color-5)","background-image":"","background-repeat":"repeat","background-position":"center center","background-size":"auto","background-attachment":"scroll","background-type":"","background-media":"","overlay-type":"","overlay-color":"","overlay-opacity":"","overlay-gradient":""},"tablet":{"background-color":"var(--ast-global-color-5)","background-image":"","background-repeat":"repeat","background-position":"center center","background-size":"auto","background-attachment":"scroll","background-type":"","background-media":"","overlay-type":"","overlay-color":"","overlay-opacity":"","overlay-gradient":""},"mobile":{"background-color":"var(--ast-global-color-5)","background-image":"","background-repeat":"repeat","background-position":"center center","background-size":"auto","background-attachment":"scroll","background-type":"","background-media":"","overlay-type":"","overlay-color":"","overlay-opacity":"","overlay-gradient":""}},"footnotes":""},"categories":[8],"tags":[2089,248],"class_list":["post-12505","post","type-post","status-publish","format-standard","has-post-thumbnail","hentry","category-noticias","tag-marko-cortes","tag-pan"],"_links":{"self":[{"href":"https:\/\/losperiodistas.com.mx\/portal\/wp-json\/wp\/v2\/posts\/12505","targetHints":{"allow":["GET"]}}],"collection":[{"href":"https:\/\/losperiodistas.com.mx\/portal\/wp-json\/wp\/v2\/posts"}],"about":[{"href":"https:\/\/losperiodistas.com.mx\/portal\/wp-json\/wp\/v2\/types\/post"}],"author":[{"embeddable":true,"href":"https:\/\/losperiodistas.com.mx\/portal\/wp-json\/wp\/v2\/users\/1"}],"replies":[{"embeddable":true,"href":"https:\/\/losperiodistas.com.mx\/portal\/wp-json\/wp\/v2\/comments?post=12505"}],"version-history":[{"count":1,"href":"https:\/\/losperiodistas.com.mx\/portal\/wp-json\/wp\/v2\/posts\/12505\/revisions"}],"predecessor-version":[{"id":12507,"href":"https:\/\/losperiodistas.com.mx\/portal\/wp-json\/wp\/v2\/posts\/12505\/revisions\/12507"}],"wp:featuredmedia":[{"embeddable":true,"href":"https:\/\/losperiodistas.com.mx\/portal\/wp-json\/wp\/v2\/media\/12506"}],"wp:attachment":[{"href":"https:\/\/losperiodistas.com.mx\/portal\/wp-json\/wp\/v2\/media?parent=12505"}],"wp:term":[{"taxonomy":"category","embeddable":true,"href":"https:\/\/losperiodistas.com.mx\/portal\/wp-json\/wp\/v2\/categories?post=12505"},{"taxonomy":"post_tag","embeddable":true,"href":"https:\/\/losperiodistas.com.mx\/portal\/wp-json\/wp\/v2\/tags?post=12505"}],"curies":[{"name":"wp","href":"https:\/\/api.w.org\/{rel}","templated":true}]}}