{"id":12416,"date":"2021-08-31T10:45:19","date_gmt":"2021-08-31T15:45:19","guid":{"rendered":"http:\/\/losperiodistas.com.mx\/portal\/?p=12416"},"modified":"2021-08-31T10:45:20","modified_gmt":"2021-08-31T15:45:20","slug":"un-gobierno-de-politicos-o-de-incondicionales","status":"publish","type":"post","link":"https:\/\/losperiodistas.com.mx\/portal\/un-gobierno-de-politicos-o-de-incondicionales\/","title":{"rendered":"Un gobierno de pol\u00edticos o de incondicionales"},"content":{"rendered":"\n<p style=\"font-size:22px\">\u00bfRepliegue t\u00e1ctico a tres a\u00f1os de gobierno?<\/p>\n\n\n\n<p><\/p>\n\n\n\n<p><\/p>\n\n\n\n<p class=\"has-vivid-cyan-blue-color has-text-color\" style=\"font-size:26px\"><strong><em>Por Jos\u00e9 Ojeda Bustamante<\/em><\/strong><\/p>\n\n\n\n<p>El pasado jueves 26 de agosto el presidente de M\u00e9xico, Andr\u00e9s Manuel L\u00f3pez Obrador anunci\u00f3 la salida de Olga S\u00e1nchez Cordero como secretaria de gobernaci\u00f3n y su regreso al Senado de la Rep\u00fablica.<\/p>\n\n\n\n<p>A la par de este movimiento, tambi\u00e9n dio el nombre de quien ser\u00eda el nuevo secretario: un \u00edntimo compa\u00f1ero de luchas, el gobernador en funciones de Tabasco, Ad\u00e1n Augusto L\u00f3pez Hern\u00e1ndez.<\/p>\n\n\n\n<p>Personaje generacionalmente af\u00edn al presidente \u2013menor 10 a\u00f1os-, cuya relaci\u00f3n bien puede rastrear sus or\u00edgenes a 1988 con el apoyo brindado por Payamb\u00e9 L\u00f3pez Falconi, Notario P\u00fablico No.13 en Tabasco y padre del ahora flamante secretario de gobernaci\u00f3n, al incipiente movimiento que en aquel entonces encabezaba un joven L\u00f3pez Obrador como miembro del Frente Democr\u00e1tico; grupo disidente del PRI que posteriormente dar\u00eda origen a lo que conocemos como PRD.<\/p>\n\n\n\n<p>Hasta ac\u00e1 el breve recuento de Arqueolog\u00eda Pol\u00edtica y familiar del Sur de M\u00e9xico.<\/p>\n\n\n\n<p>Esto para referir un movimiento que, visto desde la l\u00f3gica de las Burocracias Federales, la relaci\u00f3n federaci\u00f3n-entidades federativas y la conformaci\u00f3n de nuevos grupos nos impulsan a reconsiderar la vigencia de una sentencia enunciada a principios del siglo pasado, por un reconocido economista y soci\u00f3logo italiano de nombre Wilfrido Pareto, quien respecto al devenir de las sociedades dijo lo siguiente:<\/p>\n\n\n\n<p>\u201cLa historia y la sociedad no son sino un cementerio de \u00e9lites.\u201d<\/p>\n\n\n\n<p>Es decir, una lucha constante en la cual un grupo con el poder debe defenderse contra los grupos opositores que se lo quieren quitar. Esto de manera permanente en una especie de rueda continua. En definitiva, una noci\u00f3n c\u00edclica de la historia.<\/p>\n\n\n\n<p>Coloquialmente, tambi\u00e9n podr\u00edamos decir algo as\u00ed, como que los carniceros de hoy probablemente ser\u00e1n las reses del ma\u00f1ana.<\/p>\n\n\n\n<p>De ah\u00ed la importancia que tiene el nombramiento de Ad\u00e1n Augusto, en una posici\u00f3n de alta relevancia para el pa\u00eds como Secretario de Gobernaci\u00f3n, pero tambi\u00e9n m\u00e1s all\u00e1 del mismo nombramiento, con el mensaje enviado entre l\u00edneas, por el presidente a toda la clase pol\u00edtica y aquellos interesados en los asuntos p\u00fablicos de la democracia mexicana.<\/p>\n\n\n\n<p><strong>\u00bfCu\u00e1l es este mensaje?<\/strong><\/p>\n\n\n\n<p>En primer lugar, que bien podr\u00eda tratarse, de una especie de repliegue por parte del presidente de cara a la segunda mitad de su gobierno. Que los pagos pendientes, con distintas facciones han sido cubiertos y que posiblemente a partir de ahora, privilegiar\u00e1 la incondicionalidad para hacer realidad el proyecto de naci\u00f3n que ha concebido. No m\u00e1s experimentos al respecto.<\/p>\n\n\n\n<p>En segundo lugar, con este nombramiento el presidente dejar entrever tambi\u00e9n, que privilegia una forma de gobernar m\u00e1s alejada de la t\u00e9cnica y m\u00e1s cercana al estilo pol\u00edtico, es decir al de los acuerdos y negociaciones por encima de los datos y los informes meramente econ\u00f3micos.<\/p>\n\n\n\n<p>Esto no es algo nuevo sino una versi\u00f3n renovada de una a\u00f1eja pugna pol\u00edtica, que data de por lo menos de hace m\u00e1s de 30 a\u00f1os y que refiere a las diferencias entre el modelo neoliberal y el estilo nacionalista y pol\u00edtico de hacer gobierno.<\/p>\n\n\n\n<p>Del primer ejemplo, cuyo estilo se conoce como tecnocracia y que privilegia el libre mercado, una preponderancia excesiva de datos, estudios econom\u00e9tricos y una simplificaci\u00f3n excesivamente econ\u00f3mica de la realidad, se tiene como m\u00e1ximo representante en M\u00e9xico al expresidente Carlos Salinas de Gortari. Hoy villano favorito de la historia de la 4T.<\/p>\n\n\n\n<p>Se trat\u00f3 de un perfil conformado por personas con conocimientos altamente especializados, con posgrados en el extranjero, principalmente en Estados Unidos y en Econom\u00eda; de clase media o alta y sin experiencia partidista, adem\u00e1s de un marcado distanciamiento del M\u00e9xico Profundo y de sus bases sociales.<\/p>\n\n\n\n<p>Este estilo contrasta con el perfil del pol\u00edtico nacionalista, que hoy nos gobierna y del cual el presidente L\u00f3pez Obrador es una muestra acabada.<\/p>\n\n\n\n<p>No se trata de decir, que un perfil es mejor que otro. Ni por supuesto de polarizar. Ambos perfiles son necesarios. Incluso podr\u00edamos decir que complementarios, siempre y cuando se tenga en la mente un fin mayor, m\u00e1s all\u00e1 que los intereses particulares de ciertos grupos o \u00e9lites econ\u00f3micas. Es decir, el bienestar de la naci\u00f3n y de un Proyecto de Justicia Social, para todos aquellos que la conformamos.<\/p>\n\n\n\n<p>Una camarilla con frecuencia, se forma cuando sus miembros todav\u00eda est\u00e1n estudiando, y tienen mucha confianza los unos en los otros. Una camarilla tiene un l\u00edder que funge como mentor pol\u00edtico de los otros miembros del grupo. Utiliza su carrera para impulsar las carreras de los otros miembros del grupo, pero tambi\u00e9n refiere una forma de hacer pol\u00edtica y gobernar.<\/p>\n\n\n\n<p>Dejo en este punto, una pincelada sobre el estilo de gobernar que caracteriza al nuevo hombre de confianzas del presidente:<\/p>\n\n\n\n<p>En Tabasco, la mayor\u00eda morenista en el Congreso concret\u00f3 un albazo legislativo, pues la Constituci\u00f3n del estado se\u00f1ala que quien deb\u00eda asumir como gobernador era el secretario de gobierno, Jos\u00e9 Antonio de la Vega Asmitia, personaje que ha saltado del panismo al perredismo y actualmente ser\u00eda morenista.<\/p>\n\n\n\n<p>Este funcionario fue ordenado a renunciar, presuntamente, bajo justificaci\u00f3n de incorporarlo a la Secretar\u00eda de Gobernaci\u00f3n, algo que se antoja dif\u00edcil, si se considera que compiti\u00f3 para la gubernatura de Tabasco en 2006, abanderado por el Partido Acci\u00f3n Nacional y haciendo campa\u00f1a para Felipe Calder\u00f3n, enemigo de L\u00f3pez Obrador.<\/p>\n\n\n\n<p>Ad\u00e1n Augusto sigui\u00f3 as\u00ed el ejemplo del presidente y puso a un incondicional en la gubernatura, el capit\u00e1n de aviaci\u00f3n Carlos Manuel Merino Campos, ex delegado de los programas federales de la Secretar\u00eda de Bienestar.<\/p>\n\n\n\n<p>Al mismo tiempo, la mayor\u00eda legislativa aprob\u00f3 una modificaci\u00f3n al Art\u00edculo 49, para otorgar licencia por tiempo indefinido al Ejecutivo local despu\u00e9s de dos a\u00f1os de Gobierno, abriendo la puerta as\u00ed a su regreso de ser el caso.<\/p>\n\n\n\n<p>La pregunta surge ahora \u00bfEs este el nuevo estilo de gobernar? \u00bfQu\u00e9 a\u00f1oranzas nos plantea \u00f3 nos deja?<\/p>\n\n\n\n<p>En las ant\u00edpodas trataremos de generar m\u00e1s insumos para responderlas. <\/p>\n\n\n\n<p>@ojedapepe<\/p>\n","protected":false},"excerpt":{"rendered":"<p>\u00bfRepliegue t\u00e1ctico a tres a\u00f1os de gobierno? Por Jos\u00e9 Ojeda Bustamante El pasado jueves 26 de agosto el presidente de [&hellip;]<\/p>\n","protected":false},"author":1,"featured_media":12053,"comment_status":"open","ping_status":"open","sticky":false,"template":"","format":"standard","meta":{"site-sidebar-layout":"default","site-content-layout":"","ast-site-content-layout":"default","site-content-style":"default","site-sidebar-style":"default","ast-global-header-display":"","ast-banner-title-visibility":"","ast-main-header-display":"","ast-hfb-above-header-display":"","ast-hfb-below-header-display":"","ast-hfb-mobile-header-display":"","site-post-title":"","ast-breadcrumbs-content":"","ast-featured-img":"","footer-sml-layout":"","theme-transparent-header-meta":"","adv-header-id-meta":"","stick-header-meta":"","header-above-stick-meta":"","header-main-stick-meta":"","header-below-stick-meta":"","astra-migrate-meta-layouts":"default","ast-page-background-enabled":"default","ast-page-background-meta":{"desktop":{"background-color":"var(--ast-global-color-4)","background-image":"","background-repeat":"repeat","background-position":"center center","background-size":"auto","background-attachment":"scroll","background-type":"","background-media":"","overlay-type":"","overlay-color":"","overlay-opacity":"","overlay-gradient":""},"tablet":{"background-color":"","background-image":"","background-repeat":"repeat","background-position":"center center","background-size":"auto","background-attachment":"scroll","background-type":"","background-media":"","overlay-type":"","overlay-color":"","overlay-opacity":"","overlay-gradient":""},"mobile":{"background-color":"","background-image":"","background-repeat":"repeat","background-position":"center center","background-size":"auto","background-attachment":"scroll","background-type":"","background-media":"","overlay-type":"","overlay-color":"","overlay-opacity":"","overlay-gradient":""}},"ast-content-background-meta":{"desktop":{"background-color":"var(--ast-global-color-5)","background-image":"","background-repeat":"repeat","background-position":"center center","background-size":"auto","background-attachment":"scroll","background-type":"","background-media":"","overlay-type":"","overlay-color":"","overlay-opacity":"","overlay-gradient":""},"tablet":{"background-color":"var(--ast-global-color-5)","background-image":"","background-repeat":"repeat","background-position":"center center","background-size":"auto","background-attachment":"scroll","background-type":"","background-media":"","overlay-type":"","overlay-color":"","overlay-opacity":"","overlay-gradient":""},"mobile":{"background-color":"var(--ast-global-color-5)","background-image":"","background-repeat":"repeat","background-position":"center center","background-size":"auto","background-attachment":"scroll","background-type":"","background-media":"","overlay-type":"","overlay-color":"","overlay-opacity":"","overlay-gradient":""}},"footnotes":""},"categories":[2043,8],"tags":[3590,3709,3710],"class_list":["post-12416","post","type-post","status-publish","format-standard","has-post-thumbnail","hentry","category-en-las-antipodas-2","category-noticias","tag-adan-augusto-lopez-hernandez","tag-payambe-lopez-falconi","tag-wilfrido-pareto"],"_links":{"self":[{"href":"https:\/\/losperiodistas.com.mx\/portal\/wp-json\/wp\/v2\/posts\/12416","targetHints":{"allow":["GET"]}}],"collection":[{"href":"https:\/\/losperiodistas.com.mx\/portal\/wp-json\/wp\/v2\/posts"}],"about":[{"href":"https:\/\/losperiodistas.com.mx\/portal\/wp-json\/wp\/v2\/types\/post"}],"author":[{"embeddable":true,"href":"https:\/\/losperiodistas.com.mx\/portal\/wp-json\/wp\/v2\/users\/1"}],"replies":[{"embeddable":true,"href":"https:\/\/losperiodistas.com.mx\/portal\/wp-json\/wp\/v2\/comments?post=12416"}],"version-history":[{"count":1,"href":"https:\/\/losperiodistas.com.mx\/portal\/wp-json\/wp\/v2\/posts\/12416\/revisions"}],"predecessor-version":[{"id":12417,"href":"https:\/\/losperiodistas.com.mx\/portal\/wp-json\/wp\/v2\/posts\/12416\/revisions\/12417"}],"wp:featuredmedia":[{"embeddable":true,"href":"https:\/\/losperiodistas.com.mx\/portal\/wp-json\/wp\/v2\/media\/12053"}],"wp:attachment":[{"href":"https:\/\/losperiodistas.com.mx\/portal\/wp-json\/wp\/v2\/media?parent=12416"}],"wp:term":[{"taxonomy":"category","embeddable":true,"href":"https:\/\/losperiodistas.com.mx\/portal\/wp-json\/wp\/v2\/categories?post=12416"},{"taxonomy":"post_tag","embeddable":true,"href":"https:\/\/losperiodistas.com.mx\/portal\/wp-json\/wp\/v2\/tags?post=12416"}],"curies":[{"name":"wp","href":"https:\/\/api.w.org\/{rel}","templated":true}]}}