{"id":12413,"date":"2021-08-31T08:50:38","date_gmt":"2021-08-31T13:50:38","guid":{"rendered":"http:\/\/losperiodistas.com.mx\/portal\/?p=12413"},"modified":"2021-08-31T08:50:39","modified_gmt":"2021-08-31T13:50:39","slug":"el-cirujano-que-atendio-a-diana-de-gales-la-noche-de-su-muerte-explica-como-fueron-sus-ultimas-horas-la-vanguardia","status":"publish","type":"post","link":"https:\/\/losperiodistas.com.mx\/portal\/el-cirujano-que-atendio-a-diana-de-gales-la-noche-de-su-muerte-explica-como-fueron-sus-ultimas-horas-la-vanguardia\/","title":{"rendered":"El cirujano que atendi\u00f3 a Diana de Gales la noche de su muerte explica c\u00f3mo fueron sus \u00faltimas horas | La Vanguardia"},"content":{"rendered":"\n<p style=\"font-size:18px\"><em>El m\u00e9dico ha ofrecido una entrevista relatando c\u00f3mo atendi\u00f3 a la princesa Diana e intent\u00f3 salvarle la vida<\/em><\/p>\n\n\n\n<p><\/p>\n\n\n\n<figure class=\"wp-block-image size-large\"><img fetchpriority=\"high\" decoding=\"async\" width=\"948\" height=\"465\" src=\"https:\/\/losperiodistas.com.mx\/portal\/wp-content\/uploads\/2021\/08\/5ffd672b846b1.jpeg\" alt=\"\" class=\"wp-image-12414\" srcset=\"https:\/\/losperiodistas.com.mx\/portal\/wp-content\/uploads\/2021\/08\/5ffd672b846b1.jpeg 948w, https:\/\/losperiodistas.com.mx\/portal\/wp-content\/uploads\/2021\/08\/5ffd672b846b1-300x147.jpeg 300w, https:\/\/losperiodistas.com.mx\/portal\/wp-content\/uploads\/2021\/08\/5ffd672b846b1-768x377.jpeg 768w\" sizes=\"(max-width: 948px) 100vw, 948px\" \/><\/figure>\n\n\n\n<p><\/p>\n\n\n\n<p class=\"has-vivid-cyan-blue-color has-text-color has-medium-font-size\">LORENA MONT\u00d3N \/ LA VANGUARDIA<\/p>\n\n\n\n<p>(Publicada originalmente el 20\/06\/2021)<\/p>\n\n\n\n<p>El pr\u00f3ximo 31 de agosto se cumplir\u00e1n 24 a\u00f1os de la muerte de la princesa&nbsp;<a href=\"https:\/\/www.lavanguardia.com\/gente\/20210523\/7475745\/martin-bashir-pide-perdon-entrevista-diana-de-gales.html\">Diana de Gales<\/a>&nbsp;pero su recuerdo sigue muy vivo. Su tr\u00e1gico fallecimiento a causa de un accidente de tr\u00e1fico en Par\u00eds, cuando era perseguida por los paparazzi, levant\u00f3 todo tipo de especulaciones acerca de si la casa real brit\u00e1nica estaba involucrada en ello. Ahora, m\u00e1s de dos d\u00e9cadas despu\u00e9s, el cirujano que la atendi\u00f3 aquella noche del 31 agosto de 1997 ha contado c\u00f3mo fueron sus \u00faltimas horas de vida.<\/p>\n\n\n\n<p>Mosef Dahman, de 56 a\u00f1os de edad, es cirujano especializado en el tratamiento contra la obesidad pero la madrugada de aquel fat\u00eddico domingo fu quien atendi\u00f3 a\u00a0<a href=\"https:\/\/www.lavanguardia.com\/gente\/20210427\/7358386\/vestido-diana-harry-guillermo-lady-di-exposicion.html\">Lady Di<\/a>. Se encontraba de guardia en el hospital p\u00fablico donde fue trasladada tras el accidente y ahora ha querido relatar al\u00a0<em>Daily Mail<\/em>\u00a0c\u00f3mo fue su experiencia intentando salvar la vida de la princesa.<\/p>\n\n\n\n<p>Uno de los motivos por los que ha decidido hacerlo es para finalizar con las teor\u00edas de la conspiraci\u00f3n que afirman que la muerte de Diana fue fruto de un complot. Aquel mes de agosto, Dahman deb\u00eda haber estado de vacaciones pero ese verano decidi\u00f3 no hacerlo \u201cpor la sencilla raz\u00f3n de que mi esposa estaba embarazada de mi hijo. Como resultado, trabaj\u00e9 todo el verano\u00bb.<\/p>\n\n\n\n<p>El accidente se produjo en el t\u00fanel de Alma sobre las 00:23 de la ma\u00f1ana y&nbsp;<a href=\"https:\/\/www.lavanguardia.com\/gente\/20210323\/6604416\/harry-diana-meghan-markle-lady-di-muerte.html\">Lady Di<\/a>&nbsp;fue tratada in situ debido a la gravedad de sus lesiones. Cuando la estaban trasladando al hospital en ambulancia sufri\u00f3 un paro card\u00edaco aunque el personal sanitario consigui\u00f3 reanimarla. Su ingreso en el centro m\u00e9dico fue a las 2:06.<\/p>\n\n\n\n<figure class=\"wp-block-image\"><img decoding=\"async\" src=\"https:\/\/www.lavanguardia.com\/files\/content_image_mobile_filter\/uploads\/2021\/05\/09\/6098328ee5e3b.jpeg\" alt=\"Puente del Alma, conocido por el accidente que subi\u00f3 aqu\u00ed cerca Lady Di\"\/><figcaption>Puente del Alma, conocido por el accidente que subi\u00f3 aqu\u00ed cerca Lady Di&nbsp;Archivo<\/figcaption><\/figure>\n\n\n\n<p>\u00abEstaba descansando en la sala de servicio cuando recib\u00ed una llamada de Bruno Riou, el anestesista principal de servicio, dici\u00e9ndome que fuera a la sala de emergencias\u00bb, recuerda Dahman de forma v\u00edvida. \u00abNo me dijeron que era Lady Diana, pero que hab\u00eda habido un accidente grave que involucraba a una mujer joven. La organizaci\u00f3n del hospital Piti\u00e9-Salp\u00eatri\u00e8re era muy jer\u00e1rquica. Entonces, cuando recib\u00edas una llamada de un colega de alto nivel, eso significaba que el caso era particularmente serio\u00bb, a\u00f1ade.<\/p>\n\n\n\n<p>El m\u00e9dico recuerda que \u00abmi interna estaba en la habitaci\u00f3n. Pero estaba en un rinc\u00f3n porque estaba un poco abrumada por la gravedad del momento\u00bb. En ese momento, Dahman fue informado de que la paciente a la que deb\u00eda atender era Diana de Gales. \u00abPara cualquier m\u00e9dico, cualquier cirujano, es de gran importancia enfrentarse a una mujer tan joven que se encuentra en esta condici\u00f3n. Pero, por supuesto, m\u00e1s a\u00fan si es una princesa\u00bb, confiesa.<\/p>\n\n\n\n<figure class=\"wp-block-image\"><img decoding=\"async\" src=\"https:\/\/www.lavanguardia.com\/files\/content_image_mobile_filter\/uploads\/2017\/08\/29\/5fa3cc86ad302.jpeg\" alt=\"Muerte de Diana de Gales (lady Di). Portadas de prensa internacional anunciando la tr\u00e1gica muerte de la princesa Diana y Dodi Al Fayed en un accidente de coche\"\/><figcaption>Muerte de Diana de Gales (lady Di). Portadas de prensa internacional anunciando la tr\u00e1gica muerte de la princesa Diana y Dodi Al Fayed en un accidente de coche&nbsp;Otras Fuentes<\/figcaption><\/figure>\n\n\n\n<p>Gracias a la radiograf\u00eda que le hicieron nada m\u00e1s llegar, detectaron una \u00abhemorragia interna muy grave\u00bb para la cual se le practic\u00f3 un drenaje tor\u00e1cico. No obstante, la hemorragia continu\u00f3 y la princesa continu\u00f3 recibiendo transfusiones de sangre en la sala de emergencias. Sobre las 2:15 de la ma\u00f1ana sufri\u00f3 otro paro card\u00edaco, con lo que los m\u00e9dicos decidieron intervenir.<\/p>\n\n\n\n<p>Dahman comenz\u00f3 un procedimiento quir\u00fargico por orden de Bruno Riou en la sala de emergencias, una circunstancia que rememora como \u00abverdaderamente excepcional\u00bb que indicaba que la situaci\u00f3n era grave. \u00abHice este procedimiento para permitirle respirar. Su coraz\u00f3n no pod\u00eda funcionar correctamente porque le faltaba sangre\u00bb, comenta.<\/p>\n\n\n\n<figure class=\"wp-block-embed is-type-rich is-provider-twitter wp-block-embed-twitter\"><div class=\"wp-block-embed__wrapper\">\n<blockquote class=\"twitter-tweet\" data-width=\"500\" data-dnt=\"true\"><p lang=\"en\" dir=\"ltr\">The Last Days of Diana: The Devastating Truth&#8230; the first in an exclusive series including interviews with the police chief who led the investigation and the doctor who fought to revive her&#8230; only in the Irish Daily Mail <a href=\"https:\/\/twitter.com\/hashtag\/buyapaper?src=hash&amp;ref_src=twsrc%5Etfw\">#buyapaper<\/a> or go digital at <a href=\"https:\/\/t.co\/vSAy3m4fQy\">https:\/\/t.co\/vSAy3m4fQy<\/a> <a href=\"https:\/\/t.co\/7FwsHwIsml\">pic.twitter.com\/7FwsHwIsml<\/a><\/p>&mdash; The Irish Daily Mail (@irishdailymail) <a href=\"https:\/\/twitter.com\/irishdailymail\/status\/1406016140116119556?ref_src=twsrc%5Etfw\">June 18, 2021<\/a><\/blockquote><script async src=\"https:\/\/platform.twitter.com\/widgets.js\" charset=\"utf-8\"><\/script>\n<\/div><\/figure>\n\n\n\n<p>Pero lo que el cirujano descubri\u00f3 fue el peor de los presagios: un desgarro en el pericardio, encargado de proteger el coraz\u00f3n, hizo que el pron\u00f3stico empeorara. A los dos m\u00e9dicos se uni\u00f3 el profesor Alain Pavie, el mejor cirujano card\u00edaco de Francia a quien hab\u00edan sacado de la cama. La princesa Diana fue trasladada a un quir\u00f3fano y se sigui\u00f3 con una exploraci\u00f3n quir\u00fargica adicional para averiguar de d\u00f3nde ve\u00edan su hemorragia interna.<\/p>\n\n\n\n<p>Un desgarro en la vena pulmonar superior izquierda, el punto de contacto con el coraz\u00f3n, fue lo que se encontraron. Pavie sutur\u00f3 la lesi\u00f3n pero el coraz\u00f3n de Lady Di se detuvo. \u00abProbamos descargas el\u00e9ctricas, varias veces y, como hab\u00eda hecho en la sala de emergencias, masaje card\u00edaco\u00bb, comenta Dahman. \u00abEl profesor Riou le hab\u00eda administrado adrenalina. Pero no pudimos hacer que su coraz\u00f3n volviera a latir\u00bb, a\u00f1ade.<\/p>\n\n\n\n<figure class=\"wp-block-image\"><img decoding=\"async\" src=\"https:\/\/www.lavanguardia.com\/files\/content_image_mobile_filter\/uploads\/2020\/08\/20\/5faa66e974ed3.png\" alt=\"\u2018Lazos de sangre\u2019: De la tristeza de Lady Di a la salida de Meghan y Harry de la familia real\"\/><figcaption>\u2018Lazos de sangre\u2019: De la tristeza de Lady Di a la salida de Meghan y Harry de la familia real&nbsp;Terceros<\/figcaption><\/figure>\n\n\n\n<p>Drahman recuerda a la perfecci\u00f3n aquella noche y los esfuerzos que hicieron todos por salvarla: \u00abLuchamos duro, lo intentamos mucho, realmente much\u00edsimo. Francamente, cuando est\u00e1s trabajando en esas condiciones, no notas el paso del tiempo. Lo \u00fanico importante es que hagamos todo lo posible por esta joven\u00bb.<\/p>\n\n\n\n<p>Pero nada se pudo hacer por su vida y a las 4 de la ma\u00f1ana, el equipo de m\u00e9dicos determin\u00f3 que ya no pod\u00edan hacer m\u00e1s por revivir a la paciente. \u201cNo pudimos salvarla. Y eso nos afect\u00f3 mucho\u00bb, lamenta.Lee tambi\u00e9n<\/p>\n\n\n\n<h2 class=\"wp-block-heading\"><a href=\"https:\/\/www.lavanguardia.com\/gente\/20210521\/7471238\/guillermo-harry-bbc-entrevista-lady-di-diana-bashir.html\">Los pr\u00edncipes Guillermo y Harry critican a Martin Bashir y a la BBC por la entrevista a Lady Di<\/a><\/h2>\n\n\n\n<p>ENRIC TRIAS<\/p>\n\n\n\n<figure class=\"wp-block-image\"><img decoding=\"async\" src=\"https:\/\/www.lavanguardia.com\/files\/image_334_164\/uploads\/2020\/07\/21\/5faa72a924507.jpeg\" alt=\"Los pr\u00edncipes Guillermo y Enrique \u2013seg\u00fan las normas hay que traducir \"\/><\/figure>\n\n\n\n<p>Otro de los detalles que Dahman no olvida es los intentos de la prensa por infiltrase en las dependencias m\u00e9dicas para obtener informaci\u00f3n. \u00abPiti\u00e9-Salp\u00eatri\u00e8re es un hospital p\u00fablico. La princesa fue atendida en un edificio donde hab\u00eda otros pacientes del hospital. Vimos gente disfraz\u00e1ndose de personal m\u00e9dico, empujando carritos, tratando de obtener informaci\u00f3n. Hab\u00eda mucha presi\u00f3n sobre nuestra seguridad\u00bb, rememora horrorizado.<\/p>\n\n\n\n<p>El m\u00e9dico tuvo que ser testigo de situaciones inveros\u00edmiles como un hombre que quiso comprar sus zuecos manchados de sangre de Lady Di. \u00abCuando estaba tratando a Diana, usaba mis zuecos blancos. Y obviamente en esa situaci\u00f3n no le prestas atenci\u00f3n a nada m\u00e1s que a tratar de salvar al paciente. Fue solo a la ma\u00f1ana siguiente cuando not\u00e9 que mis zuecos estaban manchados con su sangre\u00bb, rememora el doctor. \u00abDe todos modos, el hospital es muy grande y estaba caminando entre edificios, cuando un franc\u00e9s se me acerc\u00f3 y me dijo: &#8216;Ah, tus zuecos, me interesan. Quiero compr\u00e1rtelos. Hay sangre azul en ellos\u00bb, ha revelado.<\/p>\n\n\n\n<figure class=\"wp-block-image\"><img decoding=\"async\" src=\"https:\/\/www.lavanguardia.com\/files\/content_image_mobile_filter\/uploads\/2021\/05\/21\/60a759f19f161.jpeg\" alt=\"Harry junto a su padre, su t\u00edo, su hermano y su abuelo en el funeral de Lady Di en 1997\"\/><figcaption>Harry junto a su padre, su t\u00edo, su hermano y su abuelo en el funeral de Lady Di en 1997&nbsp;.<\/figcaption><\/figure>\n\n\n\n<p>La vida de Mosef Dahman ha quedado marcada de por vida por aquella noche.\u00bbCuando es una princesa y sigues su funeral junto con miles de millones de otras personas, y has tratado de salvarla, eso obviamente te marca. Te marca toda tu vida. Porque es tan terrible que esta hermosa persona haya tenido un final tan tr\u00e1gico\u00bb, se sincer\u00f3 antes de a\u00f1adir: \u00abCuando llegamos a agosto, lo pienso. Fue el a\u00f1o en que naci\u00f3 mi hijo y, por supuesto, cada aniversario de eso lo pienso\u00bb.<\/p>\n\n\n\n<p>Fuente: https:\/\/www.lavanguardia.com\/gente\/20210620\/7542984\/diana-de-gales-cirujano-muerte-ultimas-horas.html#foto-2<\/p>\n","protected":false},"excerpt":{"rendered":"<p>El m\u00e9dico ha ofrecido una entrevista relatando c\u00f3mo atendi\u00f3 a la princesa Diana e intent\u00f3 salvarle la vida LORENA MONT\u00d3N [&hellip;]<\/p>\n","protected":false},"author":1,"featured_media":12414,"comment_status":"open","ping_status":"open","sticky":false,"template":"","format":"standard","meta":{"site-sidebar-layout":"default","site-content-layout":"","ast-site-content-layout":"default","site-content-style":"default","site-sidebar-style":"default","ast-global-header-display":"","ast-banner-title-visibility":"","ast-main-header-display":"","ast-hfb-above-header-display":"","ast-hfb-below-header-display":"","ast-hfb-mobile-header-display":"","site-post-title":"","ast-breadcrumbs-content":"","ast-featured-img":"","footer-sml-layout":"","theme-transparent-header-meta":"","adv-header-id-meta":"","stick-header-meta":"","header-above-stick-meta":"","header-main-stick-meta":"","header-below-stick-meta":"","astra-migrate-meta-layouts":"default","ast-page-background-enabled":"default","ast-page-background-meta":{"desktop":{"background-color":"var(--ast-global-color-4)","background-image":"","background-repeat":"repeat","background-position":"center center","background-size":"auto","background-attachment":"scroll","background-type":"","background-media":"","overlay-type":"","overlay-color":"","overlay-opacity":"","overlay-gradient":""},"tablet":{"background-color":"","background-image":"","background-repeat":"repeat","background-position":"center center","background-size":"auto","background-attachment":"scroll","background-type":"","background-media":"","overlay-type":"","overlay-color":"","overlay-opacity":"","overlay-gradient":""},"mobile":{"background-color":"","background-image":"","background-repeat":"repeat","background-position":"center center","background-size":"auto","background-attachment":"scroll","background-type":"","background-media":"","overlay-type":"","overlay-color":"","overlay-opacity":"","overlay-gradient":""}},"ast-content-background-meta":{"desktop":{"background-color":"var(--ast-global-color-5)","background-image":"","background-repeat":"repeat","background-position":"center center","background-size":"auto","background-attachment":"scroll","background-type":"","background-media":"","overlay-type":"","overlay-color":"","overlay-opacity":"","overlay-gradient":""},"tablet":{"background-color":"var(--ast-global-color-5)","background-image":"","background-repeat":"repeat","background-position":"center center","background-size":"auto","background-attachment":"scroll","background-type":"","background-media":"","overlay-type":"","overlay-color":"","overlay-opacity":"","overlay-gradient":""},"mobile":{"background-color":"var(--ast-global-color-5)","background-image":"","background-repeat":"repeat","background-position":"center center","background-size":"auto","background-attachment":"scroll","background-type":"","background-media":"","overlay-type":"","overlay-color":"","overlay-opacity":"","overlay-gradient":""}},"footnotes":""},"categories":[8],"tags":[2392,3708],"class_list":["post-12413","post","type-post","status-publish","format-standard","has-post-thumbnail","hentry","category-noticias","tag-diana-de-gales","tag-mosef-dahman"],"_links":{"self":[{"href":"https:\/\/losperiodistas.com.mx\/portal\/wp-json\/wp\/v2\/posts\/12413","targetHints":{"allow":["GET"]}}],"collection":[{"href":"https:\/\/losperiodistas.com.mx\/portal\/wp-json\/wp\/v2\/posts"}],"about":[{"href":"https:\/\/losperiodistas.com.mx\/portal\/wp-json\/wp\/v2\/types\/post"}],"author":[{"embeddable":true,"href":"https:\/\/losperiodistas.com.mx\/portal\/wp-json\/wp\/v2\/users\/1"}],"replies":[{"embeddable":true,"href":"https:\/\/losperiodistas.com.mx\/portal\/wp-json\/wp\/v2\/comments?post=12413"}],"version-history":[{"count":1,"href":"https:\/\/losperiodistas.com.mx\/portal\/wp-json\/wp\/v2\/posts\/12413\/revisions"}],"predecessor-version":[{"id":12415,"href":"https:\/\/losperiodistas.com.mx\/portal\/wp-json\/wp\/v2\/posts\/12413\/revisions\/12415"}],"wp:featuredmedia":[{"embeddable":true,"href":"https:\/\/losperiodistas.com.mx\/portal\/wp-json\/wp\/v2\/media\/12414"}],"wp:attachment":[{"href":"https:\/\/losperiodistas.com.mx\/portal\/wp-json\/wp\/v2\/media?parent=12413"}],"wp:term":[{"taxonomy":"category","embeddable":true,"href":"https:\/\/losperiodistas.com.mx\/portal\/wp-json\/wp\/v2\/categories?post=12413"},{"taxonomy":"post_tag","embeddable":true,"href":"https:\/\/losperiodistas.com.mx\/portal\/wp-json\/wp\/v2\/tags?post=12413"}],"curies":[{"name":"wp","href":"https:\/\/api.w.org\/{rel}","templated":true}]}}