{"id":12407,"date":"2021-08-31T08:22:52","date_gmt":"2021-08-31T13:22:52","guid":{"rendered":"http:\/\/losperiodistas.com.mx\/portal\/?p=12407"},"modified":"2021-08-31T08:22:53","modified_gmt":"2021-08-31T13:22:53","slug":"los-industriales-mexicanos-premian-a-iberdrola-imputada-en-espana-por-el-caso-villarejo-por-su-etica-y-valores-radio-intereconomia","status":"publish","type":"post","link":"https:\/\/losperiodistas.com.mx\/portal\/los-industriales-mexicanos-premian-a-iberdrola-imputada-en-espana-por-el-caso-villarejo-por-su-etica-y-valores-radio-intereconomia\/","title":{"rendered":"Los industriales mexicanos premian a Iberdrola, imputada en Espa\u00f1a por el caso Villarejo, por su \u00e9tica y valores | Radio Intereconom\u00eda"},"content":{"rendered":"\n<p><\/p>\n\n\n\n<figure class=\"wp-block-image size-large\"><img fetchpriority=\"high\" decoding=\"async\" width=\"1024\" height=\"424\" src=\"https:\/\/losperiodistas.com.mx\/portal\/wp-content\/uploads\/2021\/08\/Captura-de-Pantalla-2021-08-31-a-las-8.17.33-1024x424.jpg\" alt=\"\" class=\"wp-image-12408\" srcset=\"https:\/\/losperiodistas.com.mx\/portal\/wp-content\/uploads\/2021\/08\/Captura-de-Pantalla-2021-08-31-a-las-8.17.33-1024x424.jpg 1024w, https:\/\/losperiodistas.com.mx\/portal\/wp-content\/uploads\/2021\/08\/Captura-de-Pantalla-2021-08-31-a-las-8.17.33-300x124.jpg 300w, https:\/\/losperiodistas.com.mx\/portal\/wp-content\/uploads\/2021\/08\/Captura-de-Pantalla-2021-08-31-a-las-8.17.33-768x318.jpg 768w, https:\/\/losperiodistas.com.mx\/portal\/wp-content\/uploads\/2021\/08\/Captura-de-Pantalla-2021-08-31-a-las-8.17.33-1536x635.jpg 1536w, https:\/\/losperiodistas.com.mx\/portal\/wp-content\/uploads\/2021\/08\/Captura-de-Pantalla-2021-08-31-a-las-8.17.33-2048x847.jpg 2048w\" sizes=\"(max-width: 1024px) 100vw, 1024px\" \/><figcaption>El presidente de Iberdrola, Ignacio S\u00e1nchez-Gal\u00e1n, que contrat\u00f3 supuestamente al ahora excomisario Villarejo para espiar, entre otros, al presidente de ACS, Florentino P\u00e9rez. EFE\/Eva Yraola<\/figcaption><\/figure>\n\n\n\n<p><\/p>\n\n\n\n<p class=\"has-vivid-cyan-blue-color has-text-color has-medium-font-size\">RADIO INTERECONOM\u00cdA<\/p>\n\n\n\n<p>La Confederaci\u00f3n de C\u00e1maras Industriales de los Estados Unidos Mexicanos (Concamin) entreg\u00f3 este lunes a la compa\u00f1\u00eda energ\u00e9tica Iberdrola M\u00e9xico el Premio \u00c9tica y Valores en la Industria 2021 por tres de sus iniciativas de responsabilidad social.&nbsp;<a href=\"https:\/\/intereconomia.com\/noticia\/empresas\/el-juez-imputa-a-sanchez-galan-presidente-de-iberdrola-por-el-caso-villarejo-20210623-1053\/\" target=\"_blank\" rel=\"noreferrer noopener\">En Espa\u00f1a, la el\u00e9ctrica, as\u00ed como su presidente Ignacio S\u00e1nchez Gal\u00e1n y varios de sus directivos y exdirectivos, est\u00e1n imputados en el caso Villarejo<\/a>&nbsp;por contratar al excomisario siendo funcionario de polic\u00eda en activo para supuestamente espiar a empresarios, pol\u00edticos, jueces, periodistas\u2026 rivales a sus intereses.&nbsp;<a href=\"https:\/\/intereconomia.com\/noticia\/empresas\/ribera-acusa-a-endesa-iberdrola-y-naturgy-de-no-tener-ninguna-empatia-social-20210830-2107\/\" target=\"_blank\" rel=\"noreferrer noopener\">Adem\u00e1s, hoy mismo, la ministra de Transici\u00f3n Ecol\u00f3gica, Teresa Ribera, ha acusado a la el\u00e9ctrica de no tener \u2018ninguna empat\u00eda social\u2019<\/a>, al mismo tiempo que se le denuncia por un desmesurado vaciado de embalses para producir electricidad a precios baratos con el agua de las hidroel\u00e9ctricas y cobrarlos a precios de r\u00e9cord marcados por los derechos de emisiones de CO2 y del gas.&nbsp;<a href=\"https:\/\/intereconomia.com\/noticia\/empresas\/a-iberdrola-le-crecen-las-causas-judiciales-se-reactiva-el-caso-de-la-alteracion-del-precio-de-la-luz-en-2013-20200213-1558\/\" target=\"_blank\" rel=\"noreferrer noopener\">Tambi\u00e9n est\u00e1 en sede judicial otro caso: la manipulaci\u00f3n del precio de la luz en 2013<\/a>.<\/p>\n\n\n\n<p>\u00abIberdrola lleva m\u00e1s de 20 a\u00f1os contribuyendo al desarrollo econ\u00f3mico y social de M\u00e9xico, siempre apeg\u00e1ndose a su firme cultura \u00e9tica y de valores\u00bb, explic\u00f3 el director general de la compa\u00f1\u00eda, Enrique Alba, tras recibir el reconocimiento durante una ceremonia virtual encabezada por el presidente de la Concamin, Francisco Cervantes.about:blank<\/p>\n\n\n\n<p>La compa\u00f1\u00eda fue reconocida por su programa para hacer frente a la pandemia por la covid-19, el proyecto de rehabilitaci\u00f3n de escuelas da\u00f1adas por el terremoto de 2017 en Oaxaca y el plan de electrificaci\u00f3n de comunidades rurales, llamado Luces de Esperanza.<\/p>\n\n\n\n<p>\u00abMe honra mucho recibir este galard\u00f3n entregado por la Concamin, pues da testimonio de nuestros esfuerzos para tener un impacto positivo en las comunidades locales en las que operamos\u00bb, a\u00f1adi\u00f3 Alba.<\/p>\n\n\n\n<p>Adem\u00e1s de este premio, la Fundaci\u00f3n Concamin entreg\u00f3 a Iberdrola M\u00e9xico el M\u00e9rito a la Industria Sostenible por su difusi\u00f3n de la Agenda 2030 de la ONU para el desarrollo sostenible.<\/p>\n\n\n\n<p>Iberdrola M\u00e9xico ya recibi\u00f3 el Premio \u00c9tica y Valores durante la Reuni\u00f3n Anual de Industriales del 2019 celebrada en Le\u00f3n, Guanajuato.<\/p>\n\n\n\n<p>Con el inicio de la pandemia de la covid-19, la compa\u00f1\u00eda implement\u00f3 un plan integral que incluy\u00f3 la donaci\u00f3n de dos millones de unidades de material sanitario como mascarillas y ventiladores de cuidados intensivos.<\/p>\n\n\n\n<p>Tambi\u00e9n busca beneficiar a 10.000 estudiantes del estado de Oaxaca con la reconstrucci\u00f3n de 50 escuelas afectadas por los sismos de 2017 y la entrega de becas para fomentar las carreras t\u00e9cnicas y cient\u00edficas.<\/p>\n\n\n\n<p>Adem\u00e1s, tiene un proyecto para llevar energ\u00eda el\u00e9ctrica a comunidades rurales apartadas de San Luis Potos\u00ed y de Oaxaca mediante la instalaci\u00f3n de paneles solares.about:blank<\/p>\n\n\n\n<p>La Concamin, constituida en 1918, integra 47 c\u00e1maras nacionales, 14 c\u00e1maras regionales, 3 c\u00e1maras gen\u00e9ricas y 55 asociaciones de los distintos sectores productivos que existen en el pa\u00eds.<\/p>\n\n\n\n<p>Con una plantilla de 1.300 colaboradores, el 99 % de ellos mexicanos, Iberdrola M\u00e9xico contribuye al desarrollo energ\u00e9tico del pa\u00eds desde hace 20 a\u00f1os.<\/p>\n\n\n\n<p>Fuente: https:\/\/intereconomia.com\/noticia\/empresas\/los-industriales-mexicanos-premian-a-iberdrola-imputada-en-espana-por-el-caso-villarejo-por-su-etica-y-valores-20210830-2328\/<\/p>\n","protected":false},"excerpt":{"rendered":"<p>RADIO INTERECONOM\u00cdA La Confederaci\u00f3n de C\u00e1maras Industriales de los Estados Unidos Mexicanos (Concamin) entreg\u00f3 este lunes a la compa\u00f1\u00eda energ\u00e9tica [&hellip;]<\/p>\n","protected":false},"author":1,"featured_media":12408,"comment_status":"open","ping_status":"open","sticky":false,"template":"","format":"standard","meta":{"site-sidebar-layout":"default","site-content-layout":"","ast-site-content-layout":"default","site-content-style":"default","site-sidebar-style":"default","ast-global-header-display":"","ast-banner-title-visibility":"","ast-main-header-display":"","ast-hfb-above-header-display":"","ast-hfb-below-header-display":"","ast-hfb-mobile-header-display":"","site-post-title":"","ast-breadcrumbs-content":"","ast-featured-img":"","footer-sml-layout":"","theme-transparent-header-meta":"","adv-header-id-meta":"","stick-header-meta":"","header-above-stick-meta":"","header-main-stick-meta":"","header-below-stick-meta":"","astra-migrate-meta-layouts":"default","ast-page-background-enabled":"default","ast-page-background-meta":{"desktop":{"background-color":"var(--ast-global-color-4)","background-image":"","background-repeat":"repeat","background-position":"center center","background-size":"auto","background-attachment":"scroll","background-type":"","background-media":"","overlay-type":"","overlay-color":"","overlay-opacity":"","overlay-gradient":""},"tablet":{"background-color":"","background-image":"","background-repeat":"repeat","background-position":"center center","background-size":"auto","background-attachment":"scroll","background-type":"","background-media":"","overlay-type":"","overlay-color":"","overlay-opacity":"","overlay-gradient":""},"mobile":{"background-color":"","background-image":"","background-repeat":"repeat","background-position":"center center","background-size":"auto","background-attachment":"scroll","background-type":"","background-media":"","overlay-type":"","overlay-color":"","overlay-opacity":"","overlay-gradient":""}},"ast-content-background-meta":{"desktop":{"background-color":"var(--ast-global-color-5)","background-image":"","background-repeat":"repeat","background-position":"center center","background-size":"auto","background-attachment":"scroll","background-type":"","background-media":"","overlay-type":"","overlay-color":"","overlay-opacity":"","overlay-gradient":""},"tablet":{"background-color":"var(--ast-global-color-5)","background-image":"","background-repeat":"repeat","background-position":"center center","background-size":"auto","background-attachment":"scroll","background-type":"","background-media":"","overlay-type":"","overlay-color":"","overlay-opacity":"","overlay-gradient":""},"mobile":{"background-color":"var(--ast-global-color-5)","background-image":"","background-repeat":"repeat","background-position":"center center","background-size":"auto","background-attachment":"scroll","background-type":"","background-media":"","overlay-type":"","overlay-color":"","overlay-opacity":"","overlay-gradient":""}},"footnotes":""},"categories":[8],"tags":[3704,3705],"class_list":["post-12407","post","type-post","status-publish","format-standard","has-post-thumbnail","hentry","category-noticias","tag-concamin","tag-iberdrola-mexico"],"_links":{"self":[{"href":"https:\/\/losperiodistas.com.mx\/portal\/wp-json\/wp\/v2\/posts\/12407","targetHints":{"allow":["GET"]}}],"collection":[{"href":"https:\/\/losperiodistas.com.mx\/portal\/wp-json\/wp\/v2\/posts"}],"about":[{"href":"https:\/\/losperiodistas.com.mx\/portal\/wp-json\/wp\/v2\/types\/post"}],"author":[{"embeddable":true,"href":"https:\/\/losperiodistas.com.mx\/portal\/wp-json\/wp\/v2\/users\/1"}],"replies":[{"embeddable":true,"href":"https:\/\/losperiodistas.com.mx\/portal\/wp-json\/wp\/v2\/comments?post=12407"}],"version-history":[{"count":1,"href":"https:\/\/losperiodistas.com.mx\/portal\/wp-json\/wp\/v2\/posts\/12407\/revisions"}],"predecessor-version":[{"id":12409,"href":"https:\/\/losperiodistas.com.mx\/portal\/wp-json\/wp\/v2\/posts\/12407\/revisions\/12409"}],"wp:featuredmedia":[{"embeddable":true,"href":"https:\/\/losperiodistas.com.mx\/portal\/wp-json\/wp\/v2\/media\/12408"}],"wp:attachment":[{"href":"https:\/\/losperiodistas.com.mx\/portal\/wp-json\/wp\/v2\/media?parent=12407"}],"wp:term":[{"taxonomy":"category","embeddable":true,"href":"https:\/\/losperiodistas.com.mx\/portal\/wp-json\/wp\/v2\/categories?post=12407"},{"taxonomy":"post_tag","embeddable":true,"href":"https:\/\/losperiodistas.com.mx\/portal\/wp-json\/wp\/v2\/tags?post=12407"}],"curies":[{"name":"wp","href":"https:\/\/api.w.org\/{rel}","templated":true}]}}