{"id":12219,"date":"2021-08-27T07:58:59","date_gmt":"2021-08-27T12:58:59","guid":{"rendered":"http:\/\/losperiodistas.com.mx\/portal\/?p=12219"},"modified":"2021-08-27T07:59:00","modified_gmt":"2021-08-27T12:59:00","slug":"maestros-de-chiapas-retienen-a-lopez-obrador-e-impiden-su-ingreso-a-la-conferencia-matutina-rt","status":"publish","type":"post","link":"https:\/\/losperiodistas.com.mx\/portal\/maestros-de-chiapas-retienen-a-lopez-obrador-e-impiden-su-ingreso-a-la-conferencia-matutina-rt\/","title":{"rendered":"Maestros de Chiapas retienen a L\u00f3pez Obrador e impiden su ingreso a la conferencia matutina | RT"},"content":{"rendered":"\n<p style=\"font-size:18px\"><em>El mandatario permanecer\u00eda varado en el interior de su veh\u00edculo por un contingente de maestros de la Coordinadora Nacional de Trabajadores de la Educaci\u00f3n.<\/em><\/p>\n\n\n\n<p><\/p>\n\n\n\n<figure class=\"wp-block-image size-large\"><img fetchpriority=\"high\" decoding=\"async\" width=\"1024\" height=\"572\" src=\"https:\/\/losperiodistas.com.mx\/portal\/wp-content\/uploads\/2021\/08\/Captura-de-Pantalla-2021-08-27-a-las-7.56.13-1024x572.jpg\" alt=\"\" class=\"wp-image-12220\" srcset=\"https:\/\/losperiodistas.com.mx\/portal\/wp-content\/uploads\/2021\/08\/Captura-de-Pantalla-2021-08-27-a-las-7.56.13-1024x572.jpg 1024w, https:\/\/losperiodistas.com.mx\/portal\/wp-content\/uploads\/2021\/08\/Captura-de-Pantalla-2021-08-27-a-las-7.56.13-300x168.jpg 300w, https:\/\/losperiodistas.com.mx\/portal\/wp-content\/uploads\/2021\/08\/Captura-de-Pantalla-2021-08-27-a-las-7.56.13-768x429.jpg 768w, https:\/\/losperiodistas.com.mx\/portal\/wp-content\/uploads\/2021\/08\/Captura-de-Pantalla-2021-08-27-a-las-7.56.13-1536x859.jpg 1536w, https:\/\/losperiodistas.com.mx\/portal\/wp-content\/uploads\/2021\/08\/Captura-de-Pantalla-2021-08-27-a-las-7.56.13-2048x1145.jpg 2048w\" sizes=\"(max-width: 1024px) 100vw, 1024px\" \/><figcaption>Twitter @lopezobrador_<\/figcaption><\/figure>\n\n\n\n<p><\/p>\n\n\n\n<p class=\"has-vivid-cyan-blue-color has-text-color has-medium-font-size\">RT<\/p>\n\n\n\n<p>El presidente de M\u00e9xico, Andr\u00e9s Manuel L\u00f3pez Obrador, fue retenido por un grupo de profesores en el estado de Chiapas, impidiendo que llegara a su habitual conferencia matutina.<\/p>\n\n\n\n<figure class=\"wp-block-embed is-type-rich is-provider-twitter wp-block-embed-twitter\"><div class=\"wp-block-embed__wrapper\">\n<blockquote class=\"twitter-tweet\" data-width=\"500\" data-dnt=\"true\"><p lang=\"es\" dir=\"ltr\">Error de log\u00edstica\/seguridad dejar que el Presidente <a href=\"https:\/\/twitter.com\/lopezobrador_?ref_src=twsrc%5Etfw\">@lopezobrador_<\/a> sea retenido, por inconformes de la CNTE antes de ingresar al cuartel militar<br>Mientras tanto a unos metros en la &quot;ma\u00f1anera&quot; est\u00e1 el gobernador <a href=\"https:\/\/twitter.com\/RutilioEscandon?ref_src=twsrc%5Etfw\">@RutilioEscandon<\/a> y el secretario de <a href=\"https:\/\/twitter.com\/SEDENAmx?ref_src=twsrc%5Etfw\">@SEDENAmx<\/a> entre otras autoridades <a href=\"https:\/\/t.co\/kHYUrknEz7\">pic.twitter.com\/kHYUrknEz7<\/a><\/p>&mdash; Enrique Duarte Velarde (@kikesma) <a href=\"https:\/\/twitter.com\/kikesma\/status\/1431233908700377091?ref_src=twsrc%5Etfw\">August 27, 2021<\/a><\/blockquote><script async src=\"https:\/\/platform.twitter.com\/widgets.js\" charset=\"utf-8\"><\/script>\n<\/div><\/figure>\n\n\n\n<p>Durante\u00a0m\u00e1s de una hora, el mandatario mexicano\u00a0ha sido retenido por maestros de la Coordinadora Nacional de Trabajadores de la Educaci\u00f3n (CNTE), quienes exigen soluci\u00f3n a sus demandas afuera de la\u00a0VII Regi\u00f3n Militar en Tuxtla Guti\u00e9rrez, Chiapas, donde fue programada\u00a0la conferencia matutina de este viernes.\u00a0<\/p>\n\n\n\n<figure class=\"wp-block-embed is-type-rich is-provider-twitter wp-block-embed-twitter\"><div class=\"wp-block-embed__wrapper\">\n<blockquote class=\"twitter-tweet\" data-width=\"500\" data-dnt=\"true\"><p lang=\"es\" dir=\"ltr\">Desde hace m\u00e1s de una hora un grupo de personas identificados como maestros de la <a href=\"https:\/\/twitter.com\/hashtag\/CNTE?src=hash&amp;ref_src=twsrc%5Etfw\">#CNTE<\/a>, no han dejado entrar al presidente <a href=\"https:\/\/twitter.com\/lopezobrador_?ref_src=twsrc%5Etfw\">@lopezobrador_<\/a> a la VII Regi\u00f3n Militar en <a href=\"https:\/\/twitter.com\/hashtag\/TuxtlaGutierrez?src=hash&amp;ref_src=twsrc%5Etfw\">#TuxtlaGutierrez<\/a> donde dar\u00e1 su conferencia de prensa <a href=\"https:\/\/twitter.com\/hashtag\/ma%C3%B1anera?src=hash&amp;ref_src=twsrc%5Etfw\">#ma\u00f1anera<\/a>. <a href=\"https:\/\/twitter.com\/889Noticias?ref_src=twsrc%5Etfw\">@889Noticias<\/a> <a href=\"https:\/\/twitter.com\/inakimanero?ref_src=twsrc%5Etfw\">@inakimanero<\/a> <a href=\"https:\/\/twitter.com\/peterlopezz?ref_src=twsrc%5Etfw\">@peterlopezz<\/a> <a href=\"https:\/\/twitter.com\/RULSOTO?ref_src=twsrc%5Etfw\">@RULSOTO<\/a> <a href=\"https:\/\/t.co\/T4Pqx8nPFj\">pic.twitter.com\/T4Pqx8nPFj<\/a><\/p>&mdash; Fernando Cant\u00f3n (@Fercanton) <a href=\"https:\/\/twitter.com\/Fercanton\/status\/1431231243765567493?ref_src=twsrc%5Etfw\">August 27, 2021<\/a><\/blockquote><script async src=\"https:\/\/platform.twitter.com\/widgets.js\" charset=\"utf-8\"><\/script>\n<\/div><\/figure>\n\n\n\n<p>Fuente: https:\/\/actualidad.rt.com\/actualidad\/402109-maestros-chiapas-retener-lopez-obrador-conferencia-matutina<\/p>\n","protected":false},"excerpt":{"rendered":"<p>El mandatario permanecer\u00eda varado en el interior de su veh\u00edculo por un contingente de maestros de la Coordinadora Nacional de [&hellip;]<\/p>\n","protected":false},"author":1,"featured_media":12220,"comment_status":"open","ping_status":"open","sticky":false,"template":"","format":"standard","meta":{"site-sidebar-layout":"default","site-content-layout":"","ast-site-content-layout":"default","site-content-style":"default","site-sidebar-style":"default","ast-global-header-display":"","ast-banner-title-visibility":"","ast-main-header-display":"","ast-hfb-above-header-display":"","ast-hfb-below-header-display":"","ast-hfb-mobile-header-display":"","site-post-title":"","ast-breadcrumbs-content":"","ast-featured-img":"","footer-sml-layout":"","theme-transparent-header-meta":"","adv-header-id-meta":"","stick-header-meta":"","header-above-stick-meta":"","header-main-stick-meta":"","header-below-stick-meta":"","astra-migrate-meta-layouts":"default","ast-page-background-enabled":"default","ast-page-background-meta":{"desktop":{"background-color":"var(--ast-global-color-4)","background-image":"","background-repeat":"repeat","background-position":"center center","background-size":"auto","background-attachment":"scroll","background-type":"","background-media":"","overlay-type":"","overlay-color":"","overlay-opacity":"","overlay-gradient":""},"tablet":{"background-color":"","background-image":"","background-repeat":"repeat","background-position":"center center","background-size":"auto","background-attachment":"scroll","background-type":"","background-media":"","overlay-type":"","overlay-color":"","overlay-opacity":"","overlay-gradient":""},"mobile":{"background-color":"","background-image":"","background-repeat":"repeat","background-position":"center center","background-size":"auto","background-attachment":"scroll","background-type":"","background-media":"","overlay-type":"","overlay-color":"","overlay-opacity":"","overlay-gradient":""}},"ast-content-background-meta":{"desktop":{"background-color":"var(--ast-global-color-5)","background-image":"","background-repeat":"repeat","background-position":"center center","background-size":"auto","background-attachment":"scroll","background-type":"","background-media":"","overlay-type":"","overlay-color":"","overlay-opacity":"","overlay-gradient":""},"tablet":{"background-color":"var(--ast-global-color-5)","background-image":"","background-repeat":"repeat","background-position":"center center","background-size":"auto","background-attachment":"scroll","background-type":"","background-media":"","overlay-type":"","overlay-color":"","overlay-opacity":"","overlay-gradient":""},"mobile":{"background-color":"var(--ast-global-color-5)","background-image":"","background-repeat":"repeat","background-position":"center center","background-size":"auto","background-attachment":"scroll","background-type":"","background-media":"","overlay-type":"","overlay-color":"","overlay-opacity":"","overlay-gradient":""}},"footnotes":""},"categories":[8],"tags":[3601,2671,3602,3262],"class_list":["post-12219","post","type-post","status-publish","format-standard","has-post-thumbnail","hentry","category-noticias","tag-amlo-bloqueado","tag-chiapas","tag-rutilo-escandon","tag-sedena"],"_links":{"self":[{"href":"https:\/\/losperiodistas.com.mx\/portal\/wp-json\/wp\/v2\/posts\/12219","targetHints":{"allow":["GET"]}}],"collection":[{"href":"https:\/\/losperiodistas.com.mx\/portal\/wp-json\/wp\/v2\/posts"}],"about":[{"href":"https:\/\/losperiodistas.com.mx\/portal\/wp-json\/wp\/v2\/types\/post"}],"author":[{"embeddable":true,"href":"https:\/\/losperiodistas.com.mx\/portal\/wp-json\/wp\/v2\/users\/1"}],"replies":[{"embeddable":true,"href":"https:\/\/losperiodistas.com.mx\/portal\/wp-json\/wp\/v2\/comments?post=12219"}],"version-history":[{"count":1,"href":"https:\/\/losperiodistas.com.mx\/portal\/wp-json\/wp\/v2\/posts\/12219\/revisions"}],"predecessor-version":[{"id":12221,"href":"https:\/\/losperiodistas.com.mx\/portal\/wp-json\/wp\/v2\/posts\/12219\/revisions\/12221"}],"wp:featuredmedia":[{"embeddable":true,"href":"https:\/\/losperiodistas.com.mx\/portal\/wp-json\/wp\/v2\/media\/12220"}],"wp:attachment":[{"href":"https:\/\/losperiodistas.com.mx\/portal\/wp-json\/wp\/v2\/media?parent=12219"}],"wp:term":[{"taxonomy":"category","embeddable":true,"href":"https:\/\/losperiodistas.com.mx\/portal\/wp-json\/wp\/v2\/categories?post=12219"},{"taxonomy":"post_tag","embeddable":true,"href":"https:\/\/losperiodistas.com.mx\/portal\/wp-json\/wp\/v2\/tags?post=12219"}],"curies":[{"name":"wp","href":"https:\/\/api.w.org\/{rel}","templated":true}]}}