{"id":12216,"date":"2021-08-27T07:48:12","date_gmt":"2021-08-27T12:48:12","guid":{"rendered":"http:\/\/losperiodistas.com.mx\/portal\/?p=12216"},"modified":"2021-08-27T07:48:13","modified_gmt":"2021-08-27T12:48:13","slug":"impide-cnte-arribo-de-amlo-a-la-mananera-reforma","status":"publish","type":"post","link":"https:\/\/losperiodistas.com.mx\/portal\/impide-cnte-arribo-de-amlo-a-la-mananera-reforma\/","title":{"rendered":"Impide CNTE arribo de AMLO a la ma\u00f1anera | Reforma"},"content":{"rendered":"\n<p style=\"font-size:18px\"><em>El gobernador de Chiapas, Rutilio Escand\u00f3n Cadenas, explic\u00f3 que el mandatario sostiene un d\u00edalogo con el magisterio.<\/em><\/p>\n\n\n\n<p><\/p>\n\n\n\n<figure class=\"wp-block-image size-large\"><img fetchpriority=\"high\" decoding=\"async\" width=\"956\" height=\"644\" src=\"https:\/\/losperiodistas.com.mx\/portal\/wp-content\/uploads\/2021\/08\/Captura-de-Pantalla-2021-08-27-a-las-7.46.25.jpg\" alt=\"\" class=\"wp-image-12217\" srcset=\"https:\/\/losperiodistas.com.mx\/portal\/wp-content\/uploads\/2021\/08\/Captura-de-Pantalla-2021-08-27-a-las-7.46.25.jpg 956w, https:\/\/losperiodistas.com.mx\/portal\/wp-content\/uploads\/2021\/08\/Captura-de-Pantalla-2021-08-27-a-las-7.46.25-300x202.jpg 300w, https:\/\/losperiodistas.com.mx\/portal\/wp-content\/uploads\/2021\/08\/Captura-de-Pantalla-2021-08-27-a-las-7.46.25-768x517.jpg 768w\" sizes=\"(max-width: 956px) 100vw, 956px\" \/><\/figure>\n\n\n\n<p><\/p>\n\n\n\n<p class=\"has-vivid-cyan-blue-color has-text-color has-medium-font-size\">JORGE RICARDO \/ REFORMA<\/p>\n\n\n\n<p><strong>Tuxtla Guti\u00e9rrez, M\u00e9xico&nbsp;(27 agosto 2021).-&nbsp;<\/strong>La conferencia ma\u00f1anera en Tuxtla Guti\u00e9rrez inici\u00f3 sin el Presidente Andr\u00e9s Manuel L\u00f3pez Obrador, pues integrantes de CNTE en Chiapas le bloquean el paso en exigencia de di\u00e1logo sobre la reforma educativa y la reactivaci\u00f3n de cajas de ahorro.<\/p>\n\n\n\n<p>\u00abExigimos el respeto de todas las conquistas laborales, est\u00e1n congeladas las plazas del comit\u00e9 seccional y tambi\u00e9n se analice de inmediato la liberaci\u00f3n a los compa\u00f1eros que merecen sus pr\u00e9stamos de caja de ahorro y fondo de ahorro\u00bb, urgieron.<\/p>\n\n\n\n<p>Afuera de la S\u00e9ptima Regi\u00f3n Militar de Tuxtla Guti\u00e9rrez, donde dar\u00e1 su conferencia, varios grupos impiden el paso del Mandatario federal, quien dijo que se quedar\u00e1 en el lugar y no aceptar\u00e1 chantajes<\/p>\n\n\n\n<p>\u00abAqu\u00ed me quedo, no acepto chantajes\u00bb, afirm\u00f3 Lopez Obrador enojado al interior de su camioneta.<\/p>\n\n\n\n<p>\u00abMe dejan pasar, me respetan y luego hablamos\u00bb.<\/p>\n\n\n\n<p>Tras esto, uno de los integrantes grit\u00f3: \u00ab\u00a1Primero la soluci\u00f3n, luego la conferencia!\u00bb.<\/p>\n\n\n\n<p>En d\u00edas recientes, la secci\u00f3n 7 de la Coordinadora Nacional de Trabajadores de la Educaci\u00f3n (CNTE) se ha manifestado incluso con la toma de casetas acusando una simulaci\u00f3n de las mesas de reuni\u00f3n para acabar con la reforma educativa, por plazas y derechos sindicales y en contra del regreso a clases presenciales.<\/p>\n\n\n\n<p>\u00abEstamos padeciendo la reforma educativa, nos prometieron quitar la reforma, que no quedar\u00eda ni una coma y la pregunta: \u00bfEs cierto que se abrog\u00f3 la reforma educativa? \u00a1No! Entonces, seguiremos en esta lucha y en esta batalla\u00bb, exclamaron los miembros de la Coordinadora.<\/p>\n\n\n\n<p>Lopez Obrador sigue detenido en la entrada por la manifestaci\u00f3n.<\/p>\n\n\n\n<p>Fuente: https:\/\/www.reforma.com\/impide-cnte-arribo-de-amlo-a-la-mananera\/ar2247626?v=7<\/p>\n","protected":false},"excerpt":{"rendered":"<p>El gobernador de Chiapas, Rutilio Escand\u00f3n Cadenas, explic\u00f3 que el mandatario sostiene un d\u00edalogo con el magisterio. JORGE RICARDO \/ [&hellip;]<\/p>\n","protected":false},"author":1,"featured_media":12217,"comment_status":"open","ping_status":"open","sticky":false,"template":"","format":"standard","meta":{"site-sidebar-layout":"default","site-content-layout":"","ast-site-content-layout":"default","site-content-style":"default","site-sidebar-style":"default","ast-global-header-display":"","ast-banner-title-visibility":"","ast-main-header-display":"","ast-hfb-above-header-display":"","ast-hfb-below-header-display":"","ast-hfb-mobile-header-display":"","site-post-title":"","ast-breadcrumbs-content":"","ast-featured-img":"","footer-sml-layout":"","theme-transparent-header-meta":"","adv-header-id-meta":"","stick-header-meta":"","header-above-stick-meta":"","header-main-stick-meta":"","header-below-stick-meta":"","astra-migrate-meta-layouts":"default","ast-page-background-enabled":"default","ast-page-background-meta":{"desktop":{"background-color":"var(--ast-global-color-4)","background-image":"","background-repeat":"repeat","background-position":"center center","background-size":"auto","background-attachment":"scroll","background-type":"","background-media":"","overlay-type":"","overlay-color":"","overlay-opacity":"","overlay-gradient":""},"tablet":{"background-color":"","background-image":"","background-repeat":"repeat","background-position":"center center","background-size":"auto","background-attachment":"scroll","background-type":"","background-media":"","overlay-type":"","overlay-color":"","overlay-opacity":"","overlay-gradient":""},"mobile":{"background-color":"","background-image":"","background-repeat":"repeat","background-position":"center center","background-size":"auto","background-attachment":"scroll","background-type":"","background-media":"","overlay-type":"","overlay-color":"","overlay-opacity":"","overlay-gradient":""}},"ast-content-background-meta":{"desktop":{"background-color":"var(--ast-global-color-5)","background-image":"","background-repeat":"repeat","background-position":"center center","background-size":"auto","background-attachment":"scroll","background-type":"","background-media":"","overlay-type":"","overlay-color":"","overlay-opacity":"","overlay-gradient":""},"tablet":{"background-color":"var(--ast-global-color-5)","background-image":"","background-repeat":"repeat","background-position":"center center","background-size":"auto","background-attachment":"scroll","background-type":"","background-media":"","overlay-type":"","overlay-color":"","overlay-opacity":"","overlay-gradient":""},"mobile":{"background-color":"var(--ast-global-color-5)","background-image":"","background-repeat":"repeat","background-position":"center center","background-size":"auto","background-attachment":"scroll","background-type":"","background-media":"","overlay-type":"","overlay-color":"","overlay-opacity":"","overlay-gradient":""}},"footnotes":""},"categories":[8],"tags":[3599,3598,3600],"class_list":["post-12216","post","type-post","status-publish","format-standard","has-post-thumbnail","hentry","category-noticias","tag-amlo-chiapas","tag-cnte-bloqueo","tag-impiden-mananera"],"_links":{"self":[{"href":"https:\/\/losperiodistas.com.mx\/portal\/wp-json\/wp\/v2\/posts\/12216","targetHints":{"allow":["GET"]}}],"collection":[{"href":"https:\/\/losperiodistas.com.mx\/portal\/wp-json\/wp\/v2\/posts"}],"about":[{"href":"https:\/\/losperiodistas.com.mx\/portal\/wp-json\/wp\/v2\/types\/post"}],"author":[{"embeddable":true,"href":"https:\/\/losperiodistas.com.mx\/portal\/wp-json\/wp\/v2\/users\/1"}],"replies":[{"embeddable":true,"href":"https:\/\/losperiodistas.com.mx\/portal\/wp-json\/wp\/v2\/comments?post=12216"}],"version-history":[{"count":1,"href":"https:\/\/losperiodistas.com.mx\/portal\/wp-json\/wp\/v2\/posts\/12216\/revisions"}],"predecessor-version":[{"id":12218,"href":"https:\/\/losperiodistas.com.mx\/portal\/wp-json\/wp\/v2\/posts\/12216\/revisions\/12218"}],"wp:featuredmedia":[{"embeddable":true,"href":"https:\/\/losperiodistas.com.mx\/portal\/wp-json\/wp\/v2\/media\/12217"}],"wp:attachment":[{"href":"https:\/\/losperiodistas.com.mx\/portal\/wp-json\/wp\/v2\/media?parent=12216"}],"wp:term":[{"taxonomy":"category","embeddable":true,"href":"https:\/\/losperiodistas.com.mx\/portal\/wp-json\/wp\/v2\/categories?post=12216"},{"taxonomy":"post_tag","embeddable":true,"href":"https:\/\/losperiodistas.com.mx\/portal\/wp-json\/wp\/v2\/tags?post=12216"}],"curies":[{"name":"wp","href":"https:\/\/api.w.org\/{rel}","templated":true}]}}