{"id":12207,"date":"2021-08-26T19:41:24","date_gmt":"2021-08-27T00:41:24","guid":{"rendered":"http:\/\/losperiodistas.com.mx\/portal\/?p=12207"},"modified":"2021-08-26T19:41:26","modified_gmt":"2021-08-27T00:41:26","slug":"lucha-por-el-poder-en-el-suterm","status":"publish","type":"post","link":"https:\/\/losperiodistas.com.mx\/portal\/lucha-por-el-poder-en-el-suterm\/","title":{"rendered":"Lucha por el poder en el SUTERM"},"content":{"rendered":"\n<p class=\"has-medium-font-size\">*Pleitos internos entre el sindicato nacional y el de Puebla<\/p>\n\n\n\n<p><\/p>\n\n\n\n<figure class=\"wp-block-image size-large\"><img fetchpriority=\"high\" decoding=\"async\" width=\"1024\" height=\"768\" src=\"https:\/\/losperiodistas.com.mx\/portal\/wp-content\/uploads\/2021\/08\/VICTOR-MANUEL-CARRETO-PACHECO-1024x768.jpeg\" alt=\"\" class=\"wp-image-12208\" srcset=\"https:\/\/losperiodistas.com.mx\/portal\/wp-content\/uploads\/2021\/08\/VICTOR-MANUEL-CARRETO-PACHECO-1024x768.jpeg 1024w, https:\/\/losperiodistas.com.mx\/portal\/wp-content\/uploads\/2021\/08\/VICTOR-MANUEL-CARRETO-PACHECO-300x225.jpeg 300w, https:\/\/losperiodistas.com.mx\/portal\/wp-content\/uploads\/2021\/08\/VICTOR-MANUEL-CARRETO-PACHECO-768x576.jpeg 768w, https:\/\/losperiodistas.com.mx\/portal\/wp-content\/uploads\/2021\/08\/VICTOR-MANUEL-CARRETO-PACHECO-1536x1152.jpeg 1536w, https:\/\/losperiodistas.com.mx\/portal\/wp-content\/uploads\/2021\/08\/VICTOR-MANUEL-CARRETO-PACHECO.jpeg 1600w\" sizes=\"(max-width: 1024px) 100vw, 1024px\" \/><\/figure>\n\n\n\n<p class=\"has-vivid-cyan-blue-color has-text-color\" style=\"font-size:26px\"><strong><em>Por Ra\u00fal Torres Salmer\u00f3n<\/em><\/strong><\/p>\n\n\n\n<p>A lo largo de este a\u00f1o, en el poderoso Sindicato \u00danico de Electricistas de la Rep\u00fablica Mexicana (SUTERM), se ha desarrollado una sorda y extra\u00f1a lucha interna entre la directiva nacional contra la dirigencia de Puebla.<\/p>\n\n\n\n<p>El objetivo principal de la dirigencia nacional parece ser V\u00edctor Manuel Carreto Pacheco, quien funge como Secretario del Trabajo de la Secci\u00f3n 92 Puebla del SUTERM, es decir, el segundo de a bordo del dirigente V\u00edctor Manuel Carreto Fern\u00e1ndez de Lara.<\/p>\n\n\n\n<p>La lucha contra los poblanos la dirige V\u00edctor Fuentes del Villar, dirigente nacional a trav\u00e9s de la Comisi\u00f3n Nacional de Justicia, organismo que declar\u00f3 suspendido de los derechos sindicales a Carreto Pacheco, quien tramit\u00f3 el juicio de Amparo 778\/2021 y la fecha de decisi\u00f3n para determinar la legalidad de la decisi\u00f3n ser\u00e1 el 8 de septiembre, d\u00eda de la audiencia constitucional.<\/p>\n\n\n\n<p>Una circular interna del SUTERM, con fecha 22 de julio de este a\u00f1o, describe los acontecimientos y argumentos por los cuales, Carreto Pacheco, fue destituido como Secretario de Trabajo de la Secci\u00f3n 92 Puebla, incluso le exigen al l\u00edder estatal que informe a M\u00e9xico la destituci\u00f3n del Secretario del Trabajo y entregue papeles y la documentaci\u00f3n de archivo.<\/p>\n\n\n\n<p>Todo inici\u00f3 a mediados de mayo cuando por un oficio enviado por redes sociales, se anunci\u00f3 la suspensi\u00f3n de derechos sindicales y del cargo de Carreto Pacheco, quien en respuesta por las mismas redes, argument\u00f3 que no procede el castigo, adem\u00e1s de que fue ratificado por la asamblea general e incluso se otorg\u00f3 la toma de nota para los a\u00f1os 2021 a 2027 por parte de la Secretar\u00eda del Trabajo y Previsi\u00f3n Social, con fecha 1 de junio de 2021.<\/p>\n\n\n\n<p>El 28 de junio, un oficio firmado por V\u00edctor Fuentes del Villar notific\u00f3 a la base trabajadora de la suspensi\u00f3n de derechos sindicales y menciona que el suplente Alejandro Morill\u00f3n ejercer\u00e1 sus funciones. El 22 de julio, en un extenso documento de 37 p\u00e1ginas. Carreto Pacheco realiz\u00f3 una amplia defensa acompa\u00f1ada de&nbsp; documentos y fotos.<\/p>\n\n\n\n<p>En el fondo del asunto, el dirigente nacional, Fuentes del Villar ha dicho que quiere obediencia ciega y desconocer a los liderazgos reales, debido a que desde hace un tiempo ha tratado de quitar a la Secci\u00f3n Puebla del SUTERM, peso pol\u00edtico y relevancia.<\/p>\n\n\n\n<p>Otra versi\u00f3n se\u00f1ala que es un a\u00f1ejo pleito entre los dirigentes Fuentes del Villar con 85 a\u00f1os y Carreto Fern\u00e1ndez de Lara de 80 a\u00f1os, adem\u00e1s de que el sucesor natural del liderazgo poblano en el futuro, ser\u00eda Carreto Pacheco.<\/p>\n\n\n\n<p>ARGUMENTOS DE CARRETO PACHECO<\/p>\n\n\n\n<p>En reciente rueda de prensa, Carreto Pacheco, quien tambi\u00e9n es Subsecretario de Gesti\u00f3n Industrial del Comit\u00e9 Nacional, expuso los siguientes puntos de vista:<\/p>\n\n\n\n<p>-Es arbitrario el castigo que me impusieron y destituyeron de su cargo; la suspensi\u00f3n de mis derechos es una persecuci\u00f3n pol\u00edtica en mi contra.<\/p>\n\n\n\n<p>-Exijo que se detenga este acoso. Con mi grupo de trabajo, hemos sido observantes de la ley, en todos los sentidos. No permitiremos que se mancille nuestro nombre y tampoco de la secci\u00f3n 92 del SUTERM.<\/p>\n\n\n\n<p>-Hay testimonios de trabajadores de la Comisi\u00f3n Federal de Electricidad (CFE) que sufrieron acoso y persecuci\u00f3n, donde el Sindicato no ejecut\u00f3 acciones para enmendarlos, simplemente hubo silencio administrativo.<\/p>\n\n\n\n<p>-La Secci\u00f3n 92 del SUTERM es un grupo pol\u00edtico contrario al del dirigente nacional V\u00edctor Fuentes de Villar, nos oponemos a la privatizaci\u00f3n de la CFE y a la mutilaci\u00f3n del contrato colectivo de trabajo y de los derechos hist\u00f3ricos de los trabajadores.<\/p>\n\n\n\n<p>-Exigimos a Fuentes del Villar que se involucre en las problem\u00e1ticas internas y que detenga la persecuci\u00f3n pol\u00edtica, pues nadie merece vivir con ese hostigamiento.<\/p>\n\n\n\n<p>-El Subgerente de Trabajo y Servicios Administrativos de la Divisi\u00f3n Centro Oriente de la CFE, Francisco Alberto Hern\u00e1ndez Hern\u00e1ndez, se ha unido al linchamiento en nuestra contra, porque lleg\u00f3 a apoderarse de las funciones del sindicato y comenz\u00f3 a dar instrucciones sin ninguna base jur\u00eddica.<\/p>\n\n\n\n<p>La legalidad o ilegalidad de las determinaciones del &nbsp;sindicato nacional, tendr\u00e1 una resoluci\u00f3n judicial el 8 de septiembre en la audiencia constitucional del juicio de amparo.<\/p>\n\n\n\n<p>En fin, como dice la copla espa\u00f1ola:<\/p>\n\n\n\n<p>Malos pensamientos tienes<\/p>\n\n\n\n<p>y yo mil presentimientos:<\/p>\n\n\n\n<p>para dejar de pensar,<\/p>\n\n\n\n<p>mudemos de pensamiento.<\/p>\n\n\n\n<p>raultorress@hotmail.com<\/p>\n","protected":false},"excerpt":{"rendered":"<p>*Pleitos internos entre el sindicato nacional y el de Puebla Por Ra\u00fal Torres Salmer\u00f3n A lo largo de este a\u00f1o, [&hellip;]<\/p>\n","protected":false},"author":1,"featured_media":12208,"comment_status":"open","ping_status":"open","sticky":false,"template":"","format":"standard","meta":{"site-sidebar-layout":"default","site-content-layout":"","ast-site-content-layout":"default","site-content-style":"default","site-sidebar-style":"default","ast-global-header-display":"","ast-banner-title-visibility":"","ast-main-header-display":"","ast-hfb-above-header-display":"","ast-hfb-below-header-display":"","ast-hfb-mobile-header-display":"","site-post-title":"","ast-breadcrumbs-content":"","ast-featured-img":"","footer-sml-layout":"","theme-transparent-header-meta":"","adv-header-id-meta":"","stick-header-meta":"","header-above-stick-meta":"","header-main-stick-meta":"","header-below-stick-meta":"","astra-migrate-meta-layouts":"default","ast-page-background-enabled":"default","ast-page-background-meta":{"desktop":{"background-color":"var(--ast-global-color-4)","background-image":"","background-repeat":"repeat","background-position":"center center","background-size":"auto","background-attachment":"scroll","background-type":"","background-media":"","overlay-type":"","overlay-color":"","overlay-opacity":"","overlay-gradient":""},"tablet":{"background-color":"","background-image":"","background-repeat":"repeat","background-position":"center center","background-size":"auto","background-attachment":"scroll","background-type":"","background-media":"","overlay-type":"","overlay-color":"","overlay-opacity":"","overlay-gradient":""},"mobile":{"background-color":"","background-image":"","background-repeat":"repeat","background-position":"center center","background-size":"auto","background-attachment":"scroll","background-type":"","background-media":"","overlay-type":"","overlay-color":"","overlay-opacity":"","overlay-gradient":""}},"ast-content-background-meta":{"desktop":{"background-color":"var(--ast-global-color-5)","background-image":"","background-repeat":"repeat","background-position":"center center","background-size":"auto","background-attachment":"scroll","background-type":"","background-media":"","overlay-type":"","overlay-color":"","overlay-opacity":"","overlay-gradient":""},"tablet":{"background-color":"var(--ast-global-color-5)","background-image":"","background-repeat":"repeat","background-position":"center center","background-size":"auto","background-attachment":"scroll","background-type":"","background-media":"","overlay-type":"","overlay-color":"","overlay-opacity":"","overlay-gradient":""},"mobile":{"background-color":"var(--ast-global-color-5)","background-image":"","background-repeat":"repeat","background-position":"center center","background-size":"auto","background-attachment":"scroll","background-type":"","background-media":"","overlay-type":"","overlay-color":"","overlay-opacity":"","overlay-gradient":""}},"footnotes":""},"categories":[8,19],"tags":[3597],"class_list":["post-12207","post","type-post","status-publish","format-standard","has-post-thumbnail","hentry","category-noticias","category-sin-limites-2","tag-suterm-puebla"],"_links":{"self":[{"href":"https:\/\/losperiodistas.com.mx\/portal\/wp-json\/wp\/v2\/posts\/12207","targetHints":{"allow":["GET"]}}],"collection":[{"href":"https:\/\/losperiodistas.com.mx\/portal\/wp-json\/wp\/v2\/posts"}],"about":[{"href":"https:\/\/losperiodistas.com.mx\/portal\/wp-json\/wp\/v2\/types\/post"}],"author":[{"embeddable":true,"href":"https:\/\/losperiodistas.com.mx\/portal\/wp-json\/wp\/v2\/users\/1"}],"replies":[{"embeddable":true,"href":"https:\/\/losperiodistas.com.mx\/portal\/wp-json\/wp\/v2\/comments?post=12207"}],"version-history":[{"count":1,"href":"https:\/\/losperiodistas.com.mx\/portal\/wp-json\/wp\/v2\/posts\/12207\/revisions"}],"predecessor-version":[{"id":12209,"href":"https:\/\/losperiodistas.com.mx\/portal\/wp-json\/wp\/v2\/posts\/12207\/revisions\/12209"}],"wp:featuredmedia":[{"embeddable":true,"href":"https:\/\/losperiodistas.com.mx\/portal\/wp-json\/wp\/v2\/media\/12208"}],"wp:attachment":[{"href":"https:\/\/losperiodistas.com.mx\/portal\/wp-json\/wp\/v2\/media?parent=12207"}],"wp:term":[{"taxonomy":"category","embeddable":true,"href":"https:\/\/losperiodistas.com.mx\/portal\/wp-json\/wp\/v2\/categories?post=12207"},{"taxonomy":"post_tag","embeddable":true,"href":"https:\/\/losperiodistas.com.mx\/portal\/wp-json\/wp\/v2\/tags?post=12207"}],"curies":[{"name":"wp","href":"https:\/\/api.w.org\/{rel}","templated":true}]}}