{"id":12202,"date":"2021-08-26T19:28:34","date_gmt":"2021-08-27T00:28:34","guid":{"rendered":"http:\/\/losperiodistas.com.mx\/portal\/?p=12202"},"modified":"2021-08-26T19:28:36","modified_gmt":"2021-08-27T00:28:36","slug":"anaya-estaria-en-texas-tomo-un-vuelo-desde-julio-y-no-regreso-dicen-autoridades-sinembargo","status":"publish","type":"post","link":"https:\/\/losperiodistas.com.mx\/portal\/anaya-estaria-en-texas-tomo-un-vuelo-desde-julio-y-no-regreso-dicen-autoridades-sinembargo\/","title":{"rendered":"Anaya estar\u00eda en Texas. Tom\u00f3 un vuelo desde julio y no regres\u00f3, dicen autoridades | SinEmbargo"},"content":{"rendered":"\n<p style=\"font-size:18px\"><em>Ricardo Anaya habr\u00eda salido del pa\u00eds desde julio con direcci\u00f3n a Texas y desde entonces no ha regresado a M\u00e9xico, de acuerdo con autoridades judiciales.<\/em><\/p>\n\n\n\n<p><\/p>\n\n\n\n<figure class=\"wp-block-image size-large\"><img fetchpriority=\"high\" decoding=\"async\" width=\"1024\" height=\"540\" src=\"https:\/\/losperiodistas.com.mx\/portal\/wp-content\/uploads\/2021\/08\/anaya-cortes-1024x540.jpeg\" alt=\"\" class=\"wp-image-12203\" srcset=\"https:\/\/losperiodistas.com.mx\/portal\/wp-content\/uploads\/2021\/08\/anaya-cortes-1024x540.jpeg 1024w, https:\/\/losperiodistas.com.mx\/portal\/wp-content\/uploads\/2021\/08\/anaya-cortes-300x158.jpeg 300w, https:\/\/losperiodistas.com.mx\/portal\/wp-content\/uploads\/2021\/08\/anaya-cortes-768x405.jpeg 768w, https:\/\/losperiodistas.com.mx\/portal\/wp-content\/uploads\/2021\/08\/anaya-cortes.jpeg 1100w\" sizes=\"(max-width: 1024px) 100vw, 1024px\" \/><\/figure>\n\n\n\n<p><\/p>\n\n\n\n<p class=\"has-vivid-cyan-blue-color has-text-color has-medium-font-size\">SINEMBARGO<\/p>\n\n\n\n<p>Ciudad de M\u00e9xico, 26 de agosto (SinEmbargo).\u2013&nbsp;<strong>Ricardo Anaya Cort\u00e9s<\/strong>, excandidato presidencial de<strong>&nbsp;Acci\u00f3n Nacional<\/strong>&nbsp;(PAN) fue localizado por la&nbsp;<strong>Fiscal\u00eda General de la Rep\u00fablica<\/strong>&nbsp;(FGR) en&nbsp;<strong>Texas<\/strong>, Estados Unidos.<\/p>\n\n\n\n<p><em>El Universal<\/em>&nbsp;public\u00f3 esta tarde que la dependencia federal inform\u00f3 a un Juez de control sobre la ubicaci\u00f3n del pol\u00edtico acusado de cohecho, asociaci\u00f3n delictuosa y lavado de dinero.<\/p>\n\n\n\n<figure class=\"wp-block-pullquote\"><blockquote class=\"has-text-color has-vivid-red-color\"><p>La FGR asegura que el panista sali\u00f3 del pa\u00eds desde principios de julio y desde entonces no ha regresado a M\u00e9xico, seg\u00fan confirmaron autoridades judiciales a&nbsp;<em>Animal Pol\u00edtico.<\/em><\/p><\/blockquote><\/figure>\n\n\n\n<p>De acuerdo con esta informaci\u00f3n, en la audiencia inicial de este jueves, que fue pospuesta hasta el 4 de octubre, un Juez federal del reclusorio Norte le pregunt\u00f3 a Ricardo Anaya y a sus abogados desde qu\u00e9 lugar se conect\u00f3, pero no lo detallaron.<\/p>\n\n\n\n<p>Informaci\u00f3n del periodista Arturo Angel se\u00f1ala que el Juez Gustavo Aquiles Villase\u00f1or le record\u00f3 al panista que para la pr\u00f3xima audiencia tiene que estar conectado desde M\u00e9xico, y debe notificar su ubicaci\u00f3n a la FGR y al tribunal.<\/p>\n\n\n\n<p>Este jueves, la audiencia inicial contra Anaya Cort\u00e9s se pospuso. El excandidato presidencial hab\u00eda dado a entender que no atender\u00eda la cita de un Juez federal, pero s\u00ed acudi\u00f3. Fue por Zoom, una plataforma de videoconferencias. El dato fue confirmado por el Consejo de la Judicatura Federal (CJF).De acuerdo con un breve reporte del \u00f3rgano, esta ma\u00f1ana dio inicio la audiencia en la que la FGR busca imputar al excandidato presidencial por la supuesta recepci\u00f3n de un soborno de seis millones 800 mil pesos, seg\u00fan declar\u00f3 en 2020 el exdirector general de Petr\u00f3leos Mexicanos (Pemex), Emilio Lozoya Austin.<video preload=\"none\" src=\"https:\/\/nv.vi-serve.com\/vis-media\/101\/269\/yQN2dnsBWWAUqqdREwe5_720p.mp4\"><\/p>\n\n\n\n<figure class=\"wp-block-pullquote\"><blockquote class=\"has-text-color has-vivid-red-color\"><p>\u201cA la audiencia, que se realiza v\u00eda Zoom, se conectaron todas las personas involucradas, incluso el mismo Ricardo Anaya\u201c, detall\u00f3 el CJF.<\/p><\/blockquote><\/figure>\n\n\n\n<figure class=\"wp-block-image\" id=\"attachment_4017813\"><img decoding=\"async\" src=\"https:\/\/i1.wp.com\/www.sinembargo.mx\/wp-content\/uploads\/2021\/08\/cuartoscuro-659901-digital.jpeg?resize=700%2C467&amp;quality=80&amp;strip=all&amp;ssl=1\" alt=\"\" class=\"wp-image-4017813\"\/><figcaption>Ricardo Anaya es otro de los implicados por Lozoya. Foto: Cuartoscuro.<\/figcaption><\/figure>\n\n\n\n<p>La comparecencia, que arranc\u00f3 a las 11:15 horas de este jueves, tuvo lugar en el Centro de Justicia Penal Federal del Reclusorio Norte; sin embargo, \u00e9l, su defensa, fiscales federales y representantes legales de la Unidad de Inteligencia Financiera (UIF) se enlazaron de manera virtual.<\/p>\n\n\n\n<p>Minutos despu\u00e9s, ya cerca de las 12:00 horas, el Consejo de la Judicatura Federal revel\u00f3 que la defensa de Anaya Cort\u00e9s, encabezada por el litigante Eduardo Ismael Aguilar Sierra, \u201cinform\u00f3 que no ha contado con acceso a la carpeta de investigaci\u00f3n, por lo que para garantizar su derecho a una \u2018defensa adecuada\u2019 la audiencia se reprogram\u00f3 para el lunes 4 de octubre a las 9 horas\u201d.<\/p>\n\n\n\n<figure class=\"wp-block-pullquote\"><blockquote class=\"has-text-color has-vivid-red-color\"><p>\u201cTambi\u00e9n se le dio la notificaci\u00f3n que aunque las audiencias son por videoconferencia, \u00e9stas deben hacerse en territorio nacional\u201d, subray\u00f3 en un nuevo reporte sobre la comparecencia, presidida por el Juez de control Gustavo Aquiles Villase\u00f1or.<\/p><\/blockquote><\/figure>\n\n\n\n<p>Por \u00faltimo, indic\u00f3 a la FGR que tiene 15 d\u00edas a partir de este jueves para entregar a Ricardo Anaya la carpeta donde se indiquen los motivos por los cuales est\u00e1 siendo investigado.<\/p>\n\n\n\n<p>En tanto, la defensa legal del militante del blanquiazul envi\u00f3 un&nbsp;comunicado para asegurar que su cliente hoy goza de todos sus derechos jur\u00eddicos y ciudadanos vigentes.<\/p>\n\n\n\n<p><strong>ANAYA SE DEFIENDE<\/strong><\/p>\n\n\n\n<p>ntes de que se anunciara que el panista s\u00ed respondi\u00f3 al citatorio del Juez, aunque fuera a distancia, se hizo presente a trav\u00e9s de su cuenta de Twitter. Primero, aprovech\u00f3 ese espacio para responder a un texto publicado por&nbsp;<em>Milenio<\/em>&nbsp;esta ma\u00f1ana, en el que se reporta que Carolina Mart\u00ednez Franco, su esposa, se hizo de una casa en el exclusivo fraccionamiento Club Campestre en Quer\u00e9taro un mes despu\u00e9s de que Lozoya le habr\u00eda entregado seis millones 800 mil pesos para que votara a favor de la Reforma Energ\u00e9tica.<\/p>\n\n\n\n<figure class=\"wp-block-pullquote\"><blockquote class=\"has-text-color has-vivid-red-color\"><p>\u201cSurgieron DOS pruebas CONTUNDENTES contra m\u00ed: dos casas donadas. Club Campestre 7C: Es de mi mam\u00e1 \u00a1desde 1993! Club Campestre 404: Es de mi suegra \u00a1desde 1996! A AMLO S\u00cd le pueden donar un rancho, y \u00e9l puede donarlo a sus hijos. En mi caso \u00a1prueba aportaciones de Lozoya!\u201d, replic\u00f3.<\/p><\/blockquote><\/figure>\n\n\n\n<p>Despu\u00e9s, Andr\u00e9s Manuel L\u00f3pez Obrador afirm\u00f3 que Ricardo Anaya es alumno de Diego Fern\u00e1ndez de Cevallos y de quienes iniciaron con \u201cla pol\u00edtica de pillaje\u201d con Carlos Salinas de Gortari, a la par el panista se defendi\u00f3 y calific\u00f3 al mandatario de \u201cmentiroso compulsivo\u201d.<\/p>\n\n\n\n<p>Todo ocurri\u00f3 esta ma\u00f1ana, cuando en conferencia de prensa desde Palacio Nacional, el Presidente dijo que las acusaciones de Anaya tienen que ver con la corrupci\u00f3n del sexenio pasado y que Anaya es alumno de quienes empezaron con Salinas de Gortari.<\/p>\n\n\n\n<figure class=\"wp-block-embed is-type-rich is-provider-twitter wp-block-embed-twitter\"><div class=\"wp-block-embed__wrapper\">\n<blockquote class=\"twitter-tweet\" data-width=\"500\" data-dnt=\"true\"><p lang=\"es\" dir=\"ltr\">Surgieron DOS pruebas CONTUNDENTES contra m\u00ed: dos casas donadas.<br><br>Club Campestre 7C: Es de mi mam\u00e1 \u00a1desde 1993!<br><br>Club Campestre 404: Es de mi suegra \u00a1desde 1996!<br><br>A AMLO S\u00cd le pueden donar un rancho, y \u00e9l puede donarlo a sus hijos.<br><br>En mi caso \u00a1prueba aportaciones de Lozoya!<\/p>&mdash; RicardoAnayaC (@RicardoAnayaC) <a href=\"https:\/\/twitter.com\/RicardoAnayaC\/status\/1430867376770269187?ref_src=twsrc%5Etfw\">August 26, 2021<\/a><\/blockquote><script async src=\"https:\/\/platform.twitter.com\/widgets.js\" charset=\"utf-8\"><\/script>\n<\/div><\/figure>\n\n\n\n<figure class=\"wp-block-pullquote\"><blockquote class=\"has-text-color has-vivid-red-color\"><p>\u201cTodo esto tiene que ver con la corrupci\u00f3n que imper\u00f3 durante el periodo neoliberal, pero Anaya es alumno de quienes empezaron con Salinas de Gortari, con toda la pol\u00edtica de pillaje. \u00bfQui\u00e9n es el maestro de Anaya? Esto es para los j\u00f3venes y tambi\u00e9n para quienes no lo saben. Bueno, uno de los maestros de Anaya pues es Diego Fern\u00e1ndez de Cevallos\u201d.<\/p><\/blockquote><\/figure>\n\n\n\n<p>Minutos despu\u00e9s, Ricardo Anaya envi\u00f3 un mensaje y se defendi\u00f3 de las acusaciones del mandatario se\u00f1alando que le preocupaba la salud mental de L\u00f3pez Obrador.<\/p>\n\n\n\n<figure class=\"wp-block-pullquote\"><blockquote class=\"has-text-color has-vivid-red-color\"><p>\u201cNo s\u00e9 a ustedes, pero a m\u00ed ya me est\u00e1 preocupando la salud de L\u00f3pez Obrador. El mentiroso compulsivo que tenemos en el Palacio dijo ahorita hace unos minutos en la \u2018ma\u00f1anera\u2019 que Carlos Salinas es mi maestro, \u00bfsaben qu\u00e9 era yo cuando el Presidente entr\u00f3 en el 88? \u00a1Era un ni\u00f1o de nueve a\u00f1os! \u00a1Es un se\u00f1or al que jam\u00e1s he saludado en mi vida!\u201d, expres\u00f3 Anaya.<\/p><\/blockquote><\/figure>\n\n\n\n<p>En d\u00edas pasados, el pol\u00edtico hab\u00eda anunciado su \u201cexilio\u201d, presuntamente a Estados Unidos, por lo que considera una \u201cpersecuci\u00f3n pol\u00edtica\u201d del Presidente Andr\u00e9s Manuel L\u00f3pez Obrador, quien lo derrot\u00f3 en las elecciones de 2018.<\/p>\n\n\n\n<figure class=\"wp-block-embed is-type-rich is-provider-twitter wp-block-embed-twitter\"><div class=\"wp-block-embed__wrapper\">\n<blockquote class=\"twitter-tweet\" data-width=\"500\" data-dnt=\"true\"><p lang=\"es\" dir=\"ltr\">Me preocupa tu salud mental, Andr\u00e9s Manuel. <br>\u00bfSaben qu\u00e9 era yo en 1988 cuando Salinas entr\u00f3 de Presidente? \u00a1Un ni\u00f1o de 9 a\u00f1os! Jam\u00e1s lo he saludado en mi vida. Tenemos a un mentiroso compulsivo de Presidente. <a href=\"https:\/\/t.co\/TzACHhaWJv\">pic.twitter.com\/TzACHhaWJv<\/a><\/p>&mdash; RicardoAnayaC (@RicardoAnayaC) <a href=\"https:\/\/twitter.com\/RicardoAnayaC\/status\/1430896672272359428?ref_src=twsrc%5Etfw\">August 26, 2021<\/a><\/blockquote><script async src=\"https:\/\/platform.twitter.com\/widgets.js\" charset=\"utf-8\"><\/script>\n<\/div><\/figure>\n\n\n\n<p>La Fiscal\u00eda acusa a Anaya de haber recibido 6.8 millones de pesos (unos 336 mil d\u00f3lares) en sobornos de la constructora brasile\u00f1a Odebrecht para que votara a favor en 2014 de la Reforma Energ\u00e9tica del Presidente Enrique Pe\u00f1a Nieto (2012-2018), que abri\u00f3 el sector a la iniciativa privada.<\/p>\n\n\n\n<p>El Ministerio P\u00fablico se basa en la denuncia del exdirector de Pemex Emilio Lozoya, quien el a\u00f1o pasado denunci\u00f3 a Pe\u00f1a Nieto y a su Secretario de Hacienda Luis Videgaray de haberle ordenado entregar sobornos de Odebrecht a legisladores de la oposici\u00f3n para que votaran a favor de la reforma.<\/p>\n\n\n\n<p>Anaya considera que en la Fiscal\u00eda son unos \u201cincompetentes\u201d, ya que su voto a favor de la reforma \u201cfue ocho meses antes de la supuesta entrega\u201d de dinero denunciada por Lozoya.<\/p>\n\n\n\n<p>El pol\u00edtico acusa a L\u00f3pez Obrador de intentar meterlo a la c\u00e1rcel para frenar su posible candidatura presidencial en 2024, algo que el Presidente ha negado y ha pedido a la Fiscal\u00eda transparentar su caso.<\/p>\n\n\n\n<figure class=\"wp-block-embed is-type-rich is-provider-twitter wp-block-embed-twitter\"><div class=\"wp-block-embed__wrapper\">\n<blockquote class=\"twitter-tweet\" data-width=\"500\" data-dnt=\"true\"><p lang=\"es\" dir=\"ltr\"><a href=\"https:\/\/twitter.com\/hashtag\/FGRInforma?src=hash&amp;ref_src=twsrc%5Etfw\">#FGRInforma<\/a>: Versi\u00f3n p\u00fablica caso Odebrecht\/Ricardo \u201cN\u201d. <a href=\"https:\/\/t.co\/OZK9beR4zP\">pic.twitter.com\/OZK9beR4zP<\/a><\/p>&mdash; FGR M\u00e9xico (@FGRMexico) <a href=\"https:\/\/twitter.com\/FGRMexico\/status\/1430626638245490688?ref_src=twsrc%5Etfw\">August 25, 2021<\/a><\/blockquote><script async src=\"https:\/\/platform.twitter.com\/widgets.js\" charset=\"utf-8\"><\/script>\n<\/div><\/figure>\n\n\n\n<p>Fuente: https:\/\/www.sinembargo.mx\/26-08-2021\/4019631<\/p>\n","protected":false},"excerpt":{"rendered":"<p>Ricardo Anaya habr\u00eda salido del pa\u00eds desde julio con direcci\u00f3n a Texas y desde entonces no ha regresado a M\u00e9xico, [&hellip;]<\/p>\n","protected":false},"author":1,"featured_media":12203,"comment_status":"open","ping_status":"open","sticky":false,"template":"","format":"standard","meta":{"site-sidebar-layout":"default","site-content-layout":"","ast-site-content-layout":"default","site-content-style":"default","site-sidebar-style":"default","ast-global-header-display":"","ast-banner-title-visibility":"","ast-main-header-display":"","ast-hfb-above-header-display":"","ast-hfb-below-header-display":"","ast-hfb-mobile-header-display":"","site-post-title":"","ast-breadcrumbs-content":"","ast-featured-img":"","footer-sml-layout":"","theme-transparent-header-meta":"","adv-header-id-meta":"","stick-header-meta":"","header-above-stick-meta":"","header-main-stick-meta":"","header-below-stick-meta":"","astra-migrate-meta-layouts":"default","ast-page-background-enabled":"default","ast-page-background-meta":{"desktop":{"background-color":"var(--ast-global-color-4)","background-image":"","background-repeat":"repeat","background-position":"center center","background-size":"auto","background-attachment":"scroll","background-type":"","background-media":"","overlay-type":"","overlay-color":"","overlay-opacity":"","overlay-gradient":""},"tablet":{"background-color":"","background-image":"","background-repeat":"repeat","background-position":"center center","background-size":"auto","background-attachment":"scroll","background-type":"","background-media":"","overlay-type":"","overlay-color":"","overlay-opacity":"","overlay-gradient":""},"mobile":{"background-color":"","background-image":"","background-repeat":"repeat","background-position":"center center","background-size":"auto","background-attachment":"scroll","background-type":"","background-media":"","overlay-type":"","overlay-color":"","overlay-opacity":"","overlay-gradient":""}},"ast-content-background-meta":{"desktop":{"background-color":"var(--ast-global-color-5)","background-image":"","background-repeat":"repeat","background-position":"center center","background-size":"auto","background-attachment":"scroll","background-type":"","background-media":"","overlay-type":"","overlay-color":"","overlay-opacity":"","overlay-gradient":""},"tablet":{"background-color":"var(--ast-global-color-5)","background-image":"","background-repeat":"repeat","background-position":"center center","background-size":"auto","background-attachment":"scroll","background-type":"","background-media":"","overlay-type":"","overlay-color":"","overlay-opacity":"","overlay-gradient":""},"mobile":{"background-color":"var(--ast-global-color-5)","background-image":"","background-repeat":"repeat","background-position":"center center","background-size":"auto","background-attachment":"scroll","background-type":"","background-media":"","overlay-type":"","overlay-color":"","overlay-opacity":"","overlay-gradient":""}},"footnotes":""},"categories":[8],"tags":[3572,3404],"class_list":["post-12202","post","type-post","status-publish","format-standard","has-post-thumbnail","hentry","category-noticias","tag-fgr","tag-ricardo-anaya"],"_links":{"self":[{"href":"https:\/\/losperiodistas.com.mx\/portal\/wp-json\/wp\/v2\/posts\/12202","targetHints":{"allow":["GET"]}}],"collection":[{"href":"https:\/\/losperiodistas.com.mx\/portal\/wp-json\/wp\/v2\/posts"}],"about":[{"href":"https:\/\/losperiodistas.com.mx\/portal\/wp-json\/wp\/v2\/types\/post"}],"author":[{"embeddable":true,"href":"https:\/\/losperiodistas.com.mx\/portal\/wp-json\/wp\/v2\/users\/1"}],"replies":[{"embeddable":true,"href":"https:\/\/losperiodistas.com.mx\/portal\/wp-json\/wp\/v2\/comments?post=12202"}],"version-history":[{"count":1,"href":"https:\/\/losperiodistas.com.mx\/portal\/wp-json\/wp\/v2\/posts\/12202\/revisions"}],"predecessor-version":[{"id":12204,"href":"https:\/\/losperiodistas.com.mx\/portal\/wp-json\/wp\/v2\/posts\/12202\/revisions\/12204"}],"wp:featuredmedia":[{"embeddable":true,"href":"https:\/\/losperiodistas.com.mx\/portal\/wp-json\/wp\/v2\/media\/12203"}],"wp:attachment":[{"href":"https:\/\/losperiodistas.com.mx\/portal\/wp-json\/wp\/v2\/media?parent=12202"}],"wp:term":[{"taxonomy":"category","embeddable":true,"href":"https:\/\/losperiodistas.com.mx\/portal\/wp-json\/wp\/v2\/categories?post=12202"},{"taxonomy":"post_tag","embeddable":true,"href":"https:\/\/losperiodistas.com.mx\/portal\/wp-json\/wp\/v2\/tags?post=12202"}],"curies":[{"name":"wp","href":"https:\/\/api.w.org\/{rel}","templated":true}]}}