{"id":12199,"date":"2021-08-26T17:36:20","date_gmt":"2021-08-26T22:36:20","guid":{"rendered":"http:\/\/losperiodistas.com.mx\/portal\/?p=12199"},"modified":"2021-08-26T17:36:22","modified_gmt":"2021-08-26T22:36:22","slug":"al-menos-72-muertos-en-ataques-fuera-del-aeropuerto-de-kabul-dw","status":"publish","type":"post","link":"https:\/\/losperiodistas.com.mx\/portal\/al-menos-72-muertos-en-ataques-fuera-del-aeropuerto-de-kabul-dw\/","title":{"rendered":"Al menos 72 muertos en ataques fuera del aeropuerto de Kabul | DW"},"content":{"rendered":"\n<p style=\"font-size:18px\"><em>Los talibanes aseguraron que entre las v\u00edctimas fatales hay ni\u00f1os. Estado Isl\u00e1mico se atribuy\u00f3 la acci\u00f3n, que incluy\u00f3 atacantes suicidas y hombres armados. Doce soldados estadounidenses entre los fallecidos.<\/em><\/p>\n\n\n\n<p><\/p>\n\n\n\n<figure class=\"wp-block-image size-large\"><img fetchpriority=\"high\" decoding=\"async\" width=\"1024\" height=\"577\" src=\"https:\/\/losperiodistas.com.mx\/portal\/wp-content\/uploads\/2021\/08\/Captura-de-Pantalla-2021-08-26-a-las-17.34.29-1024x577.jpg\" alt=\"\" class=\"wp-image-12200\" srcset=\"https:\/\/losperiodistas.com.mx\/portal\/wp-content\/uploads\/2021\/08\/Captura-de-Pantalla-2021-08-26-a-las-17.34.29-1024x577.jpg 1024w, https:\/\/losperiodistas.com.mx\/portal\/wp-content\/uploads\/2021\/08\/Captura-de-Pantalla-2021-08-26-a-las-17.34.29-300x169.jpg 300w, https:\/\/losperiodistas.com.mx\/portal\/wp-content\/uploads\/2021\/08\/Captura-de-Pantalla-2021-08-26-a-las-17.34.29-768x433.jpg 768w, https:\/\/losperiodistas.com.mx\/portal\/wp-content\/uploads\/2021\/08\/Captura-de-Pantalla-2021-08-26-a-las-17.34.29.jpg 1398w\" sizes=\"(max-width: 1024px) 100vw, 1024px\" \/><\/figure>\n\n\n\n<p class=\"has-vivid-cyan-blue-color has-text-color has-medium-font-size\">DW<\/p>\n\n\n\n<p>Funcionarios afganos informaron este jueves (26.08.2021) que al menos 60 personas murieron en un ataque suicida, seguido por un tiroteo sobre la multitud, perpetrado por terroristas de la rama local de Estado Isl\u00e1mico. En tanto, Estados Unidos report\u00f3 la muerte de once marines y un m\u00e9dico de la Marina, lo que lleva la cifra total de fallecidos en el ataque a 72. El n\u00famero de heridos supera los 150.<\/p>\n\n\n\n<p>Seg\u00fan los reportes, dos atacantes suicidas se hicieron estallar cerca de una zona donde hab\u00eda soldados de Estados Unidos,&nbsp; lo que fue calificado como una \u00abfalla\u00bb de seguridad por el general Frank McKenzie, comandante del Comando Central de Estados Unidos y oficial a cargo de la operaci\u00f3n de evacuaci\u00f3n. McKenzie asegur\u00f3 que su pa\u00eds perseguir\u00e1 a los atacantes y advirti\u00f3 que este tipo de acciones podr\u00edan repetirse.<\/p>\n\n\n\n<p>\u00abEsperamos que estos ataques contin\u00faen\u00bb ya sea por medio de ataques con cohetes o coches bomba, agreg\u00f3 el general, que cifr\u00f3 en 15 los soldados heridos en el atentado. Asimismo, reconoci\u00f3 que los talibanes ya hab\u00edan frustrado \u00abalgunos ataques\u00bb contra el aeropuerto. De cualquier modo, descart\u00f3 el env\u00edo de m\u00e1s tropas y asegur\u00f3 que el proceso de evacuaci\u00f3n seguir\u00e1 adelante.<a href=\"https:\/\/www.dw.com\/es\/al-menos-72-muertos-en-ataques-fuera-del-aeropuerto-de-kabul\/a-58993269#\"><\/a><\/p>\n\n\n\n<p>Evacuaci\u00f3n de heridos tras el ataque.<\/p>\n\n\n\n<p><strong>Condena afgana<\/strong><\/p>\n\n\n\n<p>McKenzie precis\u00f3 que tras las explosiones, se produjo un tiroteo con los atacantes, quienes dispararon a la multitud que huy\u00f3 del lugar despavorida. Poco m\u00e1s tarde el Estado Isl\u00e1mico se atribuy\u00f3 la acci\u00f3n por medio de su agencia de noticias, Amaq. El grupo radical tiene una rama afgana compuesta por unos 500 combatientes, que es enemiga tambi\u00e9n de los talibanes. Se trata de la primera operaci\u00f3n de este tipo que tiene lugar en la capital de Afganist\u00e1n desde que los talibanes tomaron el poder.<\/p>\n\n\n\n<p>Las explosiones se registraron cerca de la puerta Abbey y del Hotel Baron, donde se est\u00e1n organizando las evacuaciones. Horas m\u00e1s tarde, una tercera explosi\u00f3n sacudi\u00f3 la ciudad, sin que se informara de lesionados.&nbsp;En la zona miles de ciudadanos afganos se encontraban aglomerados con la esperanza de poder abordar alguno de los vuelos de evacuaci\u00f3n internacionales.&nbsp;Medios locales difundieron im\u00e1genes del lugar en las que pueden verse varios cuerpos sin vida, adem\u00e1s de heridos siendo trasladados a hospitales.&nbsp;<\/p>\n\n\n\n<p>\u00abCondeno en\u00e9rgicamente el ataque terrorista en el aeropuerto de Kabul que mat\u00f3 e hiri\u00f3 a un gran n\u00famero de civiles. Mi pensamiento y mis oraciones est\u00e1n con las v\u00edctimas y sus familias en este momento dif\u00edcil\u00bb, lament\u00f3 el presidente del Consejo para la Reconciliaci\u00f3n Nacional, Abdullah Abdullah.&nbsp;El mi\u00e9rcoles la embajada de EE.UU. en Afganist\u00e1n emiti\u00f3 un aviso advirtiendo a los estadounidenses que no se acercaran al aeropuerto de Kabul por \u00abamenazas de seguridad\u00bb fuera de los accesos a esas instalaciones.<\/p>\n\n\n\n<p>DZC (EFE, AFP, AP, Reuters)<\/p>\n\n\n\n<p>Fuente: https:\/\/www.dw.com\/es\/al-menos-72-muertos-en-ataques-fuera-del-aeropuerto-de-kabul\/a-58993269<\/p>\n","protected":false},"excerpt":{"rendered":"<p>Los talibanes aseguraron que entre las v\u00edctimas fatales hay ni\u00f1os. Estado Isl\u00e1mico se atribuy\u00f3 la acci\u00f3n, que incluy\u00f3 atacantes suicidas [&hellip;]<\/p>\n","protected":false},"author":1,"featured_media":12200,"comment_status":"open","ping_status":"open","sticky":false,"template":"","format":"standard","meta":{"site-sidebar-layout":"default","site-content-layout":"","ast-site-content-layout":"default","site-content-style":"default","site-sidebar-style":"default","ast-global-header-display":"","ast-banner-title-visibility":"","ast-main-header-display":"","ast-hfb-above-header-display":"","ast-hfb-below-header-display":"","ast-hfb-mobile-header-display":"","site-post-title":"","ast-breadcrumbs-content":"","ast-featured-img":"","footer-sml-layout":"","theme-transparent-header-meta":"","adv-header-id-meta":"","stick-header-meta":"","header-above-stick-meta":"","header-main-stick-meta":"","header-below-stick-meta":"","astra-migrate-meta-layouts":"default","ast-page-background-enabled":"default","ast-page-background-meta":{"desktop":{"background-color":"var(--ast-global-color-4)","background-image":"","background-repeat":"repeat","background-position":"center center","background-size":"auto","background-attachment":"scroll","background-type":"","background-media":"","overlay-type":"","overlay-color":"","overlay-opacity":"","overlay-gradient":""},"tablet":{"background-color":"","background-image":"","background-repeat":"repeat","background-position":"center center","background-size":"auto","background-attachment":"scroll","background-type":"","background-media":"","overlay-type":"","overlay-color":"","overlay-opacity":"","overlay-gradient":""},"mobile":{"background-color":"","background-image":"","background-repeat":"repeat","background-position":"center center","background-size":"auto","background-attachment":"scroll","background-type":"","background-media":"","overlay-type":"","overlay-color":"","overlay-opacity":"","overlay-gradient":""}},"ast-content-background-meta":{"desktop":{"background-color":"var(--ast-global-color-5)","background-image":"","background-repeat":"repeat","background-position":"center center","background-size":"auto","background-attachment":"scroll","background-type":"","background-media":"","overlay-type":"","overlay-color":"","overlay-opacity":"","overlay-gradient":""},"tablet":{"background-color":"var(--ast-global-color-5)","background-image":"","background-repeat":"repeat","background-position":"center center","background-size":"auto","background-attachment":"scroll","background-type":"","background-media":"","overlay-type":"","overlay-color":"","overlay-opacity":"","overlay-gradient":""},"mobile":{"background-color":"var(--ast-global-color-5)","background-image":"","background-repeat":"repeat","background-position":"center center","background-size":"auto","background-attachment":"scroll","background-type":"","background-media":"","overlay-type":"","overlay-color":"","overlay-opacity":"","overlay-gradient":""}},"footnotes":""},"categories":[8],"tags":[3595,2809,3596],"class_list":["post-12199","post","type-post","status-publish","format-standard","has-post-thumbnail","hentry","category-noticias","tag-ataque-suicida","tag-estado-islamico","tag-kabul"],"_links":{"self":[{"href":"https:\/\/losperiodistas.com.mx\/portal\/wp-json\/wp\/v2\/posts\/12199","targetHints":{"allow":["GET"]}}],"collection":[{"href":"https:\/\/losperiodistas.com.mx\/portal\/wp-json\/wp\/v2\/posts"}],"about":[{"href":"https:\/\/losperiodistas.com.mx\/portal\/wp-json\/wp\/v2\/types\/post"}],"author":[{"embeddable":true,"href":"https:\/\/losperiodistas.com.mx\/portal\/wp-json\/wp\/v2\/users\/1"}],"replies":[{"embeddable":true,"href":"https:\/\/losperiodistas.com.mx\/portal\/wp-json\/wp\/v2\/comments?post=12199"}],"version-history":[{"count":1,"href":"https:\/\/losperiodistas.com.mx\/portal\/wp-json\/wp\/v2\/posts\/12199\/revisions"}],"predecessor-version":[{"id":12201,"href":"https:\/\/losperiodistas.com.mx\/portal\/wp-json\/wp\/v2\/posts\/12199\/revisions\/12201"}],"wp:featuredmedia":[{"embeddable":true,"href":"https:\/\/losperiodistas.com.mx\/portal\/wp-json\/wp\/v2\/media\/12200"}],"wp:attachment":[{"href":"https:\/\/losperiodistas.com.mx\/portal\/wp-json\/wp\/v2\/media?parent=12199"}],"wp:term":[{"taxonomy":"category","embeddable":true,"href":"https:\/\/losperiodistas.com.mx\/portal\/wp-json\/wp\/v2\/categories?post=12199"},{"taxonomy":"post_tag","embeddable":true,"href":"https:\/\/losperiodistas.com.mx\/portal\/wp-json\/wp\/v2\/tags?post=12199"}],"curies":[{"name":"wp","href":"https:\/\/api.w.org\/{rel}","templated":true}]}}