{"id":12196,"date":"2021-08-26T17:30:59","date_gmt":"2021-08-26T22:30:59","guid":{"rendered":"http:\/\/losperiodistas.com.mx\/portal\/?p=12196"},"modified":"2021-08-26T17:31:00","modified_gmt":"2021-08-26T22:31:00","slug":"convite-literario-voces-y-letras","status":"publish","type":"post","link":"https:\/\/losperiodistas.com.mx\/portal\/convite-literario-voces-y-letras\/","title":{"rendered":"\u201cConvite literario: Voces y Letras\u201d"},"content":{"rendered":"\n<p style=\"font-size:18px\"><em>IMACP\u00a0convoca por segunda vez, bajo el t\u00edtulo \u00abAdivina, adivinador\u00bb<\/em><\/p>\n\n\n\n<p><\/p>\n\n\n\n<figure class=\"wp-block-image size-large\"><img fetchpriority=\"high\" decoding=\"async\" width=\"600\" height=\"600\" src=\"https:\/\/losperiodistas.com.mx\/portal\/wp-content\/uploads\/2021\/08\/6a19edadd4cc4000ab32232f5f595ce6_XL.jpeg\" alt=\"\" class=\"wp-image-12197\" srcset=\"https:\/\/losperiodistas.com.mx\/portal\/wp-content\/uploads\/2021\/08\/6a19edadd4cc4000ab32232f5f595ce6_XL.jpeg 600w, https:\/\/losperiodistas.com.mx\/portal\/wp-content\/uploads\/2021\/08\/6a19edadd4cc4000ab32232f5f595ce6_XL-300x300.jpeg 300w, https:\/\/losperiodistas.com.mx\/portal\/wp-content\/uploads\/2021\/08\/6a19edadd4cc4000ab32232f5f595ce6_XL-150x150.jpeg 150w\" sizes=\"(max-width: 600px) 100vw, 600px\" \/><\/figure>\n\n\n\n<p class=\"has-vivid-cyan-blue-color has-text-color has-medium-font-size\">REDACCI\u00d3N<\/p>\n\n\n\n<p>El Instituto Municipal de Arte y Cultura (IMACP) del Ayuntamiento de Puebla, a trav\u00e9s de su coordinaci\u00f3n de Fomento a la Lectura, realiza la segunda emisi\u00f3n del \u201cConvite literario: Voces y letras\u201d de manera virtual, del 24 al 28 de agosto, donde se celebra a la lectura, al mismo tiempo que se difunde la obra de varios escritores locales.\u00a0<\/p>\n\n\n\n<p>Entre las actividades que personas mayores de 15 a\u00f1os podr\u00e1n disfrutar, se podr\u00e1n ganar libros gratis al participar en varias din\u00e1micas en la p\u00e1gina de Facebook del IMACP https:\/\/www.facebook.com\/IMACP\/. Estos paquetes incluyen obras editadas por el instituto con tem\u00e1ticas como cyberpunk, poes\u00eda, bot\u00e1nica y lenguaje.\u00a0<\/p>\n\n\n\n<p>Los libros que podr\u00e1n obtener los participantes son \u201cCasquete corto\u201d de Samuel Espinosa M\u00f3mox (Poes\u00eda), \u201cTe regalo mi luna de cart\u00f3n\u201d de Gerardo Horacio Porcayo (Sci fi), \u201cEl secreto de mi jard\u00edn\u201d de Ferm\u00edn Go\u00f1\u00ed (bot\u00e1nica) y \u201cEstos d\u00edas sin ma\u00f1ana\u201d de Alvaro Sol\u00eds (Poes\u00eda).\u00a0<\/p>\n\n\n\n<p>As\u00ed mismo, se contar\u00e1 con conversatorios como \u201cLibros y libros\u201d, a cargo de Antonio Mu\u00f1oz, Eric Fonseca Ordaz e Itzel Herrera, que abordar\u00e1 las posibilidades de la literatura contempor\u00e1nea; \u201cPoes\u00eda de morras\u201d, donde Andrea Rivas, Andrea Muriel, Azul Segura, Ang\u00e9lica Barrera y Mayra Guti\u00e9rrez hablar\u00e1n sobre la creaci\u00f3n y escritura de poes\u00eda desde lo femenino y sus facetas.\u00a0<\/p>\n\n\n\n<p>\u201cNarrativa joven\u201d ser\u00e1 otro conversatorio con Isaac Gazca, Emanuel Bravo, Karla Jim\u00e9nez y Jonathan Esp\u00edritu, junto con las c\u00e1psulas ciudadanas \u201cNarrativa y po\u00e9tica\u201d; y en \u201cAutopublicaci\u00f3n\u201d, a cargo de Paloma Villalobos, Abigail Rodr\u00edguez, Isis Samaniego y Pamela V\u00e1zquez, contando tambi\u00e9n con Lusi Fernando Rangel, dar\u00e1n algunas sugerencias para escribir poes\u00eda.\u00a0<\/p>\n\n\n\n<p>Para consultar la informaci\u00f3n, horarios y din\u00e1micas, consultar las redes sociales del IMACP (@IMACP).<\/p>\n\n\n\n<p>Fuente: https:\/\/www.pueblacapital.gob.mx\/noticias\/comunicados-de-prensa\/item\/15264-imacp-realiza-la-segunda-emision-del-convite-literario-voces-y-letras<\/p>\n","protected":false},"excerpt":{"rendered":"<p>IMACP\u00a0convoca por segunda vez, bajo el t\u00edtulo \u00abAdivina, adivinador\u00bb REDACCI\u00d3N El Instituto Municipal de Arte y Cultura (IMACP) del Ayuntamiento [&hellip;]<\/p>\n","protected":false},"author":1,"featured_media":12197,"comment_status":"open","ping_status":"open","sticky":false,"template":"","format":"standard","meta":{"site-sidebar-layout":"default","site-content-layout":"","ast-site-content-layout":"default","site-content-style":"default","site-sidebar-style":"default","ast-global-header-display":"","ast-banner-title-visibility":"","ast-main-header-display":"","ast-hfb-above-header-display":"","ast-hfb-below-header-display":"","ast-hfb-mobile-header-display":"","site-post-title":"","ast-breadcrumbs-content":"","ast-featured-img":"","footer-sml-layout":"","theme-transparent-header-meta":"","adv-header-id-meta":"","stick-header-meta":"","header-above-stick-meta":"","header-main-stick-meta":"","header-below-stick-meta":"","astra-migrate-meta-layouts":"default","ast-page-background-enabled":"default","ast-page-background-meta":{"desktop":{"background-color":"var(--ast-global-color-4)","background-image":"","background-repeat":"repeat","background-position":"center center","background-size":"auto","background-attachment":"scroll","background-type":"","background-media":"","overlay-type":"","overlay-color":"","overlay-opacity":"","overlay-gradient":""},"tablet":{"background-color":"","background-image":"","background-repeat":"repeat","background-position":"center center","background-size":"auto","background-attachment":"scroll","background-type":"","background-media":"","overlay-type":"","overlay-color":"","overlay-opacity":"","overlay-gradient":""},"mobile":{"background-color":"","background-image":"","background-repeat":"repeat","background-position":"center center","background-size":"auto","background-attachment":"scroll","background-type":"","background-media":"","overlay-type":"","overlay-color":"","overlay-opacity":"","overlay-gradient":""}},"ast-content-background-meta":{"desktop":{"background-color":"var(--ast-global-color-5)","background-image":"","background-repeat":"repeat","background-position":"center center","background-size":"auto","background-attachment":"scroll","background-type":"","background-media":"","overlay-type":"","overlay-color":"","overlay-opacity":"","overlay-gradient":""},"tablet":{"background-color":"var(--ast-global-color-5)","background-image":"","background-repeat":"repeat","background-position":"center center","background-size":"auto","background-attachment":"scroll","background-type":"","background-media":"","overlay-type":"","overlay-color":"","overlay-opacity":"","overlay-gradient":""},"mobile":{"background-color":"var(--ast-global-color-5)","background-image":"","background-repeat":"repeat","background-position":"center center","background-size":"auto","background-attachment":"scroll","background-type":"","background-media":"","overlay-type":"","overlay-color":"","overlay-opacity":"","overlay-gradient":""}},"footnotes":""},"categories":[8],"tags":[3593,459,3594],"class_list":["post-12196","post","type-post","status-publish","format-standard","has-post-thumbnail","hentry","category-noticias","tag-adivina-adivinador","tag-imacp","tag-voces-y-letras"],"_links":{"self":[{"href":"https:\/\/losperiodistas.com.mx\/portal\/wp-json\/wp\/v2\/posts\/12196","targetHints":{"allow":["GET"]}}],"collection":[{"href":"https:\/\/losperiodistas.com.mx\/portal\/wp-json\/wp\/v2\/posts"}],"about":[{"href":"https:\/\/losperiodistas.com.mx\/portal\/wp-json\/wp\/v2\/types\/post"}],"author":[{"embeddable":true,"href":"https:\/\/losperiodistas.com.mx\/portal\/wp-json\/wp\/v2\/users\/1"}],"replies":[{"embeddable":true,"href":"https:\/\/losperiodistas.com.mx\/portal\/wp-json\/wp\/v2\/comments?post=12196"}],"version-history":[{"count":1,"href":"https:\/\/losperiodistas.com.mx\/portal\/wp-json\/wp\/v2\/posts\/12196\/revisions"}],"predecessor-version":[{"id":12198,"href":"https:\/\/losperiodistas.com.mx\/portal\/wp-json\/wp\/v2\/posts\/12196\/revisions\/12198"}],"wp:featuredmedia":[{"embeddable":true,"href":"https:\/\/losperiodistas.com.mx\/portal\/wp-json\/wp\/v2\/media\/12197"}],"wp:attachment":[{"href":"https:\/\/losperiodistas.com.mx\/portal\/wp-json\/wp\/v2\/media?parent=12196"}],"wp:term":[{"taxonomy":"category","embeddable":true,"href":"https:\/\/losperiodistas.com.mx\/portal\/wp-json\/wp\/v2\/categories?post=12196"},{"taxonomy":"post_tag","embeddable":true,"href":"https:\/\/losperiodistas.com.mx\/portal\/wp-json\/wp\/v2\/tags?post=12196"}],"curies":[{"name":"wp","href":"https:\/\/api.w.org\/{rel}","templated":true}]}}