{"id":1219,"date":"2020-11-15T12:17:45","date_gmt":"2020-11-15T18:17:45","guid":{"rendered":"http:\/\/losperiodistas.com.mx\/portal\/?p=1219"},"modified":"2020-11-15T12:17:45","modified_gmt":"2020-11-15T18:17:45","slug":"los-depresivos-y-solitarios-anos-de-alain-delon-que-construye-su-nicho-final","status":"publish","type":"post","link":"https:\/\/losperiodistas.com.mx\/portal\/los-depresivos-y-solitarios-anos-de-alain-delon-que-construye-su-nicho-final\/","title":{"rendered":"Los depresivos y solitarios a\u00f1os de Alain Delon, que construye su nicho final"},"content":{"rendered":"\n<p style=\"font-size:18px\"><em>Alain Delon, gran gal\u00e1n franc\u00e9s, atraviesa sus a\u00f1os m\u00e1s oscuros<\/em><\/p>\n\n\n\n<p class=\"has-vivid-cyan-blue-color has-text-color has-medium-font-size\">MANUEL ROM\u00c1N\/ LIBERTAD DIGITAL<\/p>\n\n\n\n<p><strong>Ala\u00edn Delon<\/strong>&nbsp;fue entre los a\u00f1os 60 y 70 el m\u00e1s guapo de los actores europeos. Su mirada felina conquistaba de inmediato a la f\u00e9minas. Y aunque lleg\u00f3 al cine de manera rocambolesca, tras una juventud aventurera, luego result\u00f3 ser un aceptable gal\u00e1n que, no s\u00f3lo por su fotogenia tambi\u00e9n deslumbraba por su buen quehacer ante las c\u00e1maras: \u00abMi atractivo soy consciente de que me abri\u00f3 las puertas del cine\u00bb, conced\u00eda. Hoy, cuando cumple 85 a\u00f1os,&nbsp;<a href=\"https:\/\/www.libertaddigital.com\/chic\/corazon\/2019-03-02\/el-turbio-pasado-de-alain-delon-y-la-desgracia-que-se-cebo-con-el-1276634023\/\">ya no es el que fue<\/a>. El implacable paso del tiempo, por mucho que se haya cuidado, le ha pasado factura, como a todo quisque. Y un seductor como \u00e9l, que tanto am\u00f3 y le amaron,&nbsp;<strong>ahora est\u00e1 solo y en su villa suiza ve pasar los d\u00edas<\/strong>&nbsp;con cierta melancol\u00eda, a ratos depresi\u00f3n. De otro modo no se entiende que hace unos a\u00f1os mandara construir en ella una capilla y en su interior, tambi\u00e9n un nicho donde ya tiene fijada su sepultura: \u00abNo temo nada a la muerte y no creo que vive m\u00e1s de los 90, los 92 a\u00f1os&#8230;\u00bfCu\u00e1ntos me quedan de vida? Eso s\u00f3lo lo sabe Dios\u00bb.<\/p>\n\n\n\n<p><strong>Ala\u00edn Delon&nbsp;<\/strong>no era creyente pero conforme iba entrando en la vejez y se miraba al espejo comenz\u00f3 a sentir una comprensible inquietud sobre su futuro.&nbsp;<strong>Su cara era su oficina<\/strong>. Y temiera o no a la Parca, es f\u00e1cil comprender que pensara en la muerte. Sus sentimientos religiosos comenzaron a aflorar conforme sent\u00eda la senectud. Y ello se reflej\u00f3 al reponerse del ictus sufrido en el oto\u00f1o de hace dos a\u00f1os, que a punto estuvo de mandarlo al otro barrio. El director del Festival de Cannes se hab\u00eda adelantado en mayo de 2018 para homenajearlo, lo que le depar\u00f3 buen n\u00famero de cr\u00edticas, al recordarle que Delon estaba acusado de violencia de g\u00e9nero.<\/p>\n\n\n\n<p>La verdad es que la vida de&nbsp;<strong>Alain Delon est\u00e1 salpicada de algunos episodios negros<\/strong>, en la frontera con el maltrato a sus mujeres e hijos, y mucho peor: la violencia y el crimen, aunque nadie probara en su d\u00eda ciertas sospechas que lo se\u00f1alaban como responsable. Quiz\u00e1s ese car\u00e1cter suyo, de tipo indomable, rebelde, chulesco, que nadie que lo haya conocido rechaza, se deba a su triste infancia: abandonado por sus padres fue recogido en un orfanato. Y su adolescencia y primera juventud estuvo plagada de incidentes callejeros, peleas, hasta que acab\u00f3 enrol\u00e1ndose en la guerra de Indochina, el luego conocido Vietnam. Ya licenciado, en Par\u00eds, con una mano delante y otra detr\u00e1s, entr\u00f3 en el cine como \u00abextra\u00bby, en poco tiempo, se convert\u00eda en el macho franc\u00e9s por el que suspiraban las mujeres de media Europa.<\/p>\n\n\n\n<p><em>Rocco y sus hermanos&nbsp;<\/em>lo puso en la \u00f3rbita internacional, dirigido por el ilustre Luchino Visconti, homosexual de elegantes maneras, y cultura y est\u00e9tica superadas por muy pocos de sus contempor\u00e1neos. Ni qu\u00e9 decir tiene que la belleza de&nbsp;<strong>Alain Delon<\/strong>&nbsp;le fascinaba. Si hubo intimidad entre ellos ninguno de los dos dijo nada. Pero tampoco Visconti al menos, lo neg\u00f3. Apuesto por esta \u00faltima opci\u00f3n.<\/p>\n\n\n\n<figure class=\"wp-block-image\"><a href=\"https:\/\/s.libertaddigital.com\/2020\/11\/13\/visconti-romy-schneider-alain-delon.jpg\"><img decoding=\"async\" src=\"https:\/\/s.libertaddigital.com\/2020\/11\/13\/visconti-romy-schneider-alain-delon.jpg\" alt=\"visconti-romy-schneider-alain-delon.jpg\"\/><\/a><figcaption>Con Visconti y Romy Schneider | Gtres<\/figcaption><\/figure>\n\n\n\n<p>Delon se convirti\u00f3 en el actor m\u00e1s taquillero de la cinematograf\u00eda francesa y parte de la italiana gracias a su intervenci\u00f3n en&nbsp;<em>La piscina, El eclipse, El Gatopardo, El samurai\u2026<\/em>&nbsp;Transcurr\u00eda 1968 cuando su nombre apareci\u00f3 mezclado con<strong>&nbsp;la muerte de su guardaespaldas<\/strong>, el franc\u00e9s de origen yugoslavo Stephan Markovic cuyo cuerpo fue hallado a las afueras de Par\u00eds en un vertedero, con una bala de pistola en su cabeza. Comprensible result\u00f3 que el actor fuera invitado a ir a una comisar\u00eda para aclarar aquel asesinato. Pudo saberse que el tal Markovic se acostaba con la amante de&nbsp;<strong>Alain Delon<\/strong>. El asunto cobr\u00f3 una dimensi\u00f3n pol\u00edtica al asociarlo con una banda que iba a atentar contra el Presidente Pompidou. Nos ahorramos explicaciones del turbio caso para apuntar que el guapo gal\u00e1n fue exonerado de toda culpa en aquel crimen. Los peri\u00f3dicos y medios de comunicaci\u00f3n no dejaron de hablar de Delon durante varias semanas. Su popularidad aument\u00f3. Veinte a\u00f1os despu\u00e9s un periodista galo trat\u00f3 de publicar una biograf\u00eda no autorizada sobre el actor, en la que pretend\u00eda contar la supuesta vida amoral de \u00e9ste, entre homosexuales, mafiosos y gente del hampa criminal. Enterado Delon, paraliz\u00f3 a trav\u00e9s de sus abogados aquel intento de libro y finalmente cuando \u00e9ste sali\u00f3 al mercado estaba muy lejos de lo que en principio hab\u00eda pretendido por su autor.<\/p>\n\n\n\n<p>Acerca de la otra biograf\u00eda sentimental de nuestro controvertido personaje, digamos que&nbsp;<strong>Romy Schneider fue uno de sus dos grandes amores<\/strong>. A partir de 1961, cuando encabezaron un reparto teatral en Par\u00eds dirigido por Visconti, el fuego de esos dos corazones fue de tal magnitud que las revistas reflejaron en sus p\u00e1ginas la pasi\u00f3n que empez\u00f3 a unir a la protagonista de&nbsp;<em>Sissi<\/em>, a la que cre\u00edan muchos ser una inocente y \u00f1o\u00f1a criatura de veinte a\u00f1os y al p\u00edcaro de veintitr\u00e9s<strong>&nbsp;Alain Delon.<\/strong>&nbsp;Cinco a\u00f1os les dur\u00f3. Alain dej\u00f3 a Romy, aunque luego estuvo a su lado cuando el hijo de la actriz austriaca sufri\u00f3 un mortal accidente al tratar de acceder a su casa a trav\u00e9s de una verja de hierro. Tan doloroso trance min\u00f3 las ganas de vivir de Romy, quien falleci\u00f3 oficialmente de un ataque card\u00edaco, cuando es m\u00e1s probable que se suicidara tomando un tubo de barbit\u00faricos.<\/p>\n\n\n\n<p>De una manera u otra,&nbsp;<strong>Alain Delon<\/strong>&nbsp;siempre estaba al filo de la navaja. Sin dejar a\u00fan a Romy Schneider comenz\u00f3 a darse revolcones con la cantante Nico, que iba de progre por la vida presumiendo de ser musa de Andy Warhol. Eso ocurr\u00eda en 1963, y Nico tuvo luego un hijo llamado Christian Aaron, viva estampa f\u00edsica de Delon, aunque \u00e9ste no quiso reconocerlo como suyo. Dos a\u00f1os m\u00e1s tarde, e insistimos sin romper con Romy, estableci\u00f3 coqueteos con una modelo marroqu\u00ed, Nathalie Casanovas, que deseaba abrirse paso en el cine franc\u00e9s. Lo consigui\u00f3 de la mano de Alain, con quien se despos\u00f3 en 1964, teniendo un hijo llamado Anthony, que result\u00f3 luego ser una copia aumentada de su padre, en cuanto a rebeld\u00eda: altanero, maleducado, con aires de rufi\u00e1n.<\/p>\n\n\n\n<p>Divorciado en 1968 de Nathalie,&nbsp;<strong>Delon se emparej\u00f3 con Mireille Darc<\/strong>, una atractiva, excelente actriz. En algunos sitios se dice que estuvieron casados. No lo doy por seguro. En cualquier caso ella fue su mejor compa\u00f1era, la otra mujer que m\u00e1s am\u00f3, y cuya muerte le afectar\u00eda much\u00edsimo. Alain sol\u00eda ser quien se apartaba de sus amantes y esposas. Siempre fue un hombre inestable en el amor. Rosalie van Breemen ser\u00eda su siguiente compa\u00f1era, con quien se cas\u00f3, entre 1987 y 2002. La uni\u00f3n m\u00e1s duradera del actor, tal vez porque con los a\u00f1os sus deseos sexuales logicamente iban mermando. Tuvo dos hijos con ella, Anouschka y Alain-Fabien (\u00e9ste es el nombre compuesto del actor, quien tambi\u00e9n fue bautizado con otros m\u00e1s, como si fuera un arist\u00f3crata, Maurice y Marcel).<\/p>\n\n\n\n<p>Al nuevo divorcio hubo que agregar otros romances: compartidos con las llamadas Brigitte Auber y Mch\u00e8le Cordone; j\u00f3venes actrices que sucumb\u00edan en cuanto Alain les hac\u00eda alguna caranto\u00f1a y las llevaba al lecho.&nbsp;<strong>B\u00e1rbara Rey tambi\u00e9n prob\u00f3 las mieles de Alain, quien la citaba en sus visitas a Madrid<\/strong>. Pero ya, como dec\u00edamos, conforme avanzaba el siglo XXI iban decreciendo sus deseos sexuales, en tanto sus apariciones en la pantalla ya no suscitaban el inter\u00e9s del pasado. Aun as\u00ed su \u00faltima pel\u00edcula lleva fecha reciente, estrenada en 2019, \u00abToute ressemblance\u00bb. \u00c9l mismo declaraba en&nbsp;<em>Par\u00eds Match&nbsp;<\/em>hace s\u00f3lo un par de a\u00f1os a una periodista con la que se hab\u00eda enrollado para no perder su costumbre seductora, que \u00abya la vida de hoy no me gusta gran cosa, cuando yo confieso que he visto y conocido todo lo que pod\u00eda interesarme\u00bb.<\/p>\n\n\n\n<p>Y en ese decaimiento, viendo transcurrir el paso lento de los d\u00edas para un viejo achacoso como \u00e9l, s\u00f3lo espera el final. Su soledad s\u00f3lo la rompe Anouchka, su querida hija, la \u00fanica que se ocupa ahora de \u00e9l y a la que, se dice, ha dejado como heredera universal en su testamento. El de un notable actor, que ha vivido \u00aba su manera\u00bb, como reza esa canci\u00f3n francesa que Sinatra convirti\u00f3 en \u00e9xito mundial: ego\u00edstamente, por encima del amor que le dispensaron sus muchas mujeres, y \u00absin estar a la altura\u00bb, como reconoci\u00f3 tambi\u00e9n \u00faltimamente, de sus hijos.<\/p>\n\n\n\n<p>Fuente: https:\/\/www.libertaddigital.com\/chic\/corazon\/2020-11-13\/los-depresivos-y-solitarios-anos-de-alain-delon-que-construye-su-nicho-final-6680347\/<\/p>\n","protected":false},"excerpt":{"rendered":"<p>Alain Delon, gran gal\u00e1n franc\u00e9s, atraviesa sus a\u00f1os m\u00e1s oscuros MANUEL ROM\u00c1N\/ LIBERTAD DIGITAL Ala\u00edn Delon&nbsp;fue entre los a\u00f1os 60 [&hellip;]<\/p>\n","protected":false},"author":1,"featured_media":1220,"comment_status":"open","ping_status":"open","sticky":false,"template":"","format":"standard","meta":{"site-sidebar-layout":"default","site-content-layout":"","ast-site-content-layout":"default","site-content-style":"default","site-sidebar-style":"default","ast-global-header-display":"","ast-banner-title-visibility":"","ast-main-header-display":"","ast-hfb-above-header-display":"","ast-hfb-below-header-display":"","ast-hfb-mobile-header-display":"","site-post-title":"","ast-breadcrumbs-content":"","ast-featured-img":"","footer-sml-layout":"","theme-transparent-header-meta":"","adv-header-id-meta":"","stick-header-meta":"","header-above-stick-meta":"","header-main-stick-meta":"","header-below-stick-meta":"","astra-migrate-meta-layouts":"default","ast-page-background-enabled":"default","ast-page-background-meta":{"desktop":{"background-color":"var(--ast-global-color-4)","background-image":"","background-repeat":"repeat","background-position":"center center","background-size":"auto","background-attachment":"scroll","background-type":"","background-media":"","overlay-type":"","overlay-color":"","overlay-opacity":"","overlay-gradient":""},"tablet":{"background-color":"","background-image":"","background-repeat":"repeat","background-position":"center center","background-size":"auto","background-attachment":"scroll","background-type":"","background-media":"","overlay-type":"","overlay-color":"","overlay-opacity":"","overlay-gradient":""},"mobile":{"background-color":"","background-image":"","background-repeat":"repeat","background-position":"center center","background-size":"auto","background-attachment":"scroll","background-type":"","background-media":"","overlay-type":"","overlay-color":"","overlay-opacity":"","overlay-gradient":""}},"ast-content-background-meta":{"desktop":{"background-color":"var(--ast-global-color-5)","background-image":"","background-repeat":"repeat","background-position":"center center","background-size":"auto","background-attachment":"scroll","background-type":"","background-media":"","overlay-type":"","overlay-color":"","overlay-opacity":"","overlay-gradient":""},"tablet":{"background-color":"var(--ast-global-color-5)","background-image":"","background-repeat":"repeat","background-position":"center center","background-size":"auto","background-attachment":"scroll","background-type":"","background-media":"","overlay-type":"","overlay-color":"","overlay-opacity":"","overlay-gradient":""},"mobile":{"background-color":"var(--ast-global-color-5)","background-image":"","background-repeat":"repeat","background-position":"center center","background-size":"auto","background-attachment":"scroll","background-type":"","background-media":"","overlay-type":"","overlay-color":"","overlay-opacity":"","overlay-gradient":""}},"footnotes":""},"categories":[8],"tags":[],"class_list":["post-1219","post","type-post","status-publish","format-standard","has-post-thumbnail","hentry","category-noticias"],"_links":{"self":[{"href":"https:\/\/losperiodistas.com.mx\/portal\/wp-json\/wp\/v2\/posts\/1219","targetHints":{"allow":["GET"]}}],"collection":[{"href":"https:\/\/losperiodistas.com.mx\/portal\/wp-json\/wp\/v2\/posts"}],"about":[{"href":"https:\/\/losperiodistas.com.mx\/portal\/wp-json\/wp\/v2\/types\/post"}],"author":[{"embeddable":true,"href":"https:\/\/losperiodistas.com.mx\/portal\/wp-json\/wp\/v2\/users\/1"}],"replies":[{"embeddable":true,"href":"https:\/\/losperiodistas.com.mx\/portal\/wp-json\/wp\/v2\/comments?post=1219"}],"version-history":[{"count":1,"href":"https:\/\/losperiodistas.com.mx\/portal\/wp-json\/wp\/v2\/posts\/1219\/revisions"}],"predecessor-version":[{"id":1221,"href":"https:\/\/losperiodistas.com.mx\/portal\/wp-json\/wp\/v2\/posts\/1219\/revisions\/1221"}],"wp:featuredmedia":[{"embeddable":true,"href":"https:\/\/losperiodistas.com.mx\/portal\/wp-json\/wp\/v2\/media\/1220"}],"wp:attachment":[{"href":"https:\/\/losperiodistas.com.mx\/portal\/wp-json\/wp\/v2\/media?parent=1219"}],"wp:term":[{"taxonomy":"category","embeddable":true,"href":"https:\/\/losperiodistas.com.mx\/portal\/wp-json\/wp\/v2\/categories?post=1219"},{"taxonomy":"post_tag","embeddable":true,"href":"https:\/\/losperiodistas.com.mx\/portal\/wp-json\/wp\/v2\/tags?post=1219"}],"curies":[{"name":"wp","href":"https:\/\/api.w.org\/{rel}","templated":true}]}}