{"id":12189,"date":"2021-08-26T17:15:19","date_gmt":"2021-08-26T22:15:19","guid":{"rendered":"http:\/\/losperiodistas.com.mx\/portal\/?p=12189"},"modified":"2021-08-26T17:15:20","modified_gmt":"2021-08-26T22:15:20","slug":"las-duras-criticas-de-chumel-lozano-y-victor-trujillo-a-olga-sanchez-cordero-tras-su-salida-de-segob-infobae","status":"publish","type":"post","link":"https:\/\/losperiodistas.com.mx\/portal\/las-duras-criticas-de-chumel-lozano-y-victor-trujillo-a-olga-sanchez-cordero-tras-su-salida-de-segob-infobae\/","title":{"rendered":"Las duras cr\u00edticas de Chumel, Lozano y V\u00edctor Trujillo a Olga S\u00e1nchez Cordero tras su salida de Segob | Infobae"},"content":{"rendered":"\n<p style=\"font-size:18px\"><em>La titular de Gobernaci\u00f3n abandon\u00f3 su puesto en la dependencia federal para regresar al Senado, con miras a dirigir la Mesa Directiva en la pr\u00f3xima legislatura<\/em><\/p>\n\n\n\n<p><\/p>\n\n\n\n<figure class=\"wp-block-image size-large\"><img fetchpriority=\"high\" decoding=\"async\" width=\"1024\" height=\"578\" src=\"https:\/\/losperiodistas.com.mx\/portal\/wp-content\/uploads\/2021\/08\/Captura-de-Pantalla-2021-08-26-a-las-17.11.41-1024x578.jpg\" alt=\"\" class=\"wp-image-12190\" srcset=\"https:\/\/losperiodistas.com.mx\/portal\/wp-content\/uploads\/2021\/08\/Captura-de-Pantalla-2021-08-26-a-las-17.11.41-1024x578.jpg 1024w, https:\/\/losperiodistas.com.mx\/portal\/wp-content\/uploads\/2021\/08\/Captura-de-Pantalla-2021-08-26-a-las-17.11.41-300x169.jpg 300w, https:\/\/losperiodistas.com.mx\/portal\/wp-content\/uploads\/2021\/08\/Captura-de-Pantalla-2021-08-26-a-las-17.11.41-768x433.jpg 768w, https:\/\/losperiodistas.com.mx\/portal\/wp-content\/uploads\/2021\/08\/Captura-de-Pantalla-2021-08-26-a-las-17.11.41.jpg 1510w\" sizes=\"(max-width: 1024px) 100vw, 1024px\" \/><figcaption>Ante la salida de Olga S\u00e1nchez de la Segob, las reacciones de personajes de la pol\u00edtica e internautas no se hicieron esperar (Fotos: Instagram @chumeltorres \/\/ Cuartoscuro \/\/ Facebook\/El Radiador)<\/figcaption><\/figure>\n\n\n\n<p><\/p>\n\n\n\n<p class=\"has-vivid-cyan-blue-color has-text-color has-medium-font-size\">INFOBAE<\/p>\n\n\n\n<p>Este jueves 26 de agosto&nbsp;<strong>Olga S\u00e1nchez Cordero dej\u00f3 la titularidad de la Secretar\u00eda de Gobernaci\u00f3n (Segob)&nbsp;<\/strong>para regresar al Senado de la Rep\u00fablica, poco despu\u00e9s, el presidente Andr\u00e9s Manuel&nbsp;<strong>L\u00f3pez Obrador inform\u00f3 que Ad\u00e1n Augusto L\u00f3pez Hern\u00e1ndez ser\u00e1 el nuevo secretario de la dependencia<\/strong>; ante esto, las reacciones de personajes de la pol\u00edtica e internautas no se hicieron esperar.<\/p>\n\n\n\n<p>Durante la ma\u00f1ana de este jueves comenz\u00f3 a reportarse que la titular de Gobernaci\u00f3n abandonar\u00eda su puesto en la dependencia federal, en el cual estuvo desde que L\u00f3pez Obrador inici\u00f3 su mandato como presidente de M\u00e9xico. Horas m\u00e1s tarde,\u00a0<strong>se confirm\u00f3 la noticia de su retorno al Senado, con miras a dirigir la Mesa Directiva en la pr\u00f3xima legislatura que inicia el primero de diciembre.<\/strong><\/p>\n\n\n\n<p>Minutos m\u00e1s tarde, el coordinador de los senadores de Morena,\u00a0<strong>Ricardo Monreal<\/strong>, public\u00f3 en su cuenta de Twitter un video en el que\u00a0<strong>expres\u00f3 a S\u00e1nchez Cordero el benepl\u00e1cito por su decisi\u00f3n<\/strong>\u00a0de reincorporarse como senadora propietaria.<\/p>\n\n\n\n<p><img decoding=\"async\" height=\"3700\" width=\"5549\" srcset=\"https:\/\/www.infobae.com\/new-resizer\/1hs8kocSIqsFCXZY_xcz-TP3bF4=\/420x280\/filters:format(jpg):quality(85)\/cloudfront-us-east-1.images.arcpublishing.com\/infobae\/W6D47X3VQQ3CRJXTD3F5XCW5DA.jpg 420w,https:\/\/www.infobae.com\/new-resizer\/nATxLCSe8JkvY08ahHg9UZ9NT50=\/768x512\/filters:format(jpg):quality(85)\/cloudfront-us-east-1.images.arcpublishing.com\/infobae\/W6D47X3VQQ3CRJXTD3F5XCW5DA.jpg 768w,https:\/\/www.infobae.com\/new-resizer\/XLVkosMZj2h8RSFrB7PYTS2p3kU=\/992x661\/filters:format(jpg):quality(85)\/cloudfront-us-east-1.images.arcpublishing.com\/infobae\/W6D47X3VQQ3CRJXTD3F5XCW5DA.jpg 992w,https:\/\/www.infobae.com\/new-resizer\/J1vQa0JTq0PA-KXnB6ULQAiZfbU=\/1200x800\/filters:format(jpg):quality(85)\/cloudfront-us-east-1.images.arcpublishing.com\/infobae\/W6D47X3VQQ3CRJXTD3F5XCW5DA.jpg 1200w,https:\/\/www.infobae.com\/new-resizer\/pjFQj4zrCJON4vSHeQf_WgYQG2s=\/1440x960\/filters:format(jpg):quality(85)\/cloudfront-us-east-1.images.arcpublishing.com\/infobae\/W6D47X3VQQ3CRJXTD3F5XCW5DA.jpg 1440w\" alt=\"Olga S\u00e1nchez Cordero dej\u00f3 la titularidad de la Segob; L\u00f3pez Obrador inform\u00f3 que Ad\u00e1n Augusto L\u00f3pez Hern\u00e1ndez ser\u00e1 el nuevo secretario de la dependencia (Presidency\/Handout via REUTERS) \" src=\"https:\/\/www.infobae.com\/new-resizer\/1hs8kocSIqsFCXZY_xcz-TP3bF4=\/420x280\/filters:format(jpg):quality(85)\/cloudfront-us-east-1.images.arcpublishing.com\/infobae\/W6D47X3VQQ3CRJXTD3F5XCW5DA.jpg%20420w\">Olga S\u00e1nchez Cordero dej\u00f3 la titularidad de la Segob; L\u00f3pez Obrador inform\u00f3 que Ad\u00e1n Augusto L\u00f3pez Hern\u00e1ndez ser\u00e1 el nuevo secretario de la dependencia (Presidency\/Handout via REUTERS)<\/p>\n\n\n\n<p>La primera en reaccionar fue la ex candidata independiente a la presidencia de la Rep\u00fablica,&nbsp;<strong>Margarita Zavala<\/strong>, quien comparti\u00f3 el tuit de Monreal e&nbsp;<strong>ironiz\u00f3 que \u201calguien se adelant\u00f3 al anuncio\u201d,&nbsp;<\/strong>pues una hora despu\u00e9s de la publicaci\u00f3n del senador, el presidente confirm\u00f3 la salida de la ahora ex titular de la Segob.<\/p>\n\n\n\n<p>La periodista Ivonne Melgar se\u00f1al\u00f3 que&nbsp;<strong>la secretaria se encontraba en un evento<\/strong>&nbsp;del Instituto Nacional de las Mujeres (Inmujeres)&nbsp;<strong>cuando le avisaron de Palacio Nacional su nueva encomienda<\/strong>&nbsp;en el Senado de la Rep\u00fablica, \u201cdonde ya se incorpora con sus compa\u00f1eros de la bancada de Morena\u201d, escribi\u00f3 en su red social.<\/p>\n\n\n\n<p>La publicaci\u00f3n fue compartida por el creador de contenidos\u00a0<strong>Chumel Torres<\/strong>, quien\u00a0<strong>se burl\u00f3 por la \u201cabrupta\u201d salida de S\u00e1nchez Cordero<\/strong>\u00a0de la Segob y de la \u201cimplacable\u201d movida de \u201cfloreros\u201d que realiz\u00f3 el presidente en su administraci\u00f3n.<\/p>\n\n\n\n<p><img decoding=\"async\" height=\"605\" width=\"1125\" srcset=\"https:\/\/www.infobae.com\/new-resizer\/MnFwUxboRaSRoUJ4zH5wgWPLyUA=\/420x236\/filters:format(jpg):quality(85)\/cloudfront-us-east-1.images.arcpublishing.com\/infobae\/BYKUPOI5PZGGBM77I2RIJXARVU.jpeg 420w,https:\/\/www.infobae.com\/new-resizer\/U5VJ4BAtqfH2bB_tm2Yia_Wk8PI=\/768x432\/filters:format(jpg):quality(85)\/cloudfront-us-east-1.images.arcpublishing.com\/infobae\/BYKUPOI5PZGGBM77I2RIJXARVU.jpeg 768w,https:\/\/www.infobae.com\/new-resizer\/-mLxn6ndPfzRjL6L7mwjpR97oWg=\/992x558\/filters:format(jpg):quality(85)\/cloudfront-us-east-1.images.arcpublishing.com\/infobae\/BYKUPOI5PZGGBM77I2RIJXARVU.jpeg 992w,https:\/\/www.infobae.com\/new-resizer\/luetUFMSeY_V-U5zHv-CrrEvahE=\/1200x675\/filters:format(jpg):quality(85)\/cloudfront-us-east-1.images.arcpublishing.com\/infobae\/BYKUPOI5PZGGBM77I2RIJXARVU.jpeg 1200w,https:\/\/www.infobae.com\/new-resizer\/OjK38imybcFniyeUVzKL1i_LTcM=\/1440x810\/filters:format(jpg):quality(85)\/cloudfront-us-east-1.images.arcpublishing.com\/infobae\/BYKUPOI5PZGGBM77I2RIJXARVU.jpeg 1440w\" alt=\"Chumel Torres se burl\u00f3 por la \u201cabrupta\u201d salida de S\u00e1nchez Cordero (Foto: Captura de pantalla de Twitter\/@ChumelTorres)\" src=\"https:\/\/www.infobae.com\/new-resizer\/MnFwUxboRaSRoUJ4zH5wgWPLyUA=\/420x236\/filters:format(jpg):quality(85)\/cloudfront-us-east-1.images.arcpublishing.com\/infobae\/BYKUPOI5PZGGBM77I2RIJXARVU.jpeg%20420w\">Chumel Torres se burl\u00f3 por la \u201cabrupta\u201d salida de S\u00e1nchez Cordero (Foto: Captura de pantalla de Twitter\/@ChumelTorres)<\/p>\n\n\n\n<p>\u201c\u2018<strong>Oye, Olga, que dice el jefe que ya te bajes<\/strong>\u2019. Implacable el viejito con sus floreros\u201d, se mof\u00f3 en su cuenta de Twitter el conductor de&nbsp;<em>El Pulso de la Rep\u00fablica<\/em>.<\/p>\n\n\n\n<p>Las comparaciones de los funcionarios y funcionarias de Morena con un florero continuaron; el comunicador&nbsp;<strong>V\u00edctor Trujillo critic\u00f3 al mandatario federal por el cambi\u00f3 de \u201cfloreros\u201d que ha realizado durante su gobierno.<\/strong><\/p>\n\n\n\n<p>Sin dar nombres ni cargos, el productor mexicano dijo que el \u201cflorero\u201d que estaba en la \u201ccocina\u201d lo movi\u00f3 a la sala, el del \u201ccorredor\u201d al \u201crecibidor\u201d y otro\u00a0<strong>se encuentra esperando a que lo cambien.<\/strong><\/p>\n\n\n\n<p><img loading=\"lazy\" decoding=\"async\" height=\"990\" width=\"1125\" srcset=\"https:\/\/www.infobae.com\/new-resizer\/zPtV3epCFYNLx5JMYbvcbk-f_VA=\/420x420\/filters:format(jpg):quality(85)\/cloudfront-us-east-1.images.arcpublishing.com\/infobae\/7KEG3OUQUJDO7LPGCK6PP2DLTQ.jpeg 420w,https:\/\/www.infobae.com\/new-resizer\/O6dcwT2KAkuIlQUHDe3ADsDWGxs=\/768x768\/filters:format(jpg):quality(85)\/cloudfront-us-east-1.images.arcpublishing.com\/infobae\/7KEG3OUQUJDO7LPGCK6PP2DLTQ.jpeg 768w,https:\/\/www.infobae.com\/new-resizer\/mDmmykug0cSsFsPdYgyITnr1v3M=\/992x992\/filters:format(jpg):quality(85)\/cloudfront-us-east-1.images.arcpublishing.com\/infobae\/7KEG3OUQUJDO7LPGCK6PP2DLTQ.jpeg 992w,https:\/\/www.infobae.com\/new-resizer\/tW8Llz-Vb14R4EnC6Egq63gzNUg=\/1200x1200\/filters:format(jpg):quality(85)\/cloudfront-us-east-1.images.arcpublishing.com\/infobae\/7KEG3OUQUJDO7LPGCK6PP2DLTQ.jpeg 1200w,https:\/\/www.infobae.com\/new-resizer\/Q-RyY-oNfN8raZRiMD5kUE_ZcU4=\/1440x1440\/filters:format(jpg):quality(85)\/cloudfront-us-east-1.images.arcpublishing.com\/infobae\/7KEG3OUQUJDO7LPGCK6PP2DLTQ.jpeg 1440w\" alt=\"Las comparaciones de los funcionarios y funcionarias de Morena con un florero continuaron (Foto: Captura de pantalla de Twitter\/@V_TrujilloM)\" src=\"https:\/\/www.infobae.com\/new-resizer\/zPtV3epCFYNLx5JMYbvcbk-f_VA=\/420x420\/filters:format(jpg):quality(85)\/cloudfront-us-east-1.images.arcpublishing.com\/infobae\/7KEG3OUQUJDO7LPGCK6PP2DLTQ.jpeg%20420w\">Las comparaciones de los funcionarios y funcionarias de Morena con un florero continuaron (Foto: Captura de pantalla de Twitter\/@V_TrujilloM)<\/p>\n\n\n\n<p>\u201cEl florero que estaba en la cocina pasa a la sala, el del corredor al recibidor, y el que estaba en la rec\u00e1mara est\u00e1 en veremos\u2026<strong>En la tierra de los floreros, el macet\u00f3n es rey<\/strong>\u201d, asever\u00f3 Trujillo.<\/p>\n\n\n\n<p>El ex titular de la Secretar\u00eda del Trabajo y Previsi\u00f3n Social,&nbsp;<strong>Javier Lozano, arremeti\u00f3 contra Olga S\u00e1nchez,&nbsp;<\/strong>a quien&nbsp;<strong>calific\u00f3 como un \u201caut\u00e9ntico florero chafa e inutil\u201d<\/strong>, pues declar\u00f3 que durante su gesti\u00f3n en la Segob no realiz\u00f3 nada ni lo har\u00e1 durante su estancia en el Senado.<\/p>\n\n\n\n<p>\u201c<strong>In\u00fatil en @SEGOB_mx, in\u00fatil en el @senadomexicano<\/strong>. Literalmente, un aut\u00e9ntico florero (y chafa)\u201d, escribi\u00f3 en su red social.<img loading=\"lazy\" decoding=\"async\" alt=\"Javier Lozano arremeti\u00f3 contra Olga S\u00e1nchez, a quien calific\u00f3 como un \u201caut\u00e9ntico florero chafa e inutil\u201d (Foto: Captura de pantalla de Twitter\/@JLozanoA)\" height=\"701\" width=\"1125\" src=\"https:\/\/www.infobae.com\/new-resizer\/QLJFXS0GythgTS5GPBiPDvSd9Wc=\/420x280\/filters:format(jpg):quality(85)\/cloudfront-us-east-1.images.arcpublishing.com\/infobae\/CTHLMTIAWVEKTKJLT6UEZSYWFQ.jpeg%20420w\" srcset=\"https:\/\/www.infobae.com\/new-resizer\/QLJFXS0GythgTS5GPBiPDvSd9Wc=\/420x280\/filters:format(jpg):quality(85)\/cloudfront-us-east-1.images.arcpublishing.com\/infobae\/CTHLMTIAWVEKTKJLT6UEZSYWFQ.jpeg 420w,https:\/\/www.infobae.com\/new-resizer\/bUWKHdT90owr7Mj9k0qQCerQKrU=\/768x512\/filters:format(jpg):quality(85)\/cloudfront-us-east-1.images.arcpublishing.com\/infobae\/CTHLMTIAWVEKTKJLT6UEZSYWFQ.jpeg 768w,https:\/\/www.infobae.com\/new-resizer\/LpAr81_7rbLYXR76d8fhBKS81Zk=\/992x661\/filters:format(jpg):quality(85)\/cloudfront-us-east-1.images.arcpublishing.com\/infobae\/CTHLMTIAWVEKTKJLT6UEZSYWFQ.jpeg 992w,https:\/\/www.infobae.com\/new-resizer\/I0aJapCWhItcLBZVfHYpAYKmjyY=\/1200x800\/filters:format(jpg):quality(85)\/cloudfront-us-east-1.images.arcpublishing.com\/infobae\/CTHLMTIAWVEKTKJLT6UEZSYWFQ.jpeg 1200w,https:\/\/www.infobae.com\/new-resizer\/0-dVKcjo7G_DIq5WDYi4rx1TmS8=\/1440x960\/filters:format(jpg):quality(85)\/cloudfront-us-east-1.images.arcpublishing.com\/infobae\/CTHLMTIAWVEKTKJLT6UEZSYWFQ.jpeg 1440w\">Javier Lozano arremeti\u00f3 contra Olga S\u00e1nchez, a quien calific\u00f3 como un \u201caut\u00e9ntico florero chafa e inutil\u201d (Foto: Captura de pantalla de Twitter\/@JLozanoA)<\/p>\n\n\n\n<p>Por su parte, el periodista&nbsp;<strong>Jos\u00e9 C\u00e1rdenas<\/strong>&nbsp;indic\u00f3 que con el regreso de S\u00e1nchez Cordero a su esca\u00f1o en el Senado&nbsp;<strong>se desplaza a su suplente Jesusa Rodr\u00edguez, directora de teatro y actriz.<\/strong><\/p>\n\n\n\n<p>\u201cLa llegada de Olga S\u00e1nchez Cordero desplaza a su suplente Jesusa Rodr\u00edguez, quien\u00a0<strong>dejar\u00e1 el teatro pol\u00edtico para irse a la casa de la risa a hacer otros teatros<\/strong>\u201d, manifest\u00f3.<\/p>\n\n\n\n<p>Fuente: https:\/\/www.infobae.com\/america\/mexico\/2021\/08\/26\/las-duras-criticas-de-chumel-lozano-y-victor-trujillo-a-olga-sanchez-cordero-tras-su-salida-de-segob\/<\/p>\n","protected":false},"excerpt":{"rendered":"<p>La titular de Gobernaci\u00f3n abandon\u00f3 su puesto en la dependencia federal para regresar al Senado, con miras a dirigir la [&hellip;]<\/p>\n","protected":false},"author":1,"featured_media":12190,"comment_status":"open","ping_status":"open","sticky":false,"template":"","format":"standard","meta":{"site-sidebar-layout":"default","site-content-layout":"","ast-site-content-layout":"default","site-content-style":"default","site-sidebar-style":"default","ast-global-header-display":"","ast-banner-title-visibility":"","ast-main-header-display":"","ast-hfb-above-header-display":"","ast-hfb-below-header-display":"","ast-hfb-mobile-header-display":"","site-post-title":"","ast-breadcrumbs-content":"","ast-featured-img":"","footer-sml-layout":"","theme-transparent-header-meta":"","adv-header-id-meta":"","stick-header-meta":"","header-above-stick-meta":"","header-main-stick-meta":"","header-below-stick-meta":"","astra-migrate-meta-layouts":"default","ast-page-background-enabled":"default","ast-page-background-meta":{"desktop":{"background-color":"var(--ast-global-color-4)","background-image":"","background-repeat":"repeat","background-position":"center center","background-size":"auto","background-attachment":"scroll","background-type":"","background-media":"","overlay-type":"","overlay-color":"","overlay-opacity":"","overlay-gradient":""},"tablet":{"background-color":"","background-image":"","background-repeat":"repeat","background-position":"center center","background-size":"auto","background-attachment":"scroll","background-type":"","background-media":"","overlay-type":"","overlay-color":"","overlay-opacity":"","overlay-gradient":""},"mobile":{"background-color":"","background-image":"","background-repeat":"repeat","background-position":"center center","background-size":"auto","background-attachment":"scroll","background-type":"","background-media":"","overlay-type":"","overlay-color":"","overlay-opacity":"","overlay-gradient":""}},"ast-content-background-meta":{"desktop":{"background-color":"var(--ast-global-color-5)","background-image":"","background-repeat":"repeat","background-position":"center center","background-size":"auto","background-attachment":"scroll","background-type":"","background-media":"","overlay-type":"","overlay-color":"","overlay-opacity":"","overlay-gradient":""},"tablet":{"background-color":"var(--ast-global-color-5)","background-image":"","background-repeat":"repeat","background-position":"center center","background-size":"auto","background-attachment":"scroll","background-type":"","background-media":"","overlay-type":"","overlay-color":"","overlay-opacity":"","overlay-gradient":""},"mobile":{"background-color":"var(--ast-global-color-5)","background-image":"","background-repeat":"repeat","background-position":"center center","background-size":"auto","background-attachment":"scroll","background-type":"","background-media":"","overlay-type":"","overlay-color":"","overlay-opacity":"","overlay-gradient":""}},"footnotes":""},"categories":[8],"tags":[3590,3354],"class_list":["post-12189","post","type-post","status-publish","format-standard","has-post-thumbnail","hentry","category-noticias","tag-adan-augusto-lopez-hernandez","tag-olga-sanchez-cordero"],"_links":{"self":[{"href":"https:\/\/losperiodistas.com.mx\/portal\/wp-json\/wp\/v2\/posts\/12189","targetHints":{"allow":["GET"]}}],"collection":[{"href":"https:\/\/losperiodistas.com.mx\/portal\/wp-json\/wp\/v2\/posts"}],"about":[{"href":"https:\/\/losperiodistas.com.mx\/portal\/wp-json\/wp\/v2\/types\/post"}],"author":[{"embeddable":true,"href":"https:\/\/losperiodistas.com.mx\/portal\/wp-json\/wp\/v2\/users\/1"}],"replies":[{"embeddable":true,"href":"https:\/\/losperiodistas.com.mx\/portal\/wp-json\/wp\/v2\/comments?post=12189"}],"version-history":[{"count":1,"href":"https:\/\/losperiodistas.com.mx\/portal\/wp-json\/wp\/v2\/posts\/12189\/revisions"}],"predecessor-version":[{"id":12191,"href":"https:\/\/losperiodistas.com.mx\/portal\/wp-json\/wp\/v2\/posts\/12189\/revisions\/12191"}],"wp:featuredmedia":[{"embeddable":true,"href":"https:\/\/losperiodistas.com.mx\/portal\/wp-json\/wp\/v2\/media\/12190"}],"wp:attachment":[{"href":"https:\/\/losperiodistas.com.mx\/portal\/wp-json\/wp\/v2\/media?parent=12189"}],"wp:term":[{"taxonomy":"category","embeddable":true,"href":"https:\/\/losperiodistas.com.mx\/portal\/wp-json\/wp\/v2\/categories?post=12189"},{"taxonomy":"post_tag","embeddable":true,"href":"https:\/\/losperiodistas.com.mx\/portal\/wp-json\/wp\/v2\/tags?post=12189"}],"curies":[{"name":"wp","href":"https:\/\/api.w.org\/{rel}","templated":true}]}}