{"id":12181,"date":"2021-08-26T10:15:43","date_gmt":"2021-08-26T15:15:43","guid":{"rendered":"http:\/\/losperiodistas.com.mx\/portal\/?p=12181"},"modified":"2021-08-26T10:15:44","modified_gmt":"2021-08-26T15:15:44","slug":"la-historia-de-los-talibanes-es-crucial-para-comprender-su-exito-ahora-y-tambien-lo-que-podria-suceder-a-continuacion-the-conversation","status":"publish","type":"post","link":"https:\/\/losperiodistas.com.mx\/portal\/la-historia-de-los-talibanes-es-crucial-para-comprender-su-exito-ahora-y-tambien-lo-que-podria-suceder-a-continuacion-the-conversation\/","title":{"rendered":"La historia de los talibanes es crucial para comprender su \u00e9xito ahora, y tambi\u00e9n lo que podr\u00eda suceder a continuaci\u00f3n | The Conversation"},"content":{"rendered":"\n<p style=\"font-size:18px\"><em>Los talibanes salieron a la luz durante la guerra civil de Afganist\u00e1n que sigui\u00f3 a la retirada sovi\u00e9tica de 1989<\/em><\/p>\n\n\n\n<p><\/p>\n\n\n\n<figure class=\"wp-block-image size-large\"><img fetchpriority=\"high\" decoding=\"async\" width=\"1024\" height=\"688\" src=\"https:\/\/losperiodistas.com.mx\/portal\/wp-content\/uploads\/2021\/08\/Captura-de-Pantalla-2021-08-26-a-las-9.45.29-1024x688.jpg\" alt=\"\" class=\"wp-image-12182\" srcset=\"https:\/\/losperiodistas.com.mx\/portal\/wp-content\/uploads\/2021\/08\/Captura-de-Pantalla-2021-08-26-a-las-9.45.29-1024x688.jpg 1024w, https:\/\/losperiodistas.com.mx\/portal\/wp-content\/uploads\/2021\/08\/Captura-de-Pantalla-2021-08-26-a-las-9.45.29-300x202.jpg 300w, https:\/\/losperiodistas.com.mx\/portal\/wp-content\/uploads\/2021\/08\/Captura-de-Pantalla-2021-08-26-a-las-9.45.29-768x516.jpg 768w, https:\/\/losperiodistas.com.mx\/portal\/wp-content\/uploads\/2021\/08\/Captura-de-Pantalla-2021-08-26-a-las-9.45.29-1536x1032.jpg 1536w, https:\/\/losperiodistas.com.mx\/portal\/wp-content\/uploads\/2021\/08\/Captura-de-Pantalla-2021-08-26-a-las-9.45.29.jpg 1852w\" sizes=\"(max-width: 1024px) 100vw, 1024px\" \/><figcaption><a href=\"https:\/\/www.gettyimages.com\/detail\/news-photo\/prob-taliban-fighter-atop-shell-littered-peak-nr-radical-news-photo\/50437123?adppopup=true\">Robert Nickelsberg \/ Getty Images<\/a><\/figcaption><\/figure>\n\n\n\n<p><\/p>\n\n\n\n<p class=\"has-vivid-cyan-blue-color has-text-color has-medium-font-size\">ALI A. OLOMI \/ THE CONVERSATION<\/p>\n\n\n\n<p><em>La r\u00e1pida toma de Afganist\u00e1n por los talibanes dej\u00f3 a muchos sorprendidos.&nbsp;Para Ali Olomi,&nbsp;<a href=\"https:\/\/www.abington.psu.edu\/person\/dr-ali-olomi\">historiador de Oriente Medio e Islam<\/a>&nbsp;en la Penn State University, una clave para comprender lo que est\u00e1 sucediendo ahora, y lo que podr\u00eda suceder a continuaci\u00f3n, es mirar el pasado y c\u00f3mo los talibanes cobraron prominencia.&nbsp;A continuaci\u00f3n se muestra una versi\u00f3n editada de&nbsp;<a href=\"https:\/\/theconversation.com\/the-origins-of-the-taliban-podcast-166699\">una conversaci\u00f3n que tuvo con la editora Gemma Ware<\/a>&nbsp;para nuestro podcast, The Conversation Weekly.<\/em><\/p>\n\n\n\n<h2 class=\"wp-block-heading\">\u00bfHasta d\u00f3nde se remonta a los or\u00edgenes de los talibanes?<\/h2>\n\n\n\n<p>Si bien los talibanes&nbsp;<a href=\"https:\/\/doi.org\/10.2307\/j.ctvk12qf0\">surgieron como una fuerza en la <\/a>&nbsp;<a href=\"https:\/\/www.npr.org\/2021\/08\/19\/1028472005\/afghanistan-conflict-timeline\">guerra civil afgana de <\/a><a href=\"https:\/\/doi.org\/10.2307\/j.ctvk12qf0\">la d\u00e9cada de 1990<\/a>&nbsp;, hay que remontarse a la&nbsp;<a href=\"https:\/\/adst.org\/2016\/04\/the-saur-revolution-prelude-to-the-soviet-invasion-of-afghanistan\/\">Revoluci\u00f3n Saur de 1978<\/a>&nbsp;para comprender realmente al grupo y lo que est\u00e1n tratando de lograr.<\/p>\n\n\n\n<figure class=\"wp-block-image\"><img decoding=\"async\" src=\"https:\/\/images.theconversation.com\/files\/417805\/original\/file-20210825-15-ydfpam.jpg?ixlib=rb-1.1.0&amp;q=45&amp;auto=format&amp;w=237&amp;fit=clip\" alt=\"Un grupo de combatientes sostiene sus armas en alto.\"\/><figcaption>Los revolucionarios afganos levantan sus armas durante la Revoluci\u00f3n Saur.&nbsp;<a href=\"https:\/\/www.gettyimages.com\/detail\/news-photo\/kabul-democratic-republic-of-afghanistan-workers-of-kabul-news-photo\/522609532?adppopup=true\">TASS a trav\u00e9s de Getty Images<\/a><\/figcaption><\/figure>\n\n\n\n<p>La Revoluci\u00f3n Saur fue un punto de inflexi\u00f3n en la historia de Afganist\u00e1n.&nbsp;A mediados de la d\u00e9cada de 1970, Afganist\u00e1n se hab\u00eda estado&nbsp;<a href=\"https:\/\/www.theatlantic.com\/photo\/2013\/07\/afghanistan-in-the-1950s-and-60s\/100544\/\">modernizando durante d\u00e9cadas<\/a>&nbsp;.&nbsp;Los dos pa\u00edses que estaban m\u00e1s ansiosos por involucrarse en la construcci\u00f3n de infraestructura afgana eran Estados Unidos y la Uni\u00f3n Sovi\u00e9tica, que esperaban tener un punto de apoyo en Afganist\u00e1n para ejercer poder sobre el centro y sur de Asia.&nbsp;Como resultado de la&nbsp;<a href=\"https:\/\/www.brookings.edu\/wp-content\/uploads\/2016\/07\/Chapter-1-3.pdf\">afluencia de ayuda extranjera<\/a>&nbsp;, el gobierno afgano se convirti\u00f3 en el principal empleador del pa\u00eds, y eso condujo a una corrupci\u00f3n end\u00e9mica, preparando el escenario para la revoluci\u00f3n.<\/p>\n\n\n\n<p>En ese momento, diferentes ideolog\u00edas luchaban por el predominio en la naci\u00f3n.&nbsp;En un extremo estaba un grupo de activistas, periodistas, profesores y comandantes militares principalmente j\u00f3venes influenciados por el marxismo.&nbsp;En el otro extremo, estaban comenzando a surgir islamistas que quer\u00edan establecer una especie de estado isl\u00e1mico al estilo de los Hermanos Musulmanes.<\/p>\n\n\n\n<p>Daud Khan, el entonces presidente de Afganist\u00e1n, originalmente se ali\u00f3 con los j\u00f3venes comandantes militares.&nbsp;Pero preocupado por la amenaza de un golpe revolucionario, comenz\u00f3 a reprimir a ciertos grupos.&nbsp;En abril de 1978,&nbsp;<a href=\"https:\/\/www.history.com\/this-day-in-history\/afghan-president-is-overthrown-and-murdered\">un golpe derroc\u00f3 a Khan<\/a>&nbsp;.&nbsp;Esto llev\u00f3 al establecimiento de la Rep\u00fablica Popular de Afganist\u00e1n, encabezada por un gobierno marxista-leninista.<\/p>\n\n\n\n<h2 class=\"wp-block-heading\">\u00bfC\u00f3mo ayud\u00f3 un gobierno de izquierda a fermentar a los talibanes?<\/h2>\n\n\n\n<p>Despu\u00e9s de una purga inicial de los miembros gobernantes del Partido Comunista, el nuevo gobierno se inclin\u00f3 hacia la represi\u00f3n de los islamistas y otros grupos de oposici\u00f3n, lo que dio lugar a un naciente movimiento de resistencia.<\/p>\n\n\n\n<p>Estados Unidos vio esto como una oportunidad y&nbsp;<a href=\"https:\/\/www.washingtonpost.com\/outlook\/2019\/01\/07\/history-trump-cia-was-arming-afghan-rebels-before-soviets-invaded\/\">comenz\u00f3 a canalizar dinero a los servicios de inteligencia de Pakist\u00e1n<\/a>&nbsp;, que estaban aliados con los islamistas en Afganist\u00e1n.<\/p>\n\n\n\n<p>Al principio, Estados Unidos canaliz\u00f3 solo fondos limitados y solo dio gestos simb\u00f3licos de apoyo.&nbsp;Pero termin\u00f3 ali\u00e1ndose con un grupo islamista que formaba parte del creciente movimiento de resistencia conocido como los muyahidines, que era una coalici\u00f3n laxa m\u00e1s que un grupo unificado.&nbsp;Junto a las facciones islamistas, hab\u00eda grupos liderados por izquierdistas purgados por el gobierno gobernante.&nbsp;Lo \u00fanico que todos ten\u00edan en com\u00fan era la oposici\u00f3n al gobierno cada vez m\u00e1s opresivo.<\/p>\n\n\n\n<figure class=\"wp-block-image\"><img decoding=\"async\" src=\"https:\/\/images.theconversation.com\/files\/417808\/original\/file-20210825-23-vit9gp.jpg?ixlib=rb-1.1.0&amp;q=45&amp;auto=format&amp;w=754&amp;fit=clip\" alt=\"Un grupo de combatientes muyahidines descansa sobre una monta\u00f1a.\"\/><figcaption>Combatientes muyahidines en las monta\u00f1as de la provincia de Kunar en mayo de 1980.&nbsp;<a href=\"https:\/\/newsroom.ap.org\/detail\/AFGHANMUJAHEDEENREBELS\/19d78f7105f2da11af9f0014c2589dfb\/photo?Query=Afghan%20Soviet%20War&amp;mediaType=photo&amp;sortBy=arrivaldatetime:desc&amp;dateRange=Anytime&amp;totalCount=328&amp;currentItemNo=326\">AP Photo<\/a><\/figcaption><\/figure>\n\n\n\n<p>Esta oposici\u00f3n se intensific\u00f3 en 1979, cuando el entonces l\u00edder afgano&nbsp;<a href=\"https:\/\/www.nytimes.com\/1979\/09\/19\/archives\/exafghan-leader-is-reported-killed-a-pakistani-broadcast-says.html\">Nur Mohammad Taraki fue asesinado<\/a>&nbsp;por su segundo al mando, Hafizullah Amin, quien asumi\u00f3 el poder y result\u00f3 ser un l\u00edder salvajemente represivo.&nbsp;Los&nbsp;<a href=\"https:\/\/www.nytimes.com\/2019\/01\/29\/us\/politics\/afghanistan-trump-soviet-union.html\">temores<\/a>&nbsp;sovi\u00e9ticos&nbsp;<a href=\"https:\/\/www.nytimes.com\/2019\/01\/29\/us\/politics\/afghanistan-trump-soviet-union.html\">de que Estados Unidos capitalizara la creciente inestabilidad<\/a>&nbsp;contribuyeron a la invasi\u00f3n de la Uni\u00f3n Sovi\u00e9tica en 1979. Esto result\u00f3 en que&nbsp;<a href=\"https:\/\/www.washingtonpost.com\/outlook\/2019\/01\/07\/history-trump-cia-was-arming-afghan-rebels-before-soviets-invaded\/\">Estados Unidos canalizara m\u00e1s dinero a los muyahidines<\/a>&nbsp;, que ahora estaban luchando contra un enemigo extranjero en su tierra.<\/p>\n\n\n\n<h2 class=\"wp-block-heading\">\u00bfY los talibanes surgieron de este movimiento de resistencia?<\/h2>\n\n\n\n<p>Los muyahidines libraron una guerra de guerrillas contra las fuerzas sovi\u00e9ticas durante varios a\u00f1os, hasta agotar militar y pol\u00edticamente a los invasores.&nbsp;Eso y la presi\u00f3n internacional llevaron a la Uni\u00f3n Sovi\u00e9tica a la mesa de negociaciones.<\/p>\n\n\n\n<p>Despu\u00e9s de la&nbsp;<a href=\"https:\/\/nsarchive.gwu.edu\/briefing-book\/afghanistan-russia-programs\/2019-02-27\/soviet-withdrawal-afghanistan-1989\">retirada sovi\u00e9tica de Afganist\u00e1n en 1989<\/a>&nbsp;, rein\u00f3 el caos.&nbsp;En tres a\u00f1os, el nuevo gobierno se derrumb\u00f3 y los antiguos comandantes muyahidines se convirtieron en se\u00f1ores de la guerra, con diferentes facciones en diferentes regiones, cada vez m\u00e1s enfrent\u00e1ndose entre s\u00ed.<\/p>\n\n\n\n<p>En medio de este caos, un ex comandante muyahid\u00edn islamista,&nbsp;<a href=\"https:\/\/apnews.com\/article\/de3dcdff7ba34d4b8c0f25993daee804\">Mullah Mohammad Omar<\/a>&nbsp;, mir\u00f3 a Pakist\u00e1n, donde una generaci\u00f3n de j\u00f3venes afganos hab\u00eda crecido en campos de refugiados, yendo a varias madrazas donde fueron entrenados en una marca de ideolog\u00eda isl\u00e1mica estricta, conocida como&nbsp;<a href=\"https:\/\/theconversation.com\/talibans-religious-ideology-deobandi-islam-has-roots-in-colonial-india-166323\">Deobandi.<\/a>&nbsp;.<\/p>\n\n\n\n<figure class=\"wp-block-image\"><img decoding=\"async\" src=\"https:\/\/images.theconversation.com\/files\/417806\/original\/file-20210825-25-q7x4wz.jpg?ixlib=rb-1.1.0&amp;q=45&amp;auto=format&amp;w=237&amp;fit=clip\" alt=\"Una imagen granulada del exl\u00edder talib\u00e1n Mullah Omar\"\/><figcaption>Mullah Omar, fundador de los talibanes.&nbsp;<a href=\"https:\/\/www.gettyimages.com\/detail\/news-photo\/mullah-omar-chief-of-the-taliban-is-shown-in-this-headshot-news-photo\/1168032?adppopup=true\">im\u00e1genes falsas<\/a><\/figcaption><\/figure>\n\n\n\n<p>De estos campos obtuvo apoyo para los que se convirtieron en los talibanes:&nbsp;<a href=\"https:\/\/inews.co.uk\/news\/world\/taliban-meaning-what-mean-english-name-how-started-afghanistan-explained-1156589\">\u00abtalib\u00e1n\u00bb significa estudiantes<\/a>&nbsp;.&nbsp;La mayor parte de los miembros del Talib\u00e1n no son muyahidines;&nbsp;son la pr\u00f3xima generaci\u00f3n, y de hecho terminaron luchando contra los muyahidines.<\/p>\n\n\n\n<p>Los talibanes siguieron atrayendo a miembros de los campos de refugiados hasta la d\u00e9cada de 1990.&nbsp;Mullah Omar, de un basti\u00f3n en Kandahar, poco a poco se apoder\u00f3 de m\u00e1s tierras en Afganist\u00e1n hasta que los&nbsp;<a href=\"https:\/\/www.dni.gov\/nctc\/groups\/afghan_taliban.html\">talibanes conquistaron Kabul en 1996<\/a>&nbsp;y establecieron el Emirato Isl\u00e1mico de Afganist\u00e1n.&nbsp;Pero nunca tomaron el control total de todo Afganist\u00e1n: el norte permaneci\u00f3 en manos de otros grupos.<\/p>\n\n\n\n<p>[&nbsp;<em>3 medios de comunicaci\u00f3n, 1 bolet\u00edn de religi\u00f3n.&nbsp;<\/em><a href=\"https:\/\/theconversation.com\/us\/newsletters\/this-week-in-religion-76\/?utm_source=TCUS&amp;utm_medium=inline-link&amp;utm_campaign=newsletter-text&amp;utm_content=religion-3-in-1\">Obtenga historias de The Conversation, AP y RNS. <\/a>]<\/p>\n\n\n\n<h2 class=\"wp-block-heading\">\u00bfQu\u00e9 se escondi\u00f3 detr\u00e1s del \u00e9xito de los talibanes en la d\u00e9cada de 1990?<\/h2>\n\n\n\n<p>Una de las claves del \u00e9xito de los talibanes fue que ofrecieron una alternativa.&nbsp;Dijeron: \u201cMiren, los muyahidines lucharon heroicamente para liberar su pa\u00eds, pero ahora lo han convertido en una zona de guerra.&nbsp;Ofrecemos seguridad, acabaremos con el tr\u00e1fico de drogas, acabaremos con el tr\u00e1fico de personas.&nbsp;Terminaremos con la corrupci\u00f3n \u00ab.<\/p>\n\n\n\n<p>Lo que la gente olvida es que los talibanes fueron vistos como un alivio bienvenido para algunos aldeanos afganos.&nbsp;El mensaje inicial de seguridad y estabilidad de los talibanes fue una alternativa al caos.&nbsp;Y pas\u00f3 un a\u00f1o antes de que&nbsp;<a href=\"https:\/\/apnews.com\/article\/afghanistan-taliban-kabul-1d4b052ccef113adc8dc94f965ff23c7\">comenzaran a instituir medidas represivas<\/a>&nbsp;como restricciones a las mujeres y la prohibici\u00f3n de la m\u00fasica.<\/p>\n\n\n\n<p>La otra cosa que consolid\u00f3 su posici\u00f3n en la d\u00e9cada de 1990 fue que&nbsp;<a href=\"https:\/\/carnegieendowment.org\/files\/taliban_winning_strategy.pdf\">reclutaron a gente local<\/a>&nbsp;, a veces mediante la fuerza o el soborno.&nbsp;En cada aldea en la que entraron, los talibanes se sumaron a la poblaci\u00f3n local.&nbsp;Realmente era una red descentralizada.&nbsp;El mul\u00e1 Omar era aparentemente su l\u00edder, pero&nbsp;<a href=\"https:\/\/carnegieendowment.org\/files\/taliban_winning_strategy.pdf\">confiaba en los comandantes locales<\/a>&nbsp;que&nbsp;<a href=\"https:\/\/carnegieendowment.org\/files\/taliban_winning_strategy.pdf\">recurr\u00edan<\/a>&nbsp;a otras facciones alineadas con su ideolog\u00eda, como la&nbsp;<a href=\"https:\/\/web.stanford.edu\/group\/mappingmilitants\/cgi-bin\/groups\/print_view\/363\">red Haqqani<\/a>&nbsp;, un grupo islamista familiar que se volvi\u00f3 crucial para los talibanes en la d\u00e9cada de 2000, cuando se convirti\u00f3 en el de brazo diplom\u00e1tico de facto de los talibanes aprovechando viejas alianzas tribales para convencer a m\u00e1s personas de que se unan a la causa.<\/p>\n\n\n\n<h2 class=\"wp-block-heading\">\u00bfCu\u00e1n crucial es esta historia para comprender lo que est\u00e1 sucediendo ahora?<\/h2>\n\n\n\n<p>La comprensi\u00f3n de lo que estaba sucediendo en la Revoluci\u00f3n Saur, o c\u00f3mo condujo al caos de la d\u00e9cada de 1990 y al surgimiento de los talibanes, es crucial para hoy.<\/p>\n\n\n\n<p>Muchos se sorprendieron por la&nbsp;<a href=\"https:\/\/www.newsweek.com\/timeline-talibans-lightning-fast-takeover-afghanistan-1619740\">r\u00e1pida toma de Afganist\u00e1n<\/a>&nbsp;por parte de los talibanes despu\u00e9s de que el presidente Biden anunciara la retirada de las tropas estadounidenses.&nbsp;Pero si observa c\u00f3mo los talibanes llegaron a ser una fuerza en la d\u00e9cada de 1990, se dar\u00e1 cuenta de que ahora est\u00e1n haciendo lo mismo.&nbsp;Les dicen a los afganos: \u00abMiren la corrupci\u00f3n, miren la violencia, miren los drones que caen de los aviones estadounidenses\u00bb.&nbsp;Y nuevamente, los talibanes est\u00e1n ofreciendo lo que dicen que es una alternativa basada en la estabilidad y la seguridad, tal como lo hicieron en la d\u00e9cada de 1990.&nbsp;Y nuevamente est\u00e1n aprovechando el localismo como estrategia.<\/p>\n\n\n\n<p>Cuando comprenda la historia de los talibanes, podr\u00e1 reconocer estos patrones y lo que podr\u00eda suceder a continuaci\u00f3n.&nbsp;Por el momento, los talibanes le est\u00e1n diciendo al mundo que permitir\u00e1n que las mujeres tengan educaci\u00f3n y derechos.&nbsp;Dijeron exactamente lo mismo en la d\u00e9cada de 1990.&nbsp;Pero como en la d\u00e9cada de 1990, sus promesas siempre tienen calificativos.&nbsp;La \u00faltima vez que estuvieron en el poder, esas promesas fueron reemplazadas por una opresi\u00f3n brutal.<\/p>\n\n\n\n<p>La historia no es solo un conjunto de fechas o hechos.\u00a0Es una lente de an\u00e1lisis que puede ayudarnos a comprender el presente y lo que suceder\u00e1 a continuaci\u00f3n.<\/p>\n\n\n\n<p><a href=\"https:\/\/theconversation.com\/profiles\/ali-a-olomi-1263471\">Ali A. Olomi<\/a> Profesor asistente de historia, Penn State<\/p>\n\n\n\n<p>Fuente: https:\/\/theconversation.com\/the-history-of-the-taliban-is-crucial-in-understanding-their-success-now-and-also-what-might-happen-next-166630<\/p>\n","protected":false},"excerpt":{"rendered":"<p>Los talibanes salieron a la luz durante la guerra civil de Afganist\u00e1n que sigui\u00f3 a la retirada sovi\u00e9tica de 1989 [&hellip;]<\/p>\n","protected":false},"author":1,"featured_media":12182,"comment_status":"open","ping_status":"open","sticky":false,"template":"","format":"standard","meta":{"site-sidebar-layout":"default","site-content-layout":"","ast-site-content-layout":"default","site-content-style":"default","site-sidebar-style":"default","ast-global-header-display":"","ast-banner-title-visibility":"","ast-main-header-display":"","ast-hfb-above-header-display":"","ast-hfb-below-header-display":"","ast-hfb-mobile-header-display":"","site-post-title":"","ast-breadcrumbs-content":"","ast-featured-img":"","footer-sml-layout":"","theme-transparent-header-meta":"","adv-header-id-meta":"","stick-header-meta":"","header-above-stick-meta":"","header-main-stick-meta":"","header-below-stick-meta":"","astra-migrate-meta-layouts":"default","ast-page-background-enabled":"default","ast-page-background-meta":{"desktop":{"background-color":"var(--ast-global-color-4)","background-image":"","background-repeat":"repeat","background-position":"center center","background-size":"auto","background-attachment":"scroll","background-type":"","background-media":"","overlay-type":"","overlay-color":"","overlay-opacity":"","overlay-gradient":""},"tablet":{"background-color":"","background-image":"","background-repeat":"repeat","background-position":"center center","background-size":"auto","background-attachment":"scroll","background-type":"","background-media":"","overlay-type":"","overlay-color":"","overlay-opacity":"","overlay-gradient":""},"mobile":{"background-color":"","background-image":"","background-repeat":"repeat","background-position":"center center","background-size":"auto","background-attachment":"scroll","background-type":"","background-media":"","overlay-type":"","overlay-color":"","overlay-opacity":"","overlay-gradient":""}},"ast-content-background-meta":{"desktop":{"background-color":"var(--ast-global-color-5)","background-image":"","background-repeat":"repeat","background-position":"center center","background-size":"auto","background-attachment":"scroll","background-type":"","background-media":"","overlay-type":"","overlay-color":"","overlay-opacity":"","overlay-gradient":""},"tablet":{"background-color":"var(--ast-global-color-5)","background-image":"","background-repeat":"repeat","background-position":"center center","background-size":"auto","background-attachment":"scroll","background-type":"","background-media":"","overlay-type":"","overlay-color":"","overlay-opacity":"","overlay-gradient":""},"mobile":{"background-color":"var(--ast-global-color-5)","background-image":"","background-repeat":"repeat","background-position":"center center","background-size":"auto","background-attachment":"scroll","background-type":"","background-media":"","overlay-type":"","overlay-color":"","overlay-opacity":"","overlay-gradient":""}},"footnotes":""},"categories":[8],"tags":[3583,3586,3585],"class_list":["post-12181","post","type-post","status-publish","format-standard","has-post-thumbnail","hentry","category-noticias","tag-ali-olomi","tag-revolucion-saur","tag-talibanes-historia"],"_links":{"self":[{"href":"https:\/\/losperiodistas.com.mx\/portal\/wp-json\/wp\/v2\/posts\/12181","targetHints":{"allow":["GET"]}}],"collection":[{"href":"https:\/\/losperiodistas.com.mx\/portal\/wp-json\/wp\/v2\/posts"}],"about":[{"href":"https:\/\/losperiodistas.com.mx\/portal\/wp-json\/wp\/v2\/types\/post"}],"author":[{"embeddable":true,"href":"https:\/\/losperiodistas.com.mx\/portal\/wp-json\/wp\/v2\/users\/1"}],"replies":[{"embeddable":true,"href":"https:\/\/losperiodistas.com.mx\/portal\/wp-json\/wp\/v2\/comments?post=12181"}],"version-history":[{"count":1,"href":"https:\/\/losperiodistas.com.mx\/portal\/wp-json\/wp\/v2\/posts\/12181\/revisions"}],"predecessor-version":[{"id":12183,"href":"https:\/\/losperiodistas.com.mx\/portal\/wp-json\/wp\/v2\/posts\/12181\/revisions\/12183"}],"wp:featuredmedia":[{"embeddable":true,"href":"https:\/\/losperiodistas.com.mx\/portal\/wp-json\/wp\/v2\/media\/12182"}],"wp:attachment":[{"href":"https:\/\/losperiodistas.com.mx\/portal\/wp-json\/wp\/v2\/media?parent=12181"}],"wp:term":[{"taxonomy":"category","embeddable":true,"href":"https:\/\/losperiodistas.com.mx\/portal\/wp-json\/wp\/v2\/categories?post=12181"},{"taxonomy":"post_tag","embeddable":true,"href":"https:\/\/losperiodistas.com.mx\/portal\/wp-json\/wp\/v2\/tags?post=12181"}],"curies":[{"name":"wp","href":"https:\/\/api.w.org\/{rel}","templated":true}]}}